{"id":9996,"date":"2015-09-01T18:36:08","date_gmt":"2015-09-01T21:36:08","guid":{"rendered":"http:\/\/obispadodezaratecampana.org\/?p=9996"},"modified":"2015-09-01T18:36:08","modified_gmt":"2015-09-01T21:36:08","slug":"1-de-septiembre-jornada-mundial-de-oracion-por-la-creacion","status":"publish","type":"post","link":"https:\/\/obispadodezaratecampana.org\/?p=9996","title":{"rendered":"1 de septiembre: Jornada Mundial de Oraci\u00f3n por la Creaci\u00f3n"},"content":{"rendered":"<p><img fetchpriority=\"high\" decoding=\"async\" class=\" wp-image-9997 aligncenter\" src=\"http:\/\/obispadodezaratecampana.org\/wp-content\/uploads\/2015\/09\/10329050_1010823185634699_7052084905561545423_n-300x155.jpg\" alt=\"10329050_1010823185634699_7052084905561545423_n\" width=\"370\" height=\"175\" \/><\/p>\n<p>El Papa Francisco presidi\u00f3 una liturgia de la Palabra con motivo de la primera Jornada Mundial de Oraci\u00f3n por el cuidado de la Creaci\u00f3n.<\/p>\n<p>Se leyeron varios pasajes de la Biblia, desde la narraci\u00f3n de la Creaci\u00f3n del G\u00e9nesis hasta salmos de alabanza y fragmentos de la enc\u00edclica Alabado seas. Tambi\u00e9n se proclam\u00f3 el Evangelio.<\/p>\n<p>El predicador de la Casa Pontificia, el padre Raniero Cantalamessa, pronunci\u00f3 una homil\u00eda en la que record\u00f3 que la Creaci\u00f3n es un regalo de Dios del que todos los seres humanos han de responsabilizarse.<\/p>\n<p>P. RANIERO CANTALAMESSA<\/p>\n<p>Predicador de la Casa Pontificia<br \/>\n&#8220;El hombre no es el due\u00f1o absoluto de las dem\u00e1s criaturas. Tiene que darse cuenta de todo lo que ha recibido. La par\u00e1bola de los talentos encuentra aqu\u00ed su aplicaci\u00f3n primordial: La tierra es el talento que todos juntos hemos recibido y nos tenemos que dar cuenta\u201d.<\/p>\n<p>Tambi\u00e9n explic\u00f3 que el cuidado de la naturaleza, como dice el Papa, debe comenzar por un cambio de actitud personal.<\/p>\n<p>P. RANIERO CANTALAMESSA<\/p>\n<p>Predicador de la Casa Pontificia<br \/>\n&#8220;\u00bfQu\u00e9 sentido tiene, por ejemplo, condenar a los que contaminan la atm\u00f3sfera, los oc\u00e9anos o los bosques si yo no dudo en tirar al r\u00edo o al mar una bolsa de pl\u00e1stico que permanecer\u00e1 all\u00ed durante siglos?\u201d<\/p>\n<p>El Papa estableci\u00f3 esta Jornada el pasado 10 de agosto y se celebra en la misma fecha en la que lo hace la Iglesia ortodoxa. Francisco espera que sirva para recordar que el cuidado de la Creaci\u00f3n no es un aspecto secundario de la vida cristiana.<\/p>\n<p>Ver video:\u00a0<a title=\"creacion\" href=\"https:\/\/www.youtube.com\/watch?v=Qdpnu5qWVlk\" target=\"_blank\">https:\/\/www.youtube.com\/watch?v=Qdpnu5qWVlk<\/a><\/p>\n<p>Fuente: Rome Reports<\/p>\n<!-- AddThis Advanced Settings generic via filter on the_content --><!-- AddThis Share Buttons generic via filter on the_content -->","protected":false},"excerpt":{"rendered":"<p>El Papa Francisco presidi\u00f3 una liturgia de la Palabra con motivo de la primera Jornada Mundial de Oraci\u00f3n por el cuidado de la Creaci\u00f3n. Se [&hellip;]<!-- AddThis Advanced Settings generic via filter on get_the_excerpt --><!-- AddThis Share Buttons generic via filter on get_the_excerpt --><\/p>\n","protected":false},"author":2,"featured_media":9997,"comment_status":"open","ping_status":"open","sticky":false,"template":"","format":"standard","meta":{"footnotes":""},"categories":[161],"tags":[],"class_list":["post-9996","post","type-post","status-publish","format-standard","has-post-thumbnail","hentry","category-el-papa-leonxiv"],"_links":{"self":[{"href":"https:\/\/obispadodezaratecampana.org\/index.php?rest_route=\/wp\/v2\/posts\/9996","targetHints":{"allow":["GET"]}}],"collection":[{"href":"https:\/\/obispadodezaratecampana.org\/index.php?rest_route=\/wp\/v2\/posts"}],"about":[{"href":"https:\/\/obispadodezaratecampana.org\/index.php?rest_route=\/wp\/v2\/types\/post"}],"author":[{"embeddable":true,"href":"https:\/\/obispadodezaratecampana.org\/index.php?rest_route=\/wp\/v2\/users\/2"}],"replies":[{"embeddable":true,"href":"https:\/\/obispadodezaratecampana.org\/index.php?rest_route=%2Fwp%2Fv2%2Fcomments&post=9996"}],"version-history":[{"count":1,"href":"https:\/\/obispadodezaratecampana.org\/index.php?rest_route=\/wp\/v2\/posts\/9996\/revisions"}],"predecessor-version":[{"id":9998,"href":"https:\/\/obispadodezaratecampana.org\/index.php?rest_route=\/wp\/v2\/posts\/9996\/revisions\/9998"}],"wp:featuredmedia":[{"embeddable":true,"href":"https:\/\/obispadodezaratecampana.org\/index.php?rest_route=\/wp\/v2\/media\/9997"}],"wp:attachment":[{"href":"https:\/\/obispadodezaratecampana.org\/index.php?rest_route=%2Fwp%2Fv2%2Fmedia&parent=9996"}],"wp:term":[{"taxonomy":"category","embeddable":true,"href":"https:\/\/obispadodezaratecampana.org\/index.php?rest_route=%2Fwp%2Fv2%2Fcategories&post=9996"},{"taxonomy":"post_tag","embeddable":true,"href":"https:\/\/obispadodezaratecampana.org\/index.php?rest_route=%2Fwp%2Fv2%2Ftags&post=9996"}],"curies":[{"name":"wp","href":"https:\/\/api.w.org\/{rel}","templated":true}]}}