{"id":9905,"date":"2015-08-25T19:04:43","date_gmt":"2015-08-25T22:04:43","guid":{"rendered":"http:\/\/obispadodezaratecampana.org\/?p=9905"},"modified":"2015-09-12T11:32:57","modified_gmt":"2015-09-12T14:32:57","slug":"encuentro-diocesano-de-catequesis-2015","status":"publish","type":"post","link":"https:\/\/obispadodezaratecampana.org\/?p=9905","title":{"rendered":"&#8211; Encuentro Diocesano de Catequesis 2015 &#8211;"},"content":{"rendered":"<p>Agradecemos a AICA la nota sobre nuestro Encuentro Diocesano de Catequistas. A continuaci\u00f3n la replicamos y luego encontrar\u00e1n algunos datos adicionales aportados por nosotros.<\/p>\n<p><img fetchpriority=\"high\" decoding=\"async\" class=\"size-medium wp-image-10021 aligncenter\" src=\"http:\/\/obispadodezaratecampana.org\/wp-content\/uploads\/2015\/08\/afiche-300x207.jpg\" alt=\"afiche\" width=\"300\" height=\"207\" srcset=\"https:\/\/obispadodezaratecampana.org\/wp-content\/uploads\/2015\/08\/afiche-300x207.jpg 300w, https:\/\/obispadodezaratecampana.org\/wp-content\/uploads\/2015\/08\/afiche.jpg 960w\" sizes=\"(max-width: 300px) 100vw, 300px\" \/><\/p>\n<p><em>M\u00e1s de 700 formadores de la fe de parroquias, capillas y colegios de la di\u00f3cesis de Z\u00e1rate-Campana participaron del Encuentro Diocesano de Catequesis (Endica 2015), que se llev\u00f3 a cabo el 22 de agosto en la Escuela Nacional de Educaci\u00f3n T\u00e9cnica (Enet) 1, de la ciudad de Z\u00e1rate. Organizado por la Junta Diocesana de Catequesis, llev\u00f3 por lema \u201cLa Palabra de Dios es viva y eficaz\u201d y por sublema: \u201cLa Sagrada Escritura, alma de la evangelizaci\u00f3n.<\/em><\/p>\n<p>M\u00e1s de 700 formadores de la fe de parroquias, capillas y colegios de la di\u00f3cesis de Z\u00e1rate-Campana participaron del Encuentro Diocesano de Catequesis (Endica 2015), que se llev\u00f3 a cabo el 22 de agosto en la Escuela Nacional de Educaci\u00f3n T\u00e9cnica (Enet) 1, de la ciudad de Z\u00e1rate.<\/p>\n<p>Organizado por la Junta Diocesana de Catequesis, llev\u00f3 por lema \u201cLa Palabra de Dios es viva y eficaz\u201d y por sublema: \u201cLa Sagrada Escritura, alma de la evangelizaci\u00f3n.<\/p>\n<p>La misa para celebrar el D\u00eda del Catequista fue presidida por el obispo de Z\u00e1rate-Campana, monse\u00f1or Oscar Sarlinga, quien llam\u00f3 a tener la capacidad de ser \u201ccomo ni\u00f1os ante nuestro Dios\u201d.<\/p>\n<p>La exposici\u00f3n principal sobre \u201cLa Sagrada Escritura al servicio de la evangelizaci\u00f3n\u201d estuvo a cargo del presb\u00edtero Dami\u00e1n Nannini, para que luego los catequistas reflexionaran en grupo.+<\/p>\n<p><strong>Videos del Encuentro:<\/strong><\/p>\n<p>Homil\u00eda:<\/p>\n<p><a title=\"oscar- endica\" href=\"https:\/\/www.youtube.com\/watch?v=fW0Qj6olrBU\" target=\"_blank\">https:\/\/www.youtube.com\/watch?v=fW0Qj6olrBU\u00a0<\/a><\/p>\n<p><a title=\"Homilia Oscar\" href=\"https:\/\/www.youtube.com\/watch?v=EQ4Xk7Lrp9U\" target=\"_blank\">https:\/\/www.youtube.com\/watch?v=EQ4Xk7Lrp9U<\/a><\/p>\n<p>Consagraci\u00f3n:<\/p>\n<p><a title=\"consagracion\" href=\"https:\/\/www.facebook.com\/obispadozc\/videos\/1634857076800134\/?pnref=story\" target=\"_blank\">https:\/\/www.facebook.com\/obispadozc\/videos\/1634857076800134\/?pnref=story<\/a><\/p>\n<p>Canci\u00f3n durante la misa:<\/p>\n<p><a title=\"canci\u00f3n\" href=\"https:\/\/www.youtube.com\/watch?v=o_rnKZk4ns4\" target=\"_blank\">https:\/\/www.youtube.com\/watch?v=o_rnKZk4ns4<\/a><\/p>\n<p><strong>Detalles de la Jornada\u00a0<\/strong><\/p>\n<p>Por la ma\u00f1ana antes de la exposici\u00f3n principal acerca de las Sagradas Escrituras, la comunidad de Catequistas presentes comparti\u00f3 un momento de oraci\u00f3n, el cual estuvo acompa\u00f1ado por la representaci\u00f3n teatral y musical de miembros de la comunidad de la Parroquia Nuestra Sra. del Carmen de Z\u00e1rate.<\/p>\n<p>En este video pueden apreciar un fragmento de lo que mencionamos:\u00a0<a title=\"endica xv\" href=\"https:\/\/www.youtube.com\/watch?v=JG1FrX96hic\" target=\"_blank\">https:\/\/www.youtube.com\/watch?v=JG1FrX96hic<\/a><\/p>\n<p><img decoding=\"async\" class=\"size-medium wp-image-10056 aligncenter\" src=\"http:\/\/obispadodezaratecampana.org\/wp-content\/uploads\/2015\/08\/11892069_1634470606838781_2530308421726946073_n-300x200.jpg\" alt=\"11892069_1634470606838781_2530308421726946073_n\" width=\"300\" height=\"200\" srcset=\"https:\/\/obispadodezaratecampana.org\/wp-content\/uploads\/2015\/08\/11892069_1634470606838781_2530308421726946073_n-300x200.jpg 300w, https:\/\/obispadodezaratecampana.org\/wp-content\/uploads\/2015\/08\/11892069_1634470606838781_2530308421726946073_n.jpg 960w\" sizes=\"(max-width: 300px) 100vw, 300px\" \/><\/p>\n<p><img decoding=\"async\" class=\"size-medium wp-image-10057 aligncenter\" src=\"http:\/\/obispadodezaratecampana.org\/wp-content\/uploads\/2015\/08\/11951349_1634470896838752_629486699981068001_n-300x200.jpg\" alt=\"11951349_1634470896838752_629486699981068001_n\" width=\"300\" height=\"200\" srcset=\"https:\/\/obispadodezaratecampana.org\/wp-content\/uploads\/2015\/08\/11951349_1634470896838752_629486699981068001_n-300x200.jpg 300w, https:\/\/obispadodezaratecampana.org\/wp-content\/uploads\/2015\/08\/11951349_1634470896838752_629486699981068001_n.jpg 960w\" sizes=\"(max-width: 300px) 100vw, 300px\" \/><\/p>\n<p><img loading=\"lazy\" decoding=\"async\" class=\"size-medium wp-image-10058 aligncenter\" src=\"http:\/\/obispadodezaratecampana.org\/wp-content\/uploads\/2015\/08\/11951219_1634470966838745_4128320398797460958_n-300x200.jpg\" alt=\"11951219_1634470966838745_4128320398797460958_n\" width=\"300\" height=\"200\" srcset=\"https:\/\/obispadodezaratecampana.org\/wp-content\/uploads\/2015\/08\/11951219_1634470966838745_4128320398797460958_n-300x200.jpg 300w, https:\/\/obispadodezaratecampana.org\/wp-content\/uploads\/2015\/08\/11951219_1634470966838745_4128320398797460958_n.jpg 960w\" sizes=\"(max-width: 300px) 100vw, 300px\" \/><\/p>\n<p><img loading=\"lazy\" decoding=\"async\" class=\"size-medium wp-image-10059 aligncenter\" src=\"http:\/\/obispadodezaratecampana.org\/wp-content\/uploads\/2015\/08\/11900026_1634469870172188_6623254502187708935_n-300x200.jpg\" alt=\"11900026_1634469870172188_6623254502187708935_n\" width=\"300\" height=\"200\" srcset=\"https:\/\/obispadodezaratecampana.org\/wp-content\/uploads\/2015\/08\/11900026_1634469870172188_6623254502187708935_n-300x200.jpg 300w, https:\/\/obispadodezaratecampana.org\/wp-content\/uploads\/2015\/08\/11900026_1634469870172188_6623254502187708935_n.jpg 960w\" sizes=\"(max-width: 300px) 100vw, 300px\" \/><\/p>\n<p><strong>La Sagrada Escritura: Alma de la Evangelizaci\u00f3n\u00a0<\/strong><\/p>\n<p><em>&#8220;La Sagrada Escritura: Alma de la Evangelizaci\u00f3n&#8221;\u00a0<\/em> fue el eje de la exposici\u00f3n del Biblista Pbro. Licenciado Dami\u00e1n Nannini.<\/p>\n<p>Luego de ella los catequistas reflexionaron en grupos sobre diversos pasajes del Nuevo Testamento, para luego hacer una puesta en com\u00fan de ideas.<\/p>\n<p><strong>Talleres\u00a0<\/strong><\/p>\n<p style=\"text-align: left;\">Despu\u00e9s del almuerzo se realizaron por la tarde a partir de las 13: 30 hs aproximadamente 9 talleres simult\u00e1neos de formaci\u00f3n para los participantes del encuentro.<\/p>\n<p style=\"text-align: center;\">El alimento que es la Palabra<\/p>\n<p><img loading=\"lazy\" decoding=\"async\" class=\"size-medium wp-image-10060 aligncenter\" src=\"http:\/\/obispadodezaratecampana.org\/wp-content\/uploads\/2015\/08\/11904110_1634833040135871_5914332005255318293_n-300x200.jpg\" alt=\"11904110_1634833040135871_5914332005255318293_n\" width=\"300\" height=\"200\" srcset=\"https:\/\/obispadodezaratecampana.org\/wp-content\/uploads\/2015\/08\/11904110_1634833040135871_5914332005255318293_n-300x200.jpg 300w, https:\/\/obispadodezaratecampana.org\/wp-content\/uploads\/2015\/08\/11904110_1634833040135871_5914332005255318293_n.jpg 960w\" sizes=\"(max-width: 300px) 100vw, 300px\" \/><\/p>\n<p>\u00bfC\u00f3mo iniciar a los adultos en un itinerario de fe?<\/p>\n<p><img loading=\"lazy\" decoding=\"async\" class=\"size-medium wp-image-10066 aligncenter\" src=\"http:\/\/obispadodezaratecampana.org\/wp-content\/uploads\/2015\/08\/10313790_1634835830135592_4565722991928717783_n-300x214.jpg\" alt=\"10313790_1634835830135592_4565722991928717783_n\" width=\"300\" height=\"214\" srcset=\"https:\/\/obispadodezaratecampana.org\/wp-content\/uploads\/2015\/08\/10313790_1634835830135592_4565722991928717783_n-300x214.jpg 300w, https:\/\/obispadodezaratecampana.org\/wp-content\/uploads\/2015\/08\/10313790_1634835830135592_4565722991928717783_n.jpg 960w\" sizes=\"(max-width: 300px) 100vw, 300px\" \/><\/p>\n<p>&nbsp;<\/p>\n<p><img loading=\"lazy\" decoding=\"async\" class=\"size-medium wp-image-10062 aligncenter\" src=\"http:\/\/obispadodezaratecampana.org\/wp-content\/uploads\/2015\/08\/11928726_1634835160135659_3169123906331023_n-300x200.jpg\" alt=\"11928726_1634835160135659_3169123906331023_n\" width=\"300\" height=\"200\" srcset=\"https:\/\/obispadodezaratecampana.org\/wp-content\/uploads\/2015\/08\/11928726_1634835160135659_3169123906331023_n-300x200.jpg 300w, https:\/\/obispadodezaratecampana.org\/wp-content\/uploads\/2015\/08\/11928726_1634835160135659_3169123906331023_n.jpg 960w\" sizes=\"(max-width: 300px) 100vw, 300px\" \/><\/p>\n<p style=\"text-align: center;\">Jesus Maestro y Servidor: una C\u00e1ritas desde la Catequesis<\/p>\n<p><img loading=\"lazy\" decoding=\"async\" class=\"size-medium wp-image-10088 aligncenter\" src=\"http:\/\/obispadodezaratecampana.org\/wp-content\/uploads\/2015\/08\/caritas1-300x225.jpg\" alt=\"caritas\" width=\"300\" height=\"225\" srcset=\"https:\/\/obispadodezaratecampana.org\/wp-content\/uploads\/2015\/08\/caritas1-300x225.jpg 300w, https:\/\/obispadodezaratecampana.org\/wp-content\/uploads\/2015\/08\/caritas1.jpg 960w\" sizes=\"(max-width: 300px) 100vw, 300px\" \/><\/p>\n<p><img loading=\"lazy\" decoding=\"async\" class=\"size-medium wp-image-10063 aligncenter\" src=\"http:\/\/obispadodezaratecampana.org\/wp-content\/uploads\/2015\/08\/11951104_1634835553468953_4079171906864528076_n-300x221.jpg\" alt=\"11951104_1634835553468953_4079171906864528076_n\" width=\"300\" height=\"221\" srcset=\"https:\/\/obispadodezaratecampana.org\/wp-content\/uploads\/2015\/08\/11951104_1634835553468953_4079171906864528076_n-300x221.jpg 300w, https:\/\/obispadodezaratecampana.org\/wp-content\/uploads\/2015\/08\/11951104_1634835553468953_4079171906864528076_n.jpg 960w\" sizes=\"(max-width: 300px) 100vw, 300px\" \/><\/p>\n<p><img loading=\"lazy\" decoding=\"async\" class=\"size-medium wp-image-10064 aligncenter\" src=\"http:\/\/obispadodezaratecampana.org\/wp-content\/uploads\/2015\/08\/11870864_1634835540135621_1137721681053292972_n-300x200.jpg\" alt=\"11870864_1634835540135621_1137721681053292972_n\" width=\"300\" height=\"200\" srcset=\"https:\/\/obispadodezaratecampana.org\/wp-content\/uploads\/2015\/08\/11870864_1634835540135621_1137721681053292972_n-300x200.jpg 300w, https:\/\/obispadodezaratecampana.org\/wp-content\/uploads\/2015\/08\/11870864_1634835540135621_1137721681053292972_n.jpg 960w\" sizes=\"(max-width: 300px) 100vw, 300px\" \/><\/p>\n<p style=\"text-align: center;\">Lectio Divina para ni\u00f1os<\/p>\n<p><img loading=\"lazy\" decoding=\"async\" class=\"size-medium wp-image-10067 aligncenter\" src=\"http:\/\/obispadodezaratecampana.org\/wp-content\/uploads\/2015\/08\/11885247_1634835863468922_1098187616607814677_n-300x241.jpg\" alt=\"11885247_1634835863468922_1098187616607814677_n\" width=\"300\" height=\"241\" srcset=\"https:\/\/obispadodezaratecampana.org\/wp-content\/uploads\/2015\/08\/11885247_1634835863468922_1098187616607814677_n-300x241.jpg 300w, https:\/\/obispadodezaratecampana.org\/wp-content\/uploads\/2015\/08\/11885247_1634835863468922_1098187616607814677_n.jpg 960w\" sizes=\"(max-width: 300px) 100vw, 300px\" \/><\/p>\n<p><img loading=\"lazy\" decoding=\"async\" class=\"size-medium wp-image-10068 aligncenter\" src=\"http:\/\/obispadodezaratecampana.org\/wp-content\/uploads\/2015\/08\/11181584_1634835926802249_3895039533827250211_n-300x229.jpg\" alt=\"11181584_1634835926802249_3895039533827250211_n\" width=\"300\" height=\"229\" srcset=\"https:\/\/obispadodezaratecampana.org\/wp-content\/uploads\/2015\/08\/11181584_1634835926802249_3895039533827250211_n-300x229.jpg 300w, https:\/\/obispadodezaratecampana.org\/wp-content\/uploads\/2015\/08\/11181584_1634835926802249_3895039533827250211_n.jpg 960w\" sizes=\"(max-width: 300px) 100vw, 300px\" \/><\/p>\n<p><img loading=\"lazy\" decoding=\"async\" class=\"size-medium wp-image-10069 aligncenter\" src=\"http:\/\/obispadodezaratecampana.org\/wp-content\/uploads\/2015\/08\/11866423_1634835966802245_4051946489056623573_n-300x131.jpg\" alt=\"11866423_1634835966802245_4051946489056623573_n\" width=\"300\" height=\"131\" srcset=\"https:\/\/obispadodezaratecampana.org\/wp-content\/uploads\/2015\/08\/11866423_1634835966802245_4051946489056623573_n-300x131.jpg 300w, https:\/\/obispadodezaratecampana.org\/wp-content\/uploads\/2015\/08\/11866423_1634835966802245_4051946489056623573_n.jpg 960w\" sizes=\"(max-width: 300px) 100vw, 300px\" \/><\/p>\n<p style=\"text-align: center;\">Animaci\u00f3n Musical: Como utilizar la M\u00fasica para la transmisi\u00f3n de la fe<\/p>\n<p><img loading=\"lazy\" decoding=\"async\" class=\"size-medium wp-image-10070 aligncenter\" src=\"http:\/\/obispadodezaratecampana.org\/wp-content\/uploads\/2015\/08\/11904693_1634836226802219_6704740183301485243_n-300x295.jpg\" alt=\"11904693_1634836226802219_6704740183301485243_n\" width=\"300\" height=\"295\" srcset=\"https:\/\/obispadodezaratecampana.org\/wp-content\/uploads\/2015\/08\/11904693_1634836226802219_6704740183301485243_n-300x295.jpg 300w, https:\/\/obispadodezaratecampana.org\/wp-content\/uploads\/2015\/08\/11904693_1634836226802219_6704740183301485243_n.jpg 960w\" sizes=\"(max-width: 300px) 100vw, 300px\" \/><\/p>\n<p><img loading=\"lazy\" decoding=\"async\" class=\"size-medium wp-image-10071 aligncenter\" src=\"http:\/\/obispadodezaratecampana.org\/wp-content\/uploads\/2015\/08\/11229905_1634836356802206_8148736047782793492_n-300x200.jpg\" alt=\"11229905_1634836356802206_8148736047782793492_n\" width=\"300\" height=\"200\" srcset=\"https:\/\/obispadodezaratecampana.org\/wp-content\/uploads\/2015\/08\/11229905_1634836356802206_8148736047782793492_n-300x200.jpg 300w, https:\/\/obispadodezaratecampana.org\/wp-content\/uploads\/2015\/08\/11229905_1634836356802206_8148736047782793492_n.jpg 960w\" sizes=\"(max-width: 300px) 100vw, 300px\" \/><\/p>\n<p><img loading=\"lazy\" decoding=\"async\" class=\"size-medium wp-image-10072 aligncenter\" src=\"http:\/\/obispadodezaratecampana.org\/wp-content\/uploads\/2015\/08\/11924948_1634836906802151_1782337802567145133_n-300x200.jpg\" alt=\"11924948_1634836906802151_1782337802567145133_n\" width=\"300\" height=\"200\" srcset=\"https:\/\/obispadodezaratecampana.org\/wp-content\/uploads\/2015\/08\/11924948_1634836906802151_1782337802567145133_n-300x200.jpg 300w, https:\/\/obispadodezaratecampana.org\/wp-content\/uploads\/2015\/08\/11924948_1634836906802151_1782337802567145133_n.jpg 960w\" sizes=\"(max-width: 300px) 100vw, 300px\" \/><\/p>\n<p style=\"text-align: center;\">Provida: Amor por la vida Naciente<\/p>\n<p style=\"text-align: center;\"><img loading=\"lazy\" decoding=\"async\" class=\"size-medium wp-image-10073 aligncenter\" src=\"http:\/\/obispadodezaratecampana.org\/wp-content\/uploads\/2015\/08\/11873502_1634837010135474_1070914975427760656_n-300x267.jpg\" alt=\"11873502_1634837010135474_1070914975427760656_n\" width=\"300\" height=\"267\" srcset=\"https:\/\/obispadodezaratecampana.org\/wp-content\/uploads\/2015\/08\/11873502_1634837010135474_1070914975427760656_n-300x267.jpg 300w, https:\/\/obispadodezaratecampana.org\/wp-content\/uploads\/2015\/08\/11873502_1634837010135474_1070914975427760656_n.jpg 960w\" sizes=\"(max-width: 300px) 100vw, 300px\" \/><\/p>\n<p><img loading=\"lazy\" decoding=\"async\" class=\"size-medium wp-image-10074 aligncenter\" src=\"http:\/\/obispadodezaratecampana.org\/wp-content\/uploads\/2015\/08\/11873437_1634837066802135_7797046728079793470_n-300x200.jpg\" alt=\"11873437_1634837066802135_7797046728079793470_n\" width=\"300\" height=\"200\" srcset=\"https:\/\/obispadodezaratecampana.org\/wp-content\/uploads\/2015\/08\/11873437_1634837066802135_7797046728079793470_n-300x200.jpg 300w, https:\/\/obispadodezaratecampana.org\/wp-content\/uploads\/2015\/08\/11873437_1634837066802135_7797046728079793470_n.jpg 960w\" sizes=\"(max-width: 300px) 100vw, 300px\" \/><\/p>\n<p><img loading=\"lazy\" decoding=\"async\" class=\"size-medium wp-image-10075 aligncenter\" src=\"http:\/\/obispadodezaratecampana.org\/wp-content\/uploads\/2015\/08\/11951245_1634837200135455_1502532930503234077_n-300x200.jpg\" alt=\"11951245_1634837200135455_1502532930503234077_n\" width=\"300\" height=\"200\" srcset=\"https:\/\/obispadodezaratecampana.org\/wp-content\/uploads\/2015\/08\/11951245_1634837200135455_1502532930503234077_n-300x200.jpg 300w, https:\/\/obispadodezaratecampana.org\/wp-content\/uploads\/2015\/08\/11951245_1634837200135455_1502532930503234077_n.jpg 960w\" sizes=\"(max-width: 300px) 100vw, 300px\" \/><\/p>\n<p><img loading=\"lazy\" decoding=\"async\" class=\"size-medium wp-image-10076 aligncenter\" src=\"http:\/\/obispadodezaratecampana.org\/wp-content\/uploads\/2015\/08\/11907220_1634837263468782_7122809929446219924_n-300x200.jpg\" alt=\"11907220_1634837263468782_7122809929446219924_n\" width=\"300\" height=\"200\" srcset=\"https:\/\/obispadodezaratecampana.org\/wp-content\/uploads\/2015\/08\/11907220_1634837263468782_7122809929446219924_n-300x200.jpg 300w, https:\/\/obispadodezaratecampana.org\/wp-content\/uploads\/2015\/08\/11907220_1634837263468782_7122809929446219924_n.jpg 960w\" sizes=\"(max-width: 300px) 100vw, 300px\" \/><\/p>\n<p style=\"text-align: center;\">Catequistas Coordinadores: Llamados a construir Comunidad<\/p>\n<p><img loading=\"lazy\" decoding=\"async\" class=\"size-medium wp-image-10077 aligncenter\" src=\"http:\/\/obispadodezaratecampana.org\/wp-content\/uploads\/2015\/08\/11934978_1634837510135424_1245944200330248446_n-300x226.jpg\" alt=\"11934978_1634837510135424_1245944200330248446_n\" width=\"300\" height=\"226\" srcset=\"https:\/\/obispadodezaratecampana.org\/wp-content\/uploads\/2015\/08\/11934978_1634837510135424_1245944200330248446_n-300x226.jpg 300w, https:\/\/obispadodezaratecampana.org\/wp-content\/uploads\/2015\/08\/11934978_1634837510135424_1245944200330248446_n.jpg 960w\" sizes=\"(max-width: 300px) 100vw, 300px\" \/><\/p>\n<p><img loading=\"lazy\" decoding=\"async\" class=\"size-medium wp-image-10078 aligncenter\" src=\"http:\/\/obispadodezaratecampana.org\/wp-content\/uploads\/2015\/08\/11951880_1634837536802088_1235183518760102412_n-300x200.jpg\" alt=\"11951880_1634837536802088_1235183518760102412_n\" width=\"300\" height=\"200\" srcset=\"https:\/\/obispadodezaratecampana.org\/wp-content\/uploads\/2015\/08\/11951880_1634837536802088_1235183518760102412_n-300x200.jpg 300w, https:\/\/obispadodezaratecampana.org\/wp-content\/uploads\/2015\/08\/11951880_1634837536802088_1235183518760102412_n.jpg 960w\" sizes=\"(max-width: 300px) 100vw, 300px\" \/><\/p>\n<p><img loading=\"lazy\" decoding=\"async\" class=\"size-medium wp-image-10079 aligncenter\" src=\"http:\/\/obispadodezaratecampana.org\/wp-content\/uploads\/2015\/08\/11866201_1634837686802073_3856801744262940290_n-300x200.jpg\" alt=\"11866201_1634837686802073_3856801744262940290_n\" width=\"300\" height=\"200\" srcset=\"https:\/\/obispadodezaratecampana.org\/wp-content\/uploads\/2015\/08\/11866201_1634837686802073_3856801744262940290_n-300x200.jpg 300w, https:\/\/obispadodezaratecampana.org\/wp-content\/uploads\/2015\/08\/11866201_1634837686802073_3856801744262940290_n.jpg 960w\" sizes=\"(max-width: 300px) 100vw, 300px\" \/><\/p>\n<p><img loading=\"lazy\" decoding=\"async\" class=\"size-medium wp-image-10080 aligncenter\" src=\"http:\/\/obispadodezaratecampana.org\/wp-content\/uploads\/2015\/08\/11949331_1634837906802051_1731248092238089422_n-300x200.jpg\" alt=\"11949331_1634837906802051_1731248092238089422_n\" width=\"300\" height=\"200\" srcset=\"https:\/\/obispadodezaratecampana.org\/wp-content\/uploads\/2015\/08\/11949331_1634837906802051_1731248092238089422_n-300x200.jpg 300w, https:\/\/obispadodezaratecampana.org\/wp-content\/uploads\/2015\/08\/11949331_1634837906802051_1731248092238089422_n.jpg 960w\" sizes=\"(max-width: 300px) 100vw, 300px\" \/><\/p>\n<p style=\"text-align: center;\">Catequesis familiar en los barrios perisf\u00e9ricos<\/p>\n<p><img loading=\"lazy\" decoding=\"async\" class=\"size-medium wp-image-10081 aligncenter\" src=\"http:\/\/obispadodezaratecampana.org\/wp-content\/uploads\/2015\/08\/10985491_1634838003468708_1024921227692130975_n-300x260.jpg\" alt=\"10985491_1634838003468708_1024921227692130975_n\" width=\"300\" height=\"260\" srcset=\"https:\/\/obispadodezaratecampana.org\/wp-content\/uploads\/2015\/08\/10985491_1634838003468708_1024921227692130975_n-300x260.jpg 300w, https:\/\/obispadodezaratecampana.org\/wp-content\/uploads\/2015\/08\/10985491_1634838003468708_1024921227692130975_n.jpg 960w\" sizes=\"(max-width: 300px) 100vw, 300px\" \/><\/p>\n<p><img loading=\"lazy\" decoding=\"async\" class=\"size-medium wp-image-10082 aligncenter\" src=\"http:\/\/obispadodezaratecampana.org\/wp-content\/uploads\/2015\/08\/11880581_1634838083468700_7681661280515719590_n-300x182.jpg\" alt=\"11880581_1634838083468700_7681661280515719590_n\" width=\"300\" height=\"182\" srcset=\"https:\/\/obispadodezaratecampana.org\/wp-content\/uploads\/2015\/08\/11880581_1634838083468700_7681661280515719590_n-300x182.jpg 300w, https:\/\/obispadodezaratecampana.org\/wp-content\/uploads\/2015\/08\/11880581_1634838083468700_7681661280515719590_n.jpg 960w\" sizes=\"(max-width: 300px) 100vw, 300px\" \/><\/p>\n<p><img loading=\"lazy\" decoding=\"async\" class=\"size-medium wp-image-10083 aligncenter\" src=\"http:\/\/obispadodezaratecampana.org\/wp-content\/uploads\/2015\/08\/11866201_1634838173468691_8331258250939448343_n-300x200.jpg\" alt=\"11866201_1634838173468691_8331258250939448343_n\" width=\"300\" height=\"200\" srcset=\"https:\/\/obispadodezaratecampana.org\/wp-content\/uploads\/2015\/08\/11866201_1634838173468691_8331258250939448343_n-300x200.jpg 300w, https:\/\/obispadodezaratecampana.org\/wp-content\/uploads\/2015\/08\/11866201_1634838173468691_8331258250939448343_n.jpg 960w\" sizes=\"(max-width: 300px) 100vw, 300px\" \/><\/p>\n<p style=\"text-align: center;\">Dios sale al encuentro del hombre<\/p>\n<p><img loading=\"lazy\" decoding=\"async\" class=\"size-medium wp-image-10084 aligncenter\" src=\"http:\/\/obispadodezaratecampana.org\/wp-content\/uploads\/2015\/08\/11873710_1634838460135329_6136083759493571952_n-300x221.jpg\" alt=\"11873710_1634838460135329_6136083759493571952_n\" width=\"300\" height=\"221\" srcset=\"https:\/\/obispadodezaratecampana.org\/wp-content\/uploads\/2015\/08\/11873710_1634838460135329_6136083759493571952_n-300x221.jpg 300w, https:\/\/obispadodezaratecampana.org\/wp-content\/uploads\/2015\/08\/11873710_1634838460135329_6136083759493571952_n.jpg 960w\" sizes=\"(max-width: 300px) 100vw, 300px\" \/><\/p>\n<p><img loading=\"lazy\" decoding=\"async\" class=\"size-medium wp-image-10085 aligncenter\" src=\"http:\/\/obispadodezaratecampana.org\/wp-content\/uploads\/2015\/08\/11204402_1634838530135322_3782703587192871767_n-300x200.jpg\" alt=\"11204402_1634838530135322_3782703587192871767_n\" width=\"300\" height=\"200\" srcset=\"https:\/\/obispadodezaratecampana.org\/wp-content\/uploads\/2015\/08\/11204402_1634838530135322_3782703587192871767_n-300x200.jpg 300w, https:\/\/obispadodezaratecampana.org\/wp-content\/uploads\/2015\/08\/11204402_1634838530135322_3782703587192871767_n.jpg 960w\" sizes=\"(max-width: 300px) 100vw, 300px\" \/><\/p>\n<p>En este enlace pueden ver el \u00e1lbum completo de fotos de los talleres (o tambien pueden dirigirse a la Fan Page del Obispado de Z\u00e1rate- Campana, a la secci\u00f3n fotos, \u00e1lbumes, el resultado ser\u00e1 el mismo):<\/p>\n<p><a title=\"talleres\" href=\"https:\/\/www.facebook.com\/media\/set\/?set=a.1634821323470376.1073741873.1578905429061966&amp;type=3\" target=\"_blank\">https:\/\/www.facebook.com\/media\/set\/?set=a.1634821323470376.1073741873.1578905429061966&amp;type=3<\/a><\/p>\n<p><strong>Misa de cierre de la jornada<\/strong><\/p>\n<p>La santa Misa fue presidida por nuestro Obispo Oscar. Estuvieron presentes junto a los catequistas :sacerdotes, di\u00e1conos , seminaristas, religiosas y religiosos \u00a0de nuestra di\u00f3cesis.<\/p>\n<p style=\"text-align: center;\"><img loading=\"lazy\" decoding=\"async\" class=\"alignnone size-medium wp-image-10242\" src=\"http:\/\/obispadodezaratecampana.org\/wp-content\/uploads\/2015\/09\/11094667_1634918723460636_7425363946032175588_n-300x200.jpg\" alt=\"11094667_1634918723460636_7425363946032175588_n\" width=\"300\" height=\"200\" srcset=\"https:\/\/obispadodezaratecampana.org\/wp-content\/uploads\/2015\/09\/11094667_1634918723460636_7425363946032175588_n-300x200.jpg 300w, https:\/\/obispadodezaratecampana.org\/wp-content\/uploads\/2015\/09\/11094667_1634918723460636_7425363946032175588_n.jpg 960w\" sizes=\"(max-width: 300px) 100vw, 300px\" \/><\/p>\n<p style=\"text-align: center;\"><img loading=\"lazy\" decoding=\"async\" class=\"alignnone size-medium wp-image-10243\" src=\"http:\/\/obispadodezaratecampana.org\/wp-content\/uploads\/2015\/09\/11947620_1634918810127294_5315245023411620477_n-300x200.jpg\" alt=\"11947620_1634918810127294_5315245023411620477_n\" width=\"300\" height=\"200\" srcset=\"https:\/\/obispadodezaratecampana.org\/wp-content\/uploads\/2015\/09\/11947620_1634918810127294_5315245023411620477_n-300x200.jpg 300w, https:\/\/obispadodezaratecampana.org\/wp-content\/uploads\/2015\/09\/11947620_1634918810127294_5315245023411620477_n.jpg 960w\" sizes=\"(max-width: 300px) 100vw, 300px\" \/><\/p>\n<p style=\"text-align: center;\"><img loading=\"lazy\" decoding=\"async\" class=\"alignnone size-medium wp-image-10244\" src=\"http:\/\/obispadodezaratecampana.org\/wp-content\/uploads\/2015\/09\/11947564_1634918880127287_7660902439822579442_n-300x211.jpg\" alt=\"11947564_1634918880127287_7660902439822579442_n\" width=\"300\" height=\"211\" srcset=\"https:\/\/obispadodezaratecampana.org\/wp-content\/uploads\/2015\/09\/11947564_1634918880127287_7660902439822579442_n-300x211.jpg 300w, https:\/\/obispadodezaratecampana.org\/wp-content\/uploads\/2015\/09\/11947564_1634918880127287_7660902439822579442_n.jpg 960w\" sizes=\"(max-width: 300px) 100vw, 300px\" \/><\/p>\n<p style=\"text-align: center;\">Lecturas y proclamaci\u00f3n del Evangelio<\/p>\n<p style=\"text-align: center;\"><img loading=\"lazy\" decoding=\"async\" class=\"alignnone size-medium wp-image-10246\" src=\"http:\/\/obispadodezaratecampana.org\/wp-content\/uploads\/2015\/09\/11949264_1634919076793934_7560421562414478198_n-300x200.jpg\" alt=\"11949264_1634919076793934_7560421562414478198_n\" width=\"300\" height=\"200\" srcset=\"https:\/\/obispadodezaratecampana.org\/wp-content\/uploads\/2015\/09\/11949264_1634919076793934_7560421562414478198_n-300x200.jpg 300w, https:\/\/obispadodezaratecampana.org\/wp-content\/uploads\/2015\/09\/11949264_1634919076793934_7560421562414478198_n.jpg 960w\" sizes=\"(max-width: 300px) 100vw, 300px\" \/><\/p>\n<p style=\"text-align: center;\"><img loading=\"lazy\" decoding=\"async\" class=\"alignnone size-medium wp-image-10247\" src=\"http:\/\/obispadodezaratecampana.org\/wp-content\/uploads\/2015\/09\/10676224_1634919156793926_1016677135244144153_n-300x200.jpg\" alt=\"10676224_1634919156793926_1016677135244144153_n\" width=\"300\" height=\"200\" srcset=\"https:\/\/obispadodezaratecampana.org\/wp-content\/uploads\/2015\/09\/10676224_1634919156793926_1016677135244144153_n-300x200.jpg 300w, https:\/\/obispadodezaratecampana.org\/wp-content\/uploads\/2015\/09\/10676224_1634919156793926_1016677135244144153_n.jpg 960w\" sizes=\"(max-width: 300px) 100vw, 300px\" \/><\/p>\n<p style=\"text-align: center;\"><img loading=\"lazy\" decoding=\"async\" class=\"alignnone size-medium wp-image-10248\" src=\"http:\/\/obispadodezaratecampana.org\/wp-content\/uploads\/2015\/09\/11885218_1634919200127255_8545690763299844296_n-300x200.jpg\" alt=\"11885218_1634919200127255_8545690763299844296_n\" width=\"300\" height=\"200\" srcset=\"https:\/\/obispadodezaratecampana.org\/wp-content\/uploads\/2015\/09\/11885218_1634919200127255_8545690763299844296_n-300x200.jpg 300w, https:\/\/obispadodezaratecampana.org\/wp-content\/uploads\/2015\/09\/11885218_1634919200127255_8545690763299844296_n.jpg 960w\" sizes=\"(max-width: 300px) 100vw, 300px\" \/><\/p>\n<p style=\"text-align: center;\"><img loading=\"lazy\" decoding=\"async\" class=\"alignnone size-medium wp-image-10245\" src=\"http:\/\/obispadodezaratecampana.org\/wp-content\/uploads\/2015\/09\/11924577_1634918953460613_5707197902875718201_n-300x200.jpg\" alt=\"11924577_1634918953460613_5707197902875718201_n\" width=\"300\" height=\"200\" srcset=\"https:\/\/obispadodezaratecampana.org\/wp-content\/uploads\/2015\/09\/11924577_1634918953460613_5707197902875718201_n-300x200.jpg 300w, https:\/\/obispadodezaratecampana.org\/wp-content\/uploads\/2015\/09\/11924577_1634918953460613_5707197902875718201_n.jpg 960w\" sizes=\"(max-width: 300px) 100vw, 300px\" \/><\/p>\n<p style=\"text-align: center;\">Homil\u00eda de Monse\u00f1or Sarlinga<\/p>\n<p style=\"text-align: center;\"><img loading=\"lazy\" decoding=\"async\" class=\"alignnone size-medium wp-image-10249\" src=\"http:\/\/obispadodezaratecampana.org\/wp-content\/uploads\/2015\/09\/11949375_1634919726793869_5614428007683922179_n-300x237.jpg\" alt=\"11949375_1634919726793869_5614428007683922179_n\" width=\"300\" height=\"237\" srcset=\"https:\/\/obispadodezaratecampana.org\/wp-content\/uploads\/2015\/09\/11949375_1634919726793869_5614428007683922179_n-300x237.jpg 300w, https:\/\/obispadodezaratecampana.org\/wp-content\/uploads\/2015\/09\/11949375_1634919726793869_5614428007683922179_n.jpg 960w\" sizes=\"(max-width: 300px) 100vw, 300px\" \/><\/p>\n<p style=\"text-align: center;\">Intensiones de los fieles<\/p>\n<p style=\"text-align: center;\"><img loading=\"lazy\" decoding=\"async\" class=\"alignnone size-medium wp-image-10250\" src=\"http:\/\/obispadodezaratecampana.org\/wp-content\/uploads\/2015\/09\/11885379_1634919993460509_4454763204231906134_n-300x200.jpg\" alt=\"11885379_1634919993460509_4454763204231906134_n\" width=\"300\" height=\"200\" srcset=\"https:\/\/obispadodezaratecampana.org\/wp-content\/uploads\/2015\/09\/11885379_1634919993460509_4454763204231906134_n-300x200.jpg 300w, https:\/\/obispadodezaratecampana.org\/wp-content\/uploads\/2015\/09\/11885379_1634919993460509_4454763204231906134_n.jpg 960w\" sizes=\"(max-width: 300px) 100vw, 300px\" \/><\/p>\n<p style=\"text-align: center;\">Presentaci\u00f3n de las Ofrendas<\/p>\n<p style=\"text-align: center;\"><img loading=\"lazy\" decoding=\"async\" class=\"alignnone size-medium wp-image-10251\" src=\"http:\/\/obispadodezaratecampana.org\/wp-content\/uploads\/2015\/09\/11889441_1634920120127163_3012713681905396816_n-300x200.jpg\" alt=\"11889441_1634920120127163_3012713681905396816_n\" width=\"300\" height=\"200\" srcset=\"https:\/\/obispadodezaratecampana.org\/wp-content\/uploads\/2015\/09\/11889441_1634920120127163_3012713681905396816_n-300x200.jpg 300w, https:\/\/obispadodezaratecampana.org\/wp-content\/uploads\/2015\/09\/11889441_1634920120127163_3012713681905396816_n.jpg 960w\" sizes=\"(max-width: 300px) 100vw, 300px\" \/><\/p>\n<p style=\"text-align: center;\">Consagraci\u00f3n<\/p>\n<p style=\"text-align: center;\"><img loading=\"lazy\" decoding=\"async\" class=\"alignnone size-medium wp-image-10252\" src=\"http:\/\/obispadodezaratecampana.org\/wp-content\/uploads\/2015\/09\/11885107_1634920583460450_1656562915483677165_n-300x200.jpg\" alt=\"11885107_1634920583460450_1656562915483677165_n\" width=\"300\" height=\"200\" srcset=\"https:\/\/obispadodezaratecampana.org\/wp-content\/uploads\/2015\/09\/11885107_1634920583460450_1656562915483677165_n-300x200.jpg 300w, https:\/\/obispadodezaratecampana.org\/wp-content\/uploads\/2015\/09\/11885107_1634920583460450_1656562915483677165_n.jpg 960w\" sizes=\"(max-width: 300px) 100vw, 300px\" \/><\/p>\n<p style=\"text-align: center;\"><img loading=\"lazy\" decoding=\"async\" class=\"alignnone size-medium wp-image-10253\" src=\"http:\/\/obispadodezaratecampana.org\/wp-content\/uploads\/2015\/09\/11951959_1634920736793768_3847845100858729288_n-300x200.jpg\" alt=\"11951959_1634920736793768_3847845100858729288_n\" width=\"300\" height=\"200\" srcset=\"https:\/\/obispadodezaratecampana.org\/wp-content\/uploads\/2015\/09\/11951959_1634920736793768_3847845100858729288_n-300x200.jpg 300w, https:\/\/obispadodezaratecampana.org\/wp-content\/uploads\/2015\/09\/11951959_1634920736793768_3847845100858729288_n.jpg 960w\" sizes=\"(max-width: 300px) 100vw, 300px\" \/><\/p>\n<p style=\"text-align: center;\">Animaci\u00f3n Musical<\/p>\n<p style=\"text-align: center;\"><img loading=\"lazy\" decoding=\"async\" class=\"alignnone size-medium wp-image-10254\" src=\"http:\/\/obispadodezaratecampana.org\/wp-content\/uploads\/2015\/09\/11781700_1634921496793692_5545711438249708325_n-300x200.jpg\" alt=\"11781700_1634921496793692_5545711438249708325_n\" width=\"300\" height=\"200\" srcset=\"https:\/\/obispadodezaratecampana.org\/wp-content\/uploads\/2015\/09\/11781700_1634921496793692_5545711438249708325_n-300x200.jpg 300w, https:\/\/obispadodezaratecampana.org\/wp-content\/uploads\/2015\/09\/11781700_1634921496793692_5545711438249708325_n.jpg 960w\" sizes=\"(max-width: 300px) 100vw, 300px\" \/> <img loading=\"lazy\" decoding=\"async\" class=\"alignnone size-medium wp-image-10255\" src=\"http:\/\/obispadodezaratecampana.org\/wp-content\/uploads\/2015\/09\/11889672_1634922526793589_3825554844627435743_n-300x200.jpg\" alt=\"11889672_1634922526793589_3825554844627435743_n\" width=\"300\" height=\"200\" srcset=\"https:\/\/obispadodezaratecampana.org\/wp-content\/uploads\/2015\/09\/11889672_1634922526793589_3825554844627435743_n-300x200.jpg 300w, https:\/\/obispadodezaratecampana.org\/wp-content\/uploads\/2015\/09\/11889672_1634922526793589_3825554844627435743_n.jpg 960w\" sizes=\"(max-width: 300px) 100vw, 300px\" \/> <img loading=\"lazy\" decoding=\"async\" class=\"alignnone size-medium wp-image-10256\" src=\"http:\/\/obispadodezaratecampana.org\/wp-content\/uploads\/2015\/09\/11953251_1634922676793574_7627503381744121337_n-300x200.jpg\" alt=\"11953251_1634922676793574_7627503381744121337_n\" width=\"300\" height=\"200\" srcset=\"https:\/\/obispadodezaratecampana.org\/wp-content\/uploads\/2015\/09\/11953251_1634922676793574_7627503381744121337_n-300x200.jpg 300w, https:\/\/obispadodezaratecampana.org\/wp-content\/uploads\/2015\/09\/11953251_1634922676793574_7627503381744121337_n.jpg 960w\" sizes=\"(max-width: 300px) 100vw, 300px\" \/><\/p>\n<p style=\"text-align: center;\"><strong>Otros momentos del Endica en im\u00e1genes<\/strong><\/p>\n<p style=\"text-align: center;\"><img loading=\"lazy\" decoding=\"async\" class=\" wp-image-9906 aligncenter\" src=\"http:\/\/obispadodezaratecampana.org\/wp-content\/uploads\/2015\/08\/11224768_1634855506800291_9043948708254722099_n-300x145.jpg\" alt=\"11224768_1634855506800291_9043948708254722099_n\" width=\"387\" height=\"214\" \/><\/p>\n<p style=\"text-align: center;\"><a href=\"http:\/\/obispadodezaratecampana.org\/wp-content\/uploads\/2015\/09\/11880584_1634467890172386_2694683565423185341_n.jpg\"><img loading=\"lazy\" decoding=\"async\" class=\"alignnone size-medium wp-image-10260\" src=\"http:\/\/obispadodezaratecampana.org\/wp-content\/uploads\/2015\/09\/11880584_1634467890172386_2694683565423185341_n-300x134.jpg\" alt=\"11880584_1634467890172386_2694683565423185341_n\" width=\"300\" height=\"134\" srcset=\"https:\/\/obispadodezaratecampana.org\/wp-content\/uploads\/2015\/09\/11880584_1634467890172386_2694683565423185341_n-300x134.jpg 300w, https:\/\/obispadodezaratecampana.org\/wp-content\/uploads\/2015\/09\/11880584_1634467890172386_2694683565423185341_n.jpg 960w\" sizes=\"(max-width: 300px) 100vw, 300px\" \/><\/a><\/p>\n<p style=\"text-align: center;\"><a href=\"http:\/\/obispadodezaratecampana.org\/wp-content\/uploads\/2015\/09\/11889622_1634468216839020_8239910312756702116_n.jpg\"><img loading=\"lazy\" decoding=\"async\" class=\"alignnone size-medium wp-image-10261\" src=\"http:\/\/obispadodezaratecampana.org\/wp-content\/uploads\/2015\/09\/11889622_1634468216839020_8239910312756702116_n-300x200.jpg\" alt=\"11889622_1634468216839020_8239910312756702116_n\" width=\"300\" height=\"200\" srcset=\"https:\/\/obispadodezaratecampana.org\/wp-content\/uploads\/2015\/09\/11889622_1634468216839020_8239910312756702116_n-300x200.jpg 300w, https:\/\/obispadodezaratecampana.org\/wp-content\/uploads\/2015\/09\/11889622_1634468216839020_8239910312756702116_n.jpg 960w\" sizes=\"(max-width: 300px) 100vw, 300px\" \/><\/a><\/p>\n<p style=\"text-align: center;\"><a href=\"http:\/\/obispadodezaratecampana.org\/wp-content\/uploads\/2015\/09\/11892169_1634723146813527_7268696261120676352_n.jpg\"><img loading=\"lazy\" decoding=\"async\" class=\"alignnone size-medium wp-image-10270\" src=\"http:\/\/obispadodezaratecampana.org\/wp-content\/uploads\/2015\/09\/11892169_1634723146813527_7268696261120676352_n-300x271.jpg\" alt=\"11892169_1634723146813527_7268696261120676352_n\" width=\"300\" height=\"271\" srcset=\"https:\/\/obispadodezaratecampana.org\/wp-content\/uploads\/2015\/09\/11892169_1634723146813527_7268696261120676352_n-300x271.jpg 300w, https:\/\/obispadodezaratecampana.org\/wp-content\/uploads\/2015\/09\/11892169_1634723146813527_7268696261120676352_n.jpg 960w\" sizes=\"(max-width: 300px) 100vw, 300px\" \/><\/a><\/p>\n<p style=\"text-align: center;\">El padre Fernando Crevat\u00edn &#8211; delagado Diocesano para la Catequesis- y la sra. Amanda Lubo.<\/p>\n<p style=\"text-align: center;\"><a href=\"http:\/\/obispadodezaratecampana.org\/wp-content\/uploads\/2015\/09\/11947537_1634473006838541_8522172123554024499_n.jpg\"><img loading=\"lazy\" decoding=\"async\" class=\"alignnone size-medium wp-image-10263\" src=\"http:\/\/obispadodezaratecampana.org\/wp-content\/uploads\/2015\/09\/11947537_1634473006838541_8522172123554024499_n-300x200.jpg\" alt=\"11947537_1634473006838541_8522172123554024499_n\" width=\"300\" height=\"200\" srcset=\"https:\/\/obispadodezaratecampana.org\/wp-content\/uploads\/2015\/09\/11947537_1634473006838541_8522172123554024499_n-300x200.jpg 300w, https:\/\/obispadodezaratecampana.org\/wp-content\/uploads\/2015\/09\/11947537_1634473006838541_8522172123554024499_n.jpg 960w\" sizes=\"(max-width: 300px) 100vw, 300px\" \/><\/a><\/p>\n<p style=\"text-align: center;\">\n<p style=\"text-align: center;\">Nuestro Obispo y la comunidad<\/p>\n<p style=\"text-align: center;\"><a href=\"http:\/\/obispadodezaratecampana.org\/wp-content\/uploads\/2015\/09\/11892056_1634853396800502_486488298518053265_n.jpg\"><img loading=\"lazy\" decoding=\"async\" class=\"alignnone size-medium wp-image-10264\" src=\"http:\/\/obispadodezaratecampana.org\/wp-content\/uploads\/2015\/09\/11892056_1634853396800502_486488298518053265_n-300x200.jpg\" alt=\"11892056_1634853396800502_486488298518053265_n\" width=\"300\" height=\"200\" srcset=\"https:\/\/obispadodezaratecampana.org\/wp-content\/uploads\/2015\/09\/11892056_1634853396800502_486488298518053265_n-300x200.jpg 300w, https:\/\/obispadodezaratecampana.org\/wp-content\/uploads\/2015\/09\/11892056_1634853396800502_486488298518053265_n.jpg 960w\" sizes=\"(max-width: 300px) 100vw, 300px\" \/><\/a> <a href=\"http:\/\/obispadodezaratecampana.org\/wp-content\/uploads\/2015\/09\/11891126_1634853320133843_3872027305248261386_n.jpg\"><img loading=\"lazy\" decoding=\"async\" class=\"alignnone size-medium wp-image-10265\" src=\"http:\/\/obispadodezaratecampana.org\/wp-content\/uploads\/2015\/09\/11891126_1634853320133843_3872027305248261386_n-300x200.jpg\" alt=\"11891126_1634853320133843_3872027305248261386_n\" width=\"300\" height=\"200\" srcset=\"https:\/\/obispadodezaratecampana.org\/wp-content\/uploads\/2015\/09\/11891126_1634853320133843_3872027305248261386_n-300x200.jpg 300w, https:\/\/obispadodezaratecampana.org\/wp-content\/uploads\/2015\/09\/11891126_1634853320133843_3872027305248261386_n.jpg 960w\" sizes=\"(max-width: 300px) 100vw, 300px\" \/><\/a> <a href=\"http:\/\/obispadodezaratecampana.org\/wp-content\/uploads\/2015\/09\/11947638_1634853080133867_4975304843632429556_n.jpg\"><img loading=\"lazy\" decoding=\"async\" class=\"alignnone size-medium wp-image-10266\" src=\"http:\/\/obispadodezaratecampana.org\/wp-content\/uploads\/2015\/09\/11947638_1634853080133867_4975304843632429556_n-300x200.jpg\" alt=\"11947638_1634853080133867_4975304843632429556_n\" width=\"300\" height=\"200\" srcset=\"https:\/\/obispadodezaratecampana.org\/wp-content\/uploads\/2015\/09\/11947638_1634853080133867_4975304843632429556_n-300x200.jpg 300w, https:\/\/obispadodezaratecampana.org\/wp-content\/uploads\/2015\/09\/11947638_1634853080133867_4975304843632429556_n.jpg 960w\" sizes=\"(max-width: 300px) 100vw, 300px\" \/><\/a><\/p>\n<p style=\"text-align: center;\">Servidores del encuentro, entre los que se hallaban miembros del Movimiento de Encuentro Matrimonial<\/p>\n<p style=\"text-align: center;\"><a href=\"http:\/\/obispadodezaratecampana.org\/wp-content\/uploads\/2015\/09\/11885317_1634852726800569_7272411057868182299_n.jpg\"><img loading=\"lazy\" decoding=\"async\" class=\"alignnone size-medium wp-image-10267\" src=\"http:\/\/obispadodezaratecampana.org\/wp-content\/uploads\/2015\/09\/11885317_1634852726800569_7272411057868182299_n-300x200.jpg\" alt=\"11885317_1634852726800569_7272411057868182299_n\" width=\"300\" height=\"200\" srcset=\"https:\/\/obispadodezaratecampana.org\/wp-content\/uploads\/2015\/09\/11885317_1634852726800569_7272411057868182299_n-300x200.jpg 300w, https:\/\/obispadodezaratecampana.org\/wp-content\/uploads\/2015\/09\/11885317_1634852726800569_7272411057868182299_n.jpg 960w\" sizes=\"(max-width: 300px) 100vw, 300px\" \/><\/a><\/p>\n<p style=\"text-align: center;\">Virgen de F\u00e1tima y el Ni\u00f1o Jesus de Praga &#8211; el cual bendijo el Obispo al finalizar la misa, y se encuentra en la Parroquia Ntra. Sra de F\u00e1tima, en Z\u00e1rate<\/p>\n<p style=\"text-align: center;\"><a href=\"http:\/\/obispadodezaratecampana.org\/wp-content\/uploads\/2015\/09\/11873681_1634853570133818_3092578694334265842_n.jpg\"><img loading=\"lazy\" decoding=\"async\" class=\"alignnone size-medium wp-image-10268\" src=\"http:\/\/obispadodezaratecampana.org\/wp-content\/uploads\/2015\/09\/11873681_1634853570133818_3092578694334265842_n-300x268.jpg\" alt=\"11873681_1634853570133818_3092578694334265842_n\" width=\"300\" height=\"268\" srcset=\"https:\/\/obispadodezaratecampana.org\/wp-content\/uploads\/2015\/09\/11873681_1634853570133818_3092578694334265842_n-300x268.jpg 300w, https:\/\/obispadodezaratecampana.org\/wp-content\/uploads\/2015\/09\/11873681_1634853570133818_3092578694334265842_n.jpg 960w\" sizes=\"(max-width: 300px) 100vw, 300px\" \/><\/a><\/p>\n<p>&nbsp;<\/p>\n<p>&nbsp;<\/p>\n<!-- AddThis Advanced Settings generic via filter on the_content --><!-- AddThis Share Buttons generic via filter on the_content -->","protected":false},"excerpt":{"rendered":"<p>Agradecemos a AICA la nota sobre nuestro Encuentro Diocesano de Catequistas. A continuaci\u00f3n la replicamos y luego encontrar\u00e1n algunos datos adicionales aportados por nosotros. M\u00e1s [&hellip;]<!-- AddThis Advanced Settings generic via filter on get_the_excerpt --><!-- AddThis Share Buttons generic via filter on get_the_excerpt --><\/p>\n","protected":false},"author":2,"featured_media":9906,"comment_status":"open","ping_status":"open","sticky":false,"template":"","format":"standard","meta":{"footnotes":""},"categories":[1],"tags":[],"class_list":["post-9905","post","type-post","status-publish","format-standard","has-post-thumbnail","hentry","category-noticiasdiocesanas"],"_links":{"self":[{"href":"https:\/\/obispadodezaratecampana.org\/index.php?rest_route=\/wp\/v2\/posts\/9905","targetHints":{"allow":["GET"]}}],"collection":[{"href":"https:\/\/obispadodezaratecampana.org\/index.php?rest_route=\/wp\/v2\/posts"}],"about":[{"href":"https:\/\/obispadodezaratecampana.org\/index.php?rest_route=\/wp\/v2\/types\/post"}],"author":[{"embeddable":true,"href":"https:\/\/obispadodezaratecampana.org\/index.php?rest_route=\/wp\/v2\/users\/2"}],"replies":[{"embeddable":true,"href":"https:\/\/obispadodezaratecampana.org\/index.php?rest_route=%2Fwp%2Fv2%2Fcomments&post=9905"}],"version-history":[{"count":19,"href":"https:\/\/obispadodezaratecampana.org\/index.php?rest_route=\/wp\/v2\/posts\/9905\/revisions"}],"predecessor-version":[{"id":10272,"href":"https:\/\/obispadodezaratecampana.org\/index.php?rest_route=\/wp\/v2\/posts\/9905\/revisions\/10272"}],"wp:featuredmedia":[{"embeddable":true,"href":"https:\/\/obispadodezaratecampana.org\/index.php?rest_route=\/wp\/v2\/media\/9906"}],"wp:attachment":[{"href":"https:\/\/obispadodezaratecampana.org\/index.php?rest_route=%2Fwp%2Fv2%2Fmedia&parent=9905"}],"wp:term":[{"taxonomy":"category","embeddable":true,"href":"https:\/\/obispadodezaratecampana.org\/index.php?rest_route=%2Fwp%2Fv2%2Fcategories&post=9905"},{"taxonomy":"post_tag","embeddable":true,"href":"https:\/\/obispadodezaratecampana.org\/index.php?rest_route=%2Fwp%2Fv2%2Ftags&post=9905"}],"curies":[{"name":"wp","href":"https:\/\/api.w.org\/{rel}","templated":true}]}}