{"id":9879,"date":"2015-08-24T18:41:14","date_gmt":"2015-08-24T21:41:14","guid":{"rendered":"http:\/\/obispadodezaratecampana.org\/?p=9879"},"modified":"2015-08-24T18:41:14","modified_gmt":"2015-08-24T21:41:14","slug":"25-de-agosto-san-jose-de-calasanz","status":"publish","type":"post","link":"https:\/\/obispadodezaratecampana.org\/?p=9879","title":{"rendered":"25 de agosto: San Jose de Calasanz"},"content":{"rendered":"<p>Un cardenal que despu\u00e9s fue Sumo Pont\u00edfice, llam\u00f3 a San Jos\u00e9 Calasanz &#8220;un segundo Job&#8221; porque tuvo que sufrir persecuciones como el santo Job de lo Biblia.<\/p>\n<p><img fetchpriority=\"high\" decoding=\"async\" class=\" wp-image-9880 aligncenter\" src=\"http:\/\/obispadodezaratecampana.org\/wp-content\/uploads\/2015\/08\/JoseCalasanz-300x157.jpg\" alt=\"JoseCalasanz\" width=\"552\" height=\"289\" srcset=\"https:\/\/obispadodezaratecampana.org\/wp-content\/uploads\/2015\/08\/JoseCalasanz-300x157.jpg 300w, https:\/\/obispadodezaratecampana.org\/wp-content\/uploads\/2015\/08\/JoseCalasanz.jpg 900w\" sizes=\"(max-width: 552px) 100vw, 552px\" \/><\/p>\n<p>Nuestro santo fue sepultado un 26 de agosto del a\u00f1o 1648.<\/p>\n<p>Naci\u00f3 en Arag\u00f3n, Espa\u00f1a, en 1556, hijo del gobernador de la regi\u00f3n.<\/p>\n<p>Su padre deseaba que fuera militar, pero los religiosos que lo instruyeron en su ni\u00f1ez lo entusiasmaron por la vida sacerdotal, y pidi\u00f3 que le dejaran hacer estudios eclesi\u00e1sticos. Desde muy peque\u00f1o su gran deseo era poder alejar el mal y el pecado de las almas de los dem\u00e1s.<\/p>\n<p>En el colegio se burlaban de \u00e9l los compa\u00f1eros, porque les perec\u00eda demasiado piadoso, pero poco a poco con su amabilidad los fue ganando a su favor.<\/p>\n<p>Siendo universitario tuvo que huir de la ciudad donde estudiaba porque una mujer joven pretend\u00eda hacerlo pecar. Imitaba as\u00ed a Jos\u00e9 el de la Biblia, que prefiri\u00f3 perder cualquier amistad aunque fuera de persona de alta clase social, con tal de no ofender a Dios.<\/p>\n<p>Su padre deseaba que Jos\u00e9 fuera el heredero administrador de sus muchos bienes y riquezas. Pero en una grav\u00edsima enfermedad, el joven le prometi\u00f3 a Dios que si le conced\u00eda la curaci\u00f3n, se dedicar\u00eda \u00fanicamente a trabajar por la salvaci\u00f3n de las almas. El joven cur\u00f3 de la enfermedad, y entonces el pap\u00e1 le permiti\u00f3 cumplir su promesa, y fue ordenado sacerdote. Ya antes se hab\u00eda graduado de doctor en la universidad de Alcal\u00e1.<\/p>\n<p>Cargos importantes. Como ten\u00eda fama de gran santidad y de mucha sabidur\u00eda, el se\u00f1or obispo le fue concediendo puestos de mucha responsabilidad. Primero lo env\u00edo a una regi\u00f3n monta\u00f1osa donde la gente era casi salvaje y muy ignorante en religi\u00f3n. All\u00e1, entre nieves y barrizales y por caminos peligrosos, se propuso visitar familia por familia para ense\u00f1arles la religi\u00f3n y el cambio total.<\/p>\n<p>En Barcelona exist\u00eda una terrible pelea entre dos familias de las principales de la ciudad, con grave peligro de matanzas. San Jos\u00e9 fue enviado a poner la paz y logr\u00f3 que se casara un joven de una de las familias con una muchacha de la familia contraria y as\u00ed volvi\u00f3 a ver paz entre los que antes eran enemigos.<\/p>\n<p>El se\u00f1or obispo de Urgel lo nombr\u00f3 su vicario general, el m\u00e1s alto puesto en la di\u00f3cesis despu\u00e9s del prelado.<\/p>\n<p>Renuncia a todo. Pero \u00e9l sent\u00eda una voz en su interior que le dec\u00eda: &#8220;\u00a1V\u00e1yase a Roma! \u00a1V\u00e1yase a Roma!&#8221; Y en sue\u00f1os ve\u00eda multitudes de ni\u00f1os desamparados que le suplicaban se dedicara a educarlos. As\u00ed que renunciado a sus altos puestos, y repartiendo entre los pobres las grandes riquezas que hab\u00eda heredado de sus padres, se dirigi\u00f3 a pie a la Ciudad Eterna.<\/p>\n<p>Educador de los pobres. En Roma se hizo socio de una cofrad\u00eda que se dedicaba a ense\u00f1ar catecismo a los ni\u00f1os y se dio cuenta de que la ignorancia religiosa era total y que no bastaba con ense\u00f1ar religi\u00f3n los domingos, sino que era necesario fundar escuelas para que los jovencitos tuvieran educaci\u00f3n e instrucci\u00f3n durante la semana. En ese tiempo los gobiernos no ten\u00edan ni escuelas ni colegios, y la juventud crec\u00eda sin instrucci\u00f3n. Se reuni\u00f3 con unos sacerdotes amigos y fund\u00f3 entonces su primera escuela en Roma. Su fin era instruir en la religi\u00f3n y formar buenos ciudadanos. Pronto tuvieron ya cien alumnos. Ten\u00edan que conseguir profesores y edificio, porque los gobiernos no costeaban nada de eso. Pronto fueron llegando nuevos colaboradores y los alumnos fueron ya setecientos. M\u00e1s tarde eran ya mil los j\u00f3venes que estudiaban en las escuelas dirigidas por Jos\u00e9 y su amigos. En sus ratos libres se dedicaban a socorrer enfermos y necesitados, especialmente cuando llegaban la peste o las inundaciones. Con su amigo San Camilo eran incansables en ayudar.<\/p>\n<p>Los escolapios. A sus institutos educativos les puso por nombre &#8220;Escuelas P\u00edas&#8221; y los padres que acompa\u00f1aban al padre Calasanz se llamaron Escolapios. Despu\u00e9s de un par de a\u00f1os ya hab\u00eda &#8220;Escuelas P\u00edas&#8221; en muchos sitios de Italia y en muchos pa\u00edses. Ahora los padres Escolapios tienen 205 casas en el mundo, dedicadas a la educaci\u00f3n, con 1630 religiosos. Son estimad\u00edsimos como educadores.<\/p>\n<p>Visitas repentinas e inesperadas. Los envidiosos empezaron a hacer llegar quejas contra las Escuelas P\u00edas, y el Sumo Pont\u00edfice Clemente VIII envi\u00f3 a los sabios Cardenales Baronio y Antoniani a que hicieran una visita sorpresa a las tales escuelas. Los dos cardenales se presentaron repentinamente sin previo aviso y encontraron que todo funcionaba tan sumamente bien, que el Papa al escuchar su excelente informe se propuso ayudarlas mucho m\u00e1s en adelante. Algo parecido hizo m\u00e1s tarde el Papa Paulo V y al darse cuenta de los bien que funcionaban las escuelas del padre Calasanz, le concedi\u00f3 toda su ayuda. Y en verdad que la necesitaba porque las dificultades que se les presentaban eran muy grandes.<\/p>\n<p>Empiezas los dolores. El padre Calasanz ten\u00eda una gran fuerza y un d\u00eda se ech\u00f3 sobre sus espaldas una pesad\u00edsima campana y se subi\u00f3 por una escalera para llevarla a la torre. Pero la escalera se parti\u00f3 y \u00e9l cay\u00f3 con la campana y se rompi\u00f3 una pierna. Dur\u00f3 varios meses en cama entre la vida y la muerte y desde entonces su falta de salud lo hizo sufrir mucho. Pero los mayores sufrimientos le iban a llegar de otra manera totalmente inesperada.<\/p>\n<p>La persecuci\u00f3n. Recibi\u00f3 el padre Calasanz como colaborador a un hombre ambicioso y lleno de envidia, el cual se propuso hacerle la guerra y quitarle el cargo de Superior General. Por las calumnias de este hombre y de varios m\u00e1s, nuestro santo fue llevado a los tribunales y solamente la intervenci\u00f3n de un cardenal obtuvo que no lo echaran a la c\u00e1rcel. \u00c9l repet\u00eda: &#8220;Me acusan de cosas que no he hecho, pero yo dejo a Dios mi defensa&#8221;. El envidioso logr\u00f3 a base de calumnias que a San Jos\u00e9 Calasanz le quitaran el cargo de Superior General, y despu\u00e9s las acusaciones mentirosas llegaron a tal punto que la Santa Sede determin\u00f3 acabar con la congregaci\u00f3n que el santo hab\u00eda fundado. San Jos\u00e9 al escuchar tan triste noticia, repiti\u00f3 las palabras del Santo Job: &#8220;Dios me lo dio, Dios me lo quit\u00f3, bendito sea Dios&#8221;.<\/p>\n<p>Afortunadamente, despu\u00e9s se supo la verdad y al Fundador le fueron restituidos sus cargos y la Comunidad volvi\u00f3 a ser aprobada y ahora est\u00e1 extendida por todo el mundo.<\/p>\n<p>Dicen que San Alfonso de Ligorio cuando estaba fundando la Congregaci\u00f3n de Padres Redentoristas, y encontraba fuertes dificultades y oposiciones, le\u00eda la vida de San Jos\u00e9 de Calasanz para animarse y seguir luchando hasta conseguir la definitiva aprobaci\u00f3n.<\/p>\n<p>El 25 de agosto del a\u00f1o 1648, a la edad de 92 a\u00f1os pas\u00f3 este gran ap\u00f3stol a la eternidad, a recibir el premio de sus grandes obras apost\u00f3licas y de sus much\u00edsimos sufrimientos.<\/p>\n<p>Fuente: EWTN<\/p>\n<!-- AddThis Advanced Settings generic via filter on the_content --><!-- AddThis Share Buttons generic via filter on the_content -->","protected":false},"excerpt":{"rendered":"<p>Un cardenal que despu\u00e9s fue Sumo Pont\u00edfice, llam\u00f3 a San Jos\u00e9 Calasanz &#8220;un segundo Job&#8221; porque tuvo que sufrir persecuciones como el santo Job de [&hellip;]<!-- AddThis Advanced Settings generic via filter on get_the_excerpt --><!-- AddThis Share Buttons generic via filter on get_the_excerpt --><\/p>\n","protected":false},"author":2,"featured_media":9880,"comment_status":"open","ping_status":"open","sticky":false,"template":"","format":"standard","meta":{"footnotes":""},"categories":[166],"tags":[],"class_list":["post-9879","post","type-post","status-publish","format-standard","has-post-thumbnail","hentry","category-santoral"],"_links":{"self":[{"href":"https:\/\/obispadodezaratecampana.org\/index.php?rest_route=\/wp\/v2\/posts\/9879","targetHints":{"allow":["GET"]}}],"collection":[{"href":"https:\/\/obispadodezaratecampana.org\/index.php?rest_route=\/wp\/v2\/posts"}],"about":[{"href":"https:\/\/obispadodezaratecampana.org\/index.php?rest_route=\/wp\/v2\/types\/post"}],"author":[{"embeddable":true,"href":"https:\/\/obispadodezaratecampana.org\/index.php?rest_route=\/wp\/v2\/users\/2"}],"replies":[{"embeddable":true,"href":"https:\/\/obispadodezaratecampana.org\/index.php?rest_route=%2Fwp%2Fv2%2Fcomments&post=9879"}],"version-history":[{"count":1,"href":"https:\/\/obispadodezaratecampana.org\/index.php?rest_route=\/wp\/v2\/posts\/9879\/revisions"}],"predecessor-version":[{"id":9881,"href":"https:\/\/obispadodezaratecampana.org\/index.php?rest_route=\/wp\/v2\/posts\/9879\/revisions\/9881"}],"wp:featuredmedia":[{"embeddable":true,"href":"https:\/\/obispadodezaratecampana.org\/index.php?rest_route=\/wp\/v2\/media\/9880"}],"wp:attachment":[{"href":"https:\/\/obispadodezaratecampana.org\/index.php?rest_route=%2Fwp%2Fv2%2Fmedia&parent=9879"}],"wp:term":[{"taxonomy":"category","embeddable":true,"href":"https:\/\/obispadodezaratecampana.org\/index.php?rest_route=%2Fwp%2Fv2%2Fcategories&post=9879"},{"taxonomy":"post_tag","embeddable":true,"href":"https:\/\/obispadodezaratecampana.org\/index.php?rest_route=%2Fwp%2Fv2%2Ftags&post=9879"}],"curies":[{"name":"wp","href":"https:\/\/api.w.org\/{rel}","templated":true}]}}