{"id":9855,"date":"2015-09-09T10:11:30","date_gmt":"2015-09-09T13:11:30","guid":{"rendered":"http:\/\/obispadodezaratecampana.org\/?p=9855"},"modified":"2015-09-09T12:29:57","modified_gmt":"2015-09-09T15:29:57","slug":"apertura-del-concurso-para-la-peregrinacion-a-lujan-2015","status":"publish","type":"post","link":"https:\/\/obispadodezaratecampana.org\/?p=9855","title":{"rendered":"Apertura del Concurso: Canci\u00f3n para la Peregrinaci\u00f3n a Luj\u00e1n 2015"},"content":{"rendered":"<p style=\"text-align: center;\"><strong>Concurso de la Canci\u00f3n para la Peregrinaci\u00f3n a Luj\u00e1n 2015<\/strong><\/p>\n<p style=\"text-align: center;\"><img fetchpriority=\"high\" decoding=\"async\" class=\"alignnone size-medium wp-image-10173\" src=\"http:\/\/obispadodezaratecampana.org\/wp-content\/uploads\/2015\/08\/12002370_524424554379964_485553114390819737_o-300x277.jpg\" alt=\"12002370_524424554379964_485553114390819737_o\" width=\"300\" height=\"277\" srcset=\"https:\/\/obispadodezaratecampana.org\/wp-content\/uploads\/2015\/08\/12002370_524424554379964_485553114390819737_o-300x277.jpg 300w, https:\/\/obispadodezaratecampana.org\/wp-content\/uploads\/2015\/08\/12002370_524424554379964_485553114390819737_o-1024x945.jpg 1024w, https:\/\/obispadodezaratecampana.org\/wp-content\/uploads\/2015\/08\/12002370_524424554379964_485553114390819737_o.jpg 1308w\" sizes=\"(max-width: 300px) 100vw, 300px\" \/><\/p>\n<p><strong>Bases y condiciones<\/strong><\/p>\n<p>Apertura del concurso: agosto 2015<\/p>\n<p>Cierre del concurso: 14 de septiembre<\/p>\n<p>Presentaci\u00f3n en vivo: 19 de septiembre<\/p>\n<p>Fecha de la peregrinaci\u00f3n: 31 de octubre<\/p>\n<p><img decoding=\"async\" class=\" wp-image-9856 aligncenter\" src=\"http:\/\/obispadodezaratecampana.org\/wp-content\/uploads\/2015\/08\/11914876_516019925220427_5178469017747038571_n-206x300.jpg\" alt=\"11914876_516019925220427_5178469017747038571_n\" width=\"331\" height=\"383\" \/><\/p>\n<p>FACEBOOK :\u00a0<a title=\"peregrinacion\" href=\"https:\/\/www.facebook.com\/peregrinacion.lujanzc?fref=ts\" target=\"_blank\">https:\/\/www.facebook.com\/peregrinacion.lujanzc?fref=ts<\/a><\/p>\n<p><strong>Objetivo<\/strong><\/p>\n<p>Brindar la posibilidad a todo EL PUEBLO DE DIOS de participar en el CONCURSO que identificar\u00e1 a la PEREGRINACI\u00d3N A LUJ\u00c1N 2015<\/p>\n<p><strong>Participantes<\/strong><\/p>\n<p>Cualquier persona, de forma individual o como grupo. La participaci\u00f3n es libre y gratuita. Solamente, y por razones de mayor objetividad, quedan excluidos de participar los miembros del jurado.<\/p>\n<p><strong>Tem\u00e1tica de la canci\u00f3n<\/strong><\/p>\n<p style=\"text-align: center;\"><strong><span style=\"color: #0000ff;\">El tema musical deber\u00e1 hacer referencia a la peregrinaci\u00f3n a Luj\u00e1n, a la Virgen Mar\u00eda, a los peregrinos, a la fe y, sobre todo, al lema de este a\u00f1o \u201cCon Mar\u00eda de Luj\u00e1n escucha, aprende y anuncia\u201d<\/span><\/strong><\/p>\n<p>La canci\u00f3n (o las canciones) deber\u00e1n ser 100% originales, in\u00e9ditas y de autor\u00eda de los participantes.<\/p>\n<p>Cada participante o grupo podr\u00e1 presentar hasta dos (2) temas, pudiendo ser de cualquier ritmo y estilo musical.<\/p>\n<p><strong>Puntos que se evaluar\u00e1n<\/strong><\/p>\n<p>* Relaci\u00f3n del texto con el lema de este a\u00f1o: \u201cCon Mar\u00eda de Luj\u00e1n escucha, aprende y anuncia\u201d.<\/p>\n<p>* Que el texto tenga un adecuado contenido teol\u00f3gico.<\/p>\n<p>* Que manifieste la espiritualidad popular.<\/p>\n<p>* Que sea alegre y \u201cpegadiza\u201d, para que anime a los peregrinos y ellos mismos la puedan cantar.<\/p>\n<p><strong>Presentaci\u00f3n<\/strong><\/p>\n<p>&gt; La grabaci\u00f3n de la canci\u00f3n (o las canciones) en formato \u00a0mp3.<\/p>\n<p>&gt; La letra (o las letras) de la canci\u00f3n.<\/p>\n<p>&gt; Datos del autor de la letra y datos del autor de la m\u00fasica: nombre y apellido, N\u00b0 DNI, edad, domicilio, N\u00b0 telef\u00f3nico, direcci\u00f3n de correo electr\u00f3nico y, en el caso de utilizarse, seud\u00f3nimo o nombre de grupo.<\/p>\n<p>&gt; Indicar comunidad parroquial y movimiento (si perteneciera) al que pertenece el o los autoresa y los int\u00e9rpretes.<\/p>\n<p>&gt; Una explicaci\u00f3n m\u00ednima de la canci\u00f3n: met\u00e1foras usadas, s\u00edmbolos.<\/p>\n<p>&gt; La fecha l\u00edmite de entrega es el 14 de Septiembre hasta las 22 hs.<\/p>\n<p><strong>Presentaci\u00f3n en vivo<\/strong><\/p>\n<p>La presentaci\u00f3n en vivo de las canciones participantes ser\u00e1 el s\u00e1bado 19 de septiembre en la Parroquia \u201cNtra. Sra. del Carmen\u201d de Campana.<\/p>\n<p>No es necesario que el autor de la canci\u00f3n sea el int\u00e9rprete de la canci\u00f3n. Puede elegir un solista o grupo que la presente.<\/p>\n<p><strong>Pre-Selecci\u00f3n<\/strong><\/p>\n<p>Como las canciones participantes ser\u00e1n presentadas en p\u00fablico se har\u00e1 una preselecci\u00f3n, basada especialmente en el contenido de la letra. En caso de no pasar la misma se le avisar\u00e1 oportunamente al participante que ha quedado fuera de concurso.<\/p>\n<p><strong>Grabaci\u00f3n<\/strong><\/p>\n<p>La grabaci\u00f3n de la canci\u00f3n queda a cargo de la organizaci\u00f3n, teniendo la misma el derecho de agregar m\u00fasicos y hacer los arreglos musicales necesarios para la misma, sin alterar la melod\u00eda de la misma.<\/p>\n<p><strong>Modos de presentaci\u00f3n<\/strong><\/p>\n<p>* V\u00eda email a peregrinacionalujan@gmail.com , como archivos adjuntos.<\/p>\n<p>* V\u00eda postal: Av. Varela 382, Campana, CP 2804, a nombre del di\u00e1cono Sergio Pandiani. En este caso, tenes que imprimir la letra (o las letras) de la canci\u00f3n en una hoja, la explicaci\u00f3n en otra hoja y los datos en una tercera hoja, y grabar la canci\u00f3n en un CD. Pones todo en un sobre y lo env\u00edas.<\/p>\n<p>Consultas. Cualquier duda escrib\u00ed a: peregrinacionalujan@gmail.com<\/p>\n<p><strong>Importante<\/strong><\/p>\n<p>El hecho de participar en este concurso supone por parte del participante el conocimiento y la aceptaci\u00f3n de las bases y condiciones de este concurso. El concurso no cuenta con ning\u00fan premio en efectivo. El concurso se organiza como una actividad que va preparando el clima previo la peregrinaci\u00f3n. Vale aclarar que es el Pueblo de Dios de Z\u00e1rate, Campana, Escobar, Pilar, Baradero, Exaltaci\u00f3n de la Cruz y San Antonio de Areco quien peregrina a Luj\u00e1n el Noviembre, y la canci\u00f3n es para \u00e9sta peregrinaci\u00f3n. La di\u00f3cesis acompa\u00f1a al Pueblo que espont\u00e1neamente peregrina a Luj\u00e1n, y de este mismo modo, surge el concurso de la canci\u00f3n.<\/p>\n<p>La canci\u00f3n ganadora ser\u00e1 grabada en los estudios de Fm Santa Mar\u00eda para ser el tema que represente la Peregrinaci\u00f3n 2015. A continuaci\u00f3n, ser\u00e1 difundida entre las parroquias y transmitida a trav\u00e9s de los medios de comunicaci\u00f3n antes de la Peregrinaci\u00f3n, anunciando el autor e int\u00e9rprete de la misma, para que se vaya aprendiendo; luego, ir\u00e1 animando a los peregrinos a lo largo de la Peregrinaci\u00f3n (31 de Octubre y 1 de Noviembre) y despu\u00e9s, se cantar\u00e1 en la Misa de llegada.<\/p>\n<p>El concursante se comprometer\u00e1, bajo firma, a no hacer ning\u00fan registro de la canci\u00f3n con intensi\u00f3n de usufructuar con la misma. A su vez, la organizaci\u00f3n se compromete a reconocer p\u00fablicamente a sus autores y a no registrar la misma a nombre propio o de otro.<\/p>\n<!-- AddThis Advanced Settings generic via filter on the_content --><!-- AddThis Share Buttons generic via filter on the_content -->","protected":false},"excerpt":{"rendered":"<p>Concurso de la Canci\u00f3n para la Peregrinaci\u00f3n a Luj\u00e1n 2015 Bases y condiciones Apertura del concurso: agosto 2015 Cierre del concurso: 14 de septiembre Presentaci\u00f3n [&hellip;]<!-- AddThis Advanced Settings generic via filter on get_the_excerpt --><!-- AddThis Share Buttons generic via filter on get_the_excerpt --><\/p>\n","protected":false},"author":2,"featured_media":10173,"comment_status":"open","ping_status":"open","sticky":false,"template":"","format":"standard","meta":{"footnotes":""},"categories":[1],"tags":[],"class_list":["post-9855","post","type-post","status-publish","format-standard","has-post-thumbnail","hentry","category-noticiasdiocesanas"],"_links":{"self":[{"href":"https:\/\/obispadodezaratecampana.org\/index.php?rest_route=\/wp\/v2\/posts\/9855","targetHints":{"allow":["GET"]}}],"collection":[{"href":"https:\/\/obispadodezaratecampana.org\/index.php?rest_route=\/wp\/v2\/posts"}],"about":[{"href":"https:\/\/obispadodezaratecampana.org\/index.php?rest_route=\/wp\/v2\/types\/post"}],"author":[{"embeddable":true,"href":"https:\/\/obispadodezaratecampana.org\/index.php?rest_route=\/wp\/v2\/users\/2"}],"replies":[{"embeddable":true,"href":"https:\/\/obispadodezaratecampana.org\/index.php?rest_route=%2Fwp%2Fv2%2Fcomments&post=9855"}],"version-history":[{"count":4,"href":"https:\/\/obispadodezaratecampana.org\/index.php?rest_route=\/wp\/v2\/posts\/9855\/revisions"}],"predecessor-version":[{"id":10175,"href":"https:\/\/obispadodezaratecampana.org\/index.php?rest_route=\/wp\/v2\/posts\/9855\/revisions\/10175"}],"wp:featuredmedia":[{"embeddable":true,"href":"https:\/\/obispadodezaratecampana.org\/index.php?rest_route=\/wp\/v2\/media\/10173"}],"wp:attachment":[{"href":"https:\/\/obispadodezaratecampana.org\/index.php?rest_route=%2Fwp%2Fv2%2Fmedia&parent=9855"}],"wp:term":[{"taxonomy":"category","embeddable":true,"href":"https:\/\/obispadodezaratecampana.org\/index.php?rest_route=%2Fwp%2Fv2%2Fcategories&post=9855"},{"taxonomy":"post_tag","embeddable":true,"href":"https:\/\/obispadodezaratecampana.org\/index.php?rest_route=%2Fwp%2Fv2%2Ftags&post=9855"}],"curies":[{"name":"wp","href":"https:\/\/api.w.org\/{rel}","templated":true}]}}