{"id":9716,"date":"2015-08-13T15:17:11","date_gmt":"2015-08-13T18:17:11","guid":{"rendered":"http:\/\/obispadodezaratecampana.org\/?p=9716"},"modified":"2015-08-13T15:17:11","modified_gmt":"2015-08-13T18:17:11","slug":"invitacion-congreso-en-tucuman-25-al-30-de-agosto","status":"publish","type":"post","link":"https:\/\/obispadodezaratecampana.org\/?p=9716","title":{"rendered":"Invitaci\u00f3n Congreso en Tucum\u00e1n: 25 al 30 de agosto"},"content":{"rendered":"<p>Desde el observatorio de la Vida Tucum\u00e1n, promovido por la Vicar\u00eda Episcopal de Fe y Cultura de la Arquidi\u00f3cesis de Tucum\u00e1n est\u00e1n invitados a participar:<\/p>\n<p><em>7\u00b0 Congreso Internacional, 1\u00b0 Congreso Argentino REDESSVida, Human Life International tendr\u00e1 lugar en la UNSTA (9 de Julio 165), San Miguel de Tucum\u00e1n, los d\u00edas 25 al 30 de agosto pr\u00f3ximos.<\/em><\/p>\n<p><em>\u00a0El evento, tiene como objetivo aprender, promover y compartir iniciativas relacionadas a la defensa y al cuidado de la vida humana, desde su concepci\u00f3n hasta la muerte natural.<\/em><\/p>\n<p><em>\u00a0Este prestigioso Congreso brindar\u00e1 a todos los tucumanos, y a quienes vengan de otras provincias, una &#8220;excelente oportunidad de formaci\u00f3n&#8221;, para seguir trabajando en defensa de la Vida Humana, en el anuncio del Evangelio de la Vida y en la promoci\u00f3n de la Cultura de la Vida, con un claro conocimiento del valor intangible de la misma<\/em><\/p>\n<p><em>\u00a0Importantes referentes nacionales e internacionales se reunir\u00e1n en Tucum\u00e1n a fin de exponer sus conocimientos en diversas Conferencias dirigidas al clero y a laicos, como preparaci\u00f3n al pr\u00f3ximo S\u00ednodo General de la Familia que se celebrar\u00e1 en Roma.<\/em><\/p>\n<p><em>\u00a0Estar\u00e1n presentes en el congreso el Director de Coordinaci\u00f3n de Human Life International, Ing. Mario Rojas; elcoordinador de Human Life International Sr. Raymond de Souza, la Lic. Nancy Tosi y el Padre Juan Carlos Ch\u00e1vez; como as\u00ed tambi\u00e9n prestigiosos disertantes de nuestro pa\u00eds.<\/em><\/p>\n<p><em>\u00a0Habr\u00e1 adem\u00e1s una \u201cExposici\u00f3n de Posters\u201d de distintas agrupaciones o asociaciones, que fueron invitadas a presentar de manera gr\u00e1fica sus importantes trabajos, constituyendo as\u00ed un excelente aporte a fin de mostrar obras concretas al servicio de la Vida y la Familia, como as\u00ed tambi\u00e9n establecer contactos que permitan optimizar recursos mediante la conformaci\u00f3n de redes.<\/em><\/p>\n<p><em>\u00a0Se realizar\u00e1 tambi\u00e9n, como parte de las actividades previstas, la \u201cExposici\u00f3n Itinerante para la Defensa de la Vida Humana\u201d.<\/em><\/p>\n<p><em>\u00a0<\/em><\/p>\n<p><em>\u00a0<strong>Informes e inscripci\u00f3n: congresohumanlifetuc@gmail.com<\/strong><\/em><\/p>\n<p>&nbsp;<\/p>\n<p>&nbsp;<\/p>\n<p><img fetchpriority=\"high\" decoding=\"async\" class=\" wp-image-9717 aligncenter\" src=\"http:\/\/obispadodezaratecampana.org\/wp-content\/uploads\/2015\/08\/11825178_867761603300470_7260545874118035760_n-300x272.jpg\" alt=\"11825178_867761603300470_7260545874118035760_n\" width=\"567\" height=\"399\" \/><\/p>\n<!-- AddThis Advanced Settings generic via filter on the_content --><!-- AddThis Share Buttons generic via filter on the_content -->","protected":false},"excerpt":{"rendered":"<p>Desde el observatorio de la Vida Tucum\u00e1n, promovido por la Vicar\u00eda Episcopal de Fe y Cultura de la Arquidi\u00f3cesis de Tucum\u00e1n est\u00e1n invitados a participar: [&hellip;]<!-- AddThis Advanced Settings generic via filter on get_the_excerpt --><!-- AddThis Share Buttons generic via filter on get_the_excerpt --><\/p>\n","protected":false},"author":2,"featured_media":9717,"comment_status":"open","ping_status":"open","sticky":false,"template":"","format":"standard","meta":{"footnotes":""},"categories":[5],"tags":[],"class_list":["post-9716","post","type-post","status-publish","format-standard","has-post-thumbnail","hentry","category-generales"],"_links":{"self":[{"href":"https:\/\/obispadodezaratecampana.org\/index.php?rest_route=\/wp\/v2\/posts\/9716","targetHints":{"allow":["GET"]}}],"collection":[{"href":"https:\/\/obispadodezaratecampana.org\/index.php?rest_route=\/wp\/v2\/posts"}],"about":[{"href":"https:\/\/obispadodezaratecampana.org\/index.php?rest_route=\/wp\/v2\/types\/post"}],"author":[{"embeddable":true,"href":"https:\/\/obispadodezaratecampana.org\/index.php?rest_route=\/wp\/v2\/users\/2"}],"replies":[{"embeddable":true,"href":"https:\/\/obispadodezaratecampana.org\/index.php?rest_route=%2Fwp%2Fv2%2Fcomments&post=9716"}],"version-history":[{"count":1,"href":"https:\/\/obispadodezaratecampana.org\/index.php?rest_route=\/wp\/v2\/posts\/9716\/revisions"}],"predecessor-version":[{"id":9718,"href":"https:\/\/obispadodezaratecampana.org\/index.php?rest_route=\/wp\/v2\/posts\/9716\/revisions\/9718"}],"wp:featuredmedia":[{"embeddable":true,"href":"https:\/\/obispadodezaratecampana.org\/index.php?rest_route=\/wp\/v2\/media\/9717"}],"wp:attachment":[{"href":"https:\/\/obispadodezaratecampana.org\/index.php?rest_route=%2Fwp%2Fv2%2Fmedia&parent=9716"}],"wp:term":[{"taxonomy":"category","embeddable":true,"href":"https:\/\/obispadodezaratecampana.org\/index.php?rest_route=%2Fwp%2Fv2%2Fcategories&post=9716"},{"taxonomy":"post_tag","embeddable":true,"href":"https:\/\/obispadodezaratecampana.org\/index.php?rest_route=%2Fwp%2Fv2%2Ftags&post=9716"}],"curies":[{"name":"wp","href":"https:\/\/api.w.org\/{rel}","templated":true}]}}