{"id":9686,"date":"2015-09-04T18:16:10","date_gmt":"2015-09-04T21:16:10","guid":{"rendered":"http:\/\/obispadodezaratecampana.org\/?p=9686"},"modified":"2015-09-04T18:44:11","modified_gmt":"2015-09-04T21:44:11","slug":"6-de-septiembre-encuentro-diocesano-de-la-iam","status":"publish","type":"post","link":"https:\/\/obispadodezaratecampana.org\/?p=9686","title":{"rendered":"Domingo 6 de Septiembre: Encuentro Diocesano de la IAM"},"content":{"rendered":"<p style=\"text-align: center;\"><span style=\"color: #008000;\"><em><strong>&#8220;CON TERNURA Y CARIDAD, TRANSFORMEMOS LA REALIDAD<\/strong><\/em><\/span><\/p>\n<p style=\"text-align: center;\"><span style=\"color: #008000;\"><em><strong>De la mano de Santa Rosa&#8221;<\/strong><\/em><\/span><\/p>\n<p><span style=\"color: #008000;\">VIII Encuentro Diocesano de la IAM en nuestra di\u00f3cesis de Z\u00e1rate- Campana<\/span><\/p>\n<p><span style=\"color: #008000;\">Domigo 6 de septiembre en la Parroquia Santa Rosa de Lima de Manuel Alberti. <\/span><\/p>\n<p><span style=\"color: #008000;\">Horario: \u00a09:30 a 17:00 hs.<\/span><\/p>\n<p>&nbsp;<\/p>\n<p style=\"text-align: center;\"><span style=\"color: #008000;\"><em><strong>\u00a1\u00a1\u00a1DE LOS NI\u00d1OS Y ADOLESCENTES DEL MUNDO:\u00a0<\/strong><\/em><\/span><br \/>\n<span style=\"color: #008000;\"><em><strong>SIEMPRE AMIGOS!!!<\/strong><\/em><\/span><\/p>\n<p style=\"text-align: center;\"><a href=\"http:\/\/obispadodezaratecampana.org\/wp-content\/uploads\/2015\/08\/iam.jpg\"><img fetchpriority=\"high\" decoding=\"async\" class=\"alignnone size-medium wp-image-10111\" src=\"http:\/\/obispadodezaratecampana.org\/wp-content\/uploads\/2015\/08\/iam-300x300.jpg\" alt=\"iam\" width=\"300\" height=\"300\" srcset=\"https:\/\/obispadodezaratecampana.org\/wp-content\/uploads\/2015\/08\/iam-300x300.jpg 300w, https:\/\/obispadodezaratecampana.org\/wp-content\/uploads\/2015\/08\/iam-150x150.jpg 150w, https:\/\/obispadodezaratecampana.org\/wp-content\/uploads\/2015\/08\/iam.jpg 720w\" sizes=\"(max-width: 300px) 100vw, 300px\" \/><\/a><\/p>\n<p>En una publicaci\u00f3n del 11 de agosto, aparecida en el perfil de facebook de la IAM de nuestra di\u00f3cesis, compart\u00edan fotos del encuentro diocesano del a\u00f1o 2014, invitando a prepararse y participar al de este a\u00f1o:<\/p>\n<p>En este enlace pueden ver las todas fotos del VII EDIAM, del a\u00f1o 2014:<\/p>\n<p><a title=\"iam\" href=\"https:\/\/www.facebook.com\/iamdiocesana.zaratecampana\/media_set?set=a.773464499355273&amp;type=3&amp;pnref=story\" target=\"_blank\">https:\/\/www.facebook.com\/iamdiocesana.zaratecampana\/media_set?set=a.773464499355273&amp;type=3&amp;pnref=story<\/a><\/p>\n<p>&nbsp;<\/p>\n<p style=\"text-align: center;\">ALGUNAS FOTOS DEL ENCUENTRO DIOCESANO DE LA IAM DEL A\u00d1O 2014<\/p>\n<p>\u00a0\u00a0\u00a0<img decoding=\"async\" class=\" wp-image-9690 aligncenter\" src=\"http:\/\/obispadodezaratecampana.org\/wp-content\/uploads\/2015\/08\/1507567_768266829875040_6733810231458046608_n-200x300.jpg\" alt=\"1507567_768266829875040_6733810231458046608_n\" width=\"339\" height=\"410\" \/><\/p>\n<p><img decoding=\"async\" class=\" wp-image-9687 aligncenter\" src=\"http:\/\/obispadodezaratecampana.org\/wp-content\/uploads\/2015\/08\/1488032_768268546541535_843120764942955647_n-300x200.jpg\" alt=\"1488032_768268546541535_843120764942955647_n\" width=\"489\" height=\"329\" \/><\/p>\n<p><img loading=\"lazy\" decoding=\"async\" class=\" wp-image-9689 alignnone aligncenter\" src=\"http:\/\/obispadodezaratecampana.org\/wp-content\/uploads\/2015\/08\/10687144_768269249874798_7884007708890394071_n-200x300.jpg\" alt=\"10687144_768269249874798_7884007708890394071_n\" width=\"328\" height=\"401\" \/><\/p>\n<p><img loading=\"lazy\" decoding=\"async\" class=\" wp-image-9688 aligncenter\" src=\"http:\/\/obispadodezaratecampana.org\/wp-content\/uploads\/2015\/08\/997074_768268806541509_7273338362541007345_n-200x300.jpg\" alt=\"997074_768268806541509_7273338362541007345_n\" width=\"362\" height=\"381\" \/><\/p>\n<p>&nbsp;<\/p>\n<!-- AddThis Advanced Settings generic via filter on the_content --><!-- AddThis Share Buttons generic via filter on the_content -->","protected":false},"excerpt":{"rendered":"<p>&#8220;CON TERNURA Y CARIDAD, TRANSFORMEMOS LA REALIDAD De la mano de Santa Rosa&#8221; VIII Encuentro Diocesano de la IAM en nuestra di\u00f3cesis de Z\u00e1rate- Campana [&hellip;]<!-- AddThis Advanced Settings generic via filter on get_the_excerpt --><!-- AddThis Share Buttons generic via filter on get_the_excerpt --><\/p>\n","protected":false},"author":2,"featured_media":9687,"comment_status":"open","ping_status":"open","sticky":false,"template":"","format":"standard","meta":{"footnotes":""},"categories":[1],"tags":[],"class_list":["post-9686","post","type-post","status-publish","format-standard","has-post-thumbnail","hentry","category-noticiasdiocesanas"],"_links":{"self":[{"href":"https:\/\/obispadodezaratecampana.org\/index.php?rest_route=\/wp\/v2\/posts\/9686","targetHints":{"allow":["GET"]}}],"collection":[{"href":"https:\/\/obispadodezaratecampana.org\/index.php?rest_route=\/wp\/v2\/posts"}],"about":[{"href":"https:\/\/obispadodezaratecampana.org\/index.php?rest_route=\/wp\/v2\/types\/post"}],"author":[{"embeddable":true,"href":"https:\/\/obispadodezaratecampana.org\/index.php?rest_route=\/wp\/v2\/users\/2"}],"replies":[{"embeddable":true,"href":"https:\/\/obispadodezaratecampana.org\/index.php?rest_route=%2Fwp%2Fv2%2Fcomments&post=9686"}],"version-history":[{"count":5,"href":"https:\/\/obispadodezaratecampana.org\/index.php?rest_route=\/wp\/v2\/posts\/9686\/revisions"}],"predecessor-version":[{"id":10115,"href":"https:\/\/obispadodezaratecampana.org\/index.php?rest_route=\/wp\/v2\/posts\/9686\/revisions\/10115"}],"wp:featuredmedia":[{"embeddable":true,"href":"https:\/\/obispadodezaratecampana.org\/index.php?rest_route=\/wp\/v2\/media\/9687"}],"wp:attachment":[{"href":"https:\/\/obispadodezaratecampana.org\/index.php?rest_route=%2Fwp%2Fv2%2Fmedia&parent=9686"}],"wp:term":[{"taxonomy":"category","embeddable":true,"href":"https:\/\/obispadodezaratecampana.org\/index.php?rest_route=%2Fwp%2Fv2%2Fcategories&post=9686"},{"taxonomy":"post_tag","embeddable":true,"href":"https:\/\/obispadodezaratecampana.org\/index.php?rest_route=%2Fwp%2Fv2%2Ftags&post=9686"}],"curies":[{"name":"wp","href":"https:\/\/api.w.org\/{rel}","templated":true}]}}