{"id":9674,"date":"2015-08-10T23:48:26","date_gmt":"2015-08-11T02:48:26","guid":{"rendered":"http:\/\/obispadodezaratecampana.org\/?p=9674"},"modified":"2015-08-15T08:49:29","modified_gmt":"2015-08-15T11:49:29","slug":"15-de-agosto-asuncion-de-maria-al-cielo","status":"publish","type":"post","link":"https:\/\/obispadodezaratecampana.org\/?p=9674","title":{"rendered":"-.- 15 de Agosto: Asunci\u00f3n de Mar\u00eda al Cielo  -.-"},"content":{"rendered":"<p>La fiesta de la Asunci\u00f3n de la Sant\u00edsima Virgen Mar\u00eda, se celebra en toda la Iglesia el 15 de agosto. Esta fiesta tiene un doble objetivo: La feliz partida de Mar\u00eda de esta vida y la asunci\u00f3n de su cuerpo al cielo.<\/p>\n<p><em>\u201cEn esta solemnidad de la Asunci\u00f3n contemplamos a Mar\u00eda: ella nos abre a la esperanza, a un futuro lleno de alegr\u00eda y nos ense\u00f1a el camino para alcanzarlo: acoger en la fe a su Hijo; no perder nunca la amistad con \u00e9l, sino dejarnos iluminar y guiar por su Palabra; seguirlo cada d\u00eda, incluso en los momentos en que sentimos que nuestras cruces resultan pesadas. Mar\u00eda, el arca de la alianza que est\u00e1 en el santuario del cielo, nos indica con claridad luminosa que estamos en camino hacia nuestra verdadera Casa, la comuni\u00f3n de alegr\u00eda y de paz con Dios\u201d. Homil\u00eda de Benedicto XVI (2010)<\/em><\/p>\n<p>La fe en la Asunci\u00f3n de la Virgen Mar\u00eda en cuerpo y alma es antiqu\u00edsima en la Iglesia. En cuanto a la proclamaci\u00f3n del dogma (en tanto proclamaci\u00f3n relativamente reciente) de la Asunci\u00f3n se refiere a que la Madre de Dios, luego de su vida terrena fue elevada en cuerpo y alma a la gloria celestial.<\/p>\n<p>Este Dogma fue proclamado por el Papa P\u00edo XII, el 1\u00ba de noviembre de 1950, en la Constituci\u00f3n Munificentisimus Deus:<br \/>\n&#8220;Despu\u00e9s de elevar a Dios muchas y reiteradas preces y de invocar la luz del Esp\u00edritu de la Verdad, para gloria de Dios omnipotente, que otorg\u00f3 a la Virgen Mar\u00eda su peculiar benevolencia; para honor de su Hijo, Rey inmortal de los siglos y vencedor del pecado y de la muerte; para aumentar la gloria de la misma augusta Madre y para gozo y alegr\u00eda de toda la Iglesia, con la autoridad de nuestro Se\u00f1or Jesucristo, de los bienaventurados ap\u00f3stoles Pedro y Pablo y con la nuestra, pronunciamos, declaramos y definimos ser dogma divinamente revelado que La Inmaculada Madre de Dios y siempre Virgen Mar\u00eda, terminado el curso de su vida terrenal, fue asunta en cuerpo y alma a la gloria del cielo&#8221;.<\/p>\n<p>Ahora bien, \u00bfpor qu\u00e9 es importante que los cat\u00f3licos recordemos y profundicemos en el Dogma de la Asunci\u00f3n de la Sant\u00edsima Virgen Mar\u00eda al Cielo? El Nuevo Catecismo de la Iglesia Cat\u00f3lica responde a este interrogante:<br \/>\n&#8220;La Asunci\u00f3n de la Sant\u00edsima Virgen constituye una participaci\u00f3n singular en la Resurrecci\u00f3n de su Hijo y una anticipaci\u00f3n de la resurrecci\u00f3n de los dem\u00e1s cristianos&#8221;.<br \/>\nLa importancia de la Asunci\u00f3n para nosotros, hombres y mujeres de comienzos del Tercer Milenio de la Era Cristiana, radica en la relaci\u00f3n que hay entre la Resurrecci\u00f3n de Cristo y la nuestra. La presencia de Mar\u00eda, mujer de nuestra raza, ser humano como nosotros, quien se halla en cuerpo y alma ya glorificada en el Cielo, es eso: una anticipaci\u00f3n de nuestra propia resurrecci\u00f3n.<br \/>\nM\u00e1s a\u00fan, la Asunci\u00f3n de Mar\u00eda en cuerpo y alma al cielo es un Dogma de nuestra fe cat\u00f3lica, expresamente definido por el Papa P\u00edo XII hablando &#8220;ex-cathedra&#8221;. Y &#8230; \u00bfqu\u00e9 es un Dogma? Puesto en los t\u00e9rminos m\u00e1s sencillos, Dogma es una verdad de Fe, revelada por Dios (en la Sagrada Escritura o contenida en la Tradici\u00f3n), y que adem\u00e1s es propuesta por la Iglesia como realmente revelada por Dios.<br \/>\nEn este caso se dice que el Papa habla &#8220;ex-cathedra&#8221;, es decir, que habla y determina algo en virtud de la autoridad suprema que tiene como Vicario de Cristo y Cabeza Visible de la Iglesia, Maestro Supremo de la Fe, con intenci\u00f3n de proponer un asunto como creencia obligatoria de los fieles Cat\u00f3licos.<\/p>\n<p>El Nuevo Catecismo de la Iglesia Cat\u00f3lica (966) nos lo explica as\u00ed, citando a Lumen Gentium 59, que a la vez cita la Bula de la Proclamaci\u00f3n del Dogma: &#8220;Finalmente, la Virgen Inmaculada, preservada libre de toda mancha de pecado original, terminado el curso de su vida en la tierra, fue llevada a la gloria del Cielo y elevada al Trono del Se\u00f1or como Reina del Universo, para ser conformada m\u00e1s plenamente a su Hijo, Se\u00f1or de los se\u00f1ores y vencedor del pecado y de la muerte&#8221;.<br \/>\nLos hombres y mujeres de hoy vivimos pendientes del enigma de la muerte. Aunque lo enfoquemos de diversas formas, seg\u00fan la cultura y las creencias que tengamos, aunque lo evadamos en nuestro pensamiento, aunque tratemos de prolongar por todos los medios a nuestro alcance nuestros d\u00edas en la tierra, todos tenemos una necesidad grande de esa esperanza cierta de inmortalidad contenida en la promesa de Cristo sobre nuestra futura resurrecci\u00f3n.<br \/>\nEl misterio de la Asunci\u00f3n de la Sant\u00edsima Virgen Mar\u00eda al Cielo nos invita a hacer una pausa en la agitada vida que llevamos para reflexionar sobre el sentido de nuestra vida aqu\u00ed en la tierra, sobre nuestro fin \u00faltimo: la Vida Eterna, junto con la Sant\u00edsima Trinidad, la Sant\u00edsima Virgen Mar\u00eda y los Angeles y Santos del Cielo. El saber que Mar\u00eda ya est\u00e1 en el Cielo gloriosa en cuerpo y alma, como se nos ha prometido a aqu\u00e9llos que hagamos la Voluntad de Dios, nos renueva la esperanza en nuestra futura inmortalidad y felicidad perfecta para siempre.<\/p>\n<p><img fetchpriority=\"high\" decoding=\"async\" class=\" wp-image-9733 aligncenter\" src=\"http:\/\/obispadodezaratecampana.org\/wp-content\/uploads\/2015\/08\/11888582_1001005546616463_5476672951311346637_o-300x225.jpg\" alt=\"11888582_1001005546616463_5476672951311346637_o\" width=\"388\" height=\"313\" \/><\/p>\n<p><img decoding=\"async\" class=\" wp-image-9734 aligncenter\" src=\"http:\/\/obispadodezaratecampana.org\/wp-content\/uploads\/2015\/08\/11864942_1001005593283125_834309619703234023_o-300x225.jpg\" alt=\"11864942_1001005593283125_834309619703234023_o\" width=\"530\" height=\"400\" \/><\/p>\n<p>&nbsp;<\/p>\n<p><strong>Con la misma voz del Papa Francisco, nos preparamos para celebrar, \u00aben uni\u00f3n con toda la Iglesia, la Solemnidad de la Asunci\u00f3n de Nuestra Se\u00f1ora en cuerpo y alma a la gloria del cielo\u00bb. Y lo hacemos en el aniversario del Viaje Apost\u00f3lico a Corea del Sur &#8211; del 13 al 18 de agosto de 2014.<\/strong><\/p>\n<p>Contemplemos a Mar\u00eda, que en la gloria junto a su Hijo divino, nos invita a tomar conciencia del futuro que Cristo nos ofrece tambi\u00e9n hoy<\/p>\n<p>La VI Jornada de la Juventud Asi\u00e1tica, la beatificaci\u00f3n de 124 m\u00e1rtires coreanos, la Misa por la paz y la reconciliaci\u00f3n y la Eucarist\u00eda de la Solemnidad de la Asunci\u00f3n de la Virgen Mar\u00eda, caracterizaron el III Viaje Apost\u00f3lico Internacional del Papa Bergoglio.<\/p>\n<p>\u00abCon esta celebraci\u00f3n nos unimos a toda la Iglesia extendida por el mundo que ve en Mar\u00eda la Madre de nuestra esperanza. Su c\u00e1ntico de alabanza nos recuerda que Dios no se olvida nunca de sus promesas de misericordia\u00bb, dijo el Papa Francisco y alent\u00f3 a transformar el mundo seg\u00fan el plan de Dios Amor, poniendo de relieve que la Asunci\u00f3n de Mar\u00eda nos muestra la esperanza y libertad cristiana real.<\/p>\n<p>Amar a Dios y a los hermanos, con coraz\u00f3n puro<\/p>\n<p>Con la ferviente participaci\u00f3n de unos 50.000 fieles que lo ovacionaron con gran cari\u00f1o a su llegada, el Papa Francisco, en uni\u00f3n con toda la Iglesia extendida por el mundo, celebr\u00f3 la Santa Misa de la Solemnidad de la Asunci\u00f3n de la Virgen Mar\u00eda, en Daejeon, a 137 kil\u00f3metros de Se\u00fal.<\/p>\n<p>Contemplando a Nuestra Se\u00f1ora, que nos muestra nuestro destino como hijos adoptivos de Dios y miembros del Cuerpo de Cristo, el Obispo de Roma destac\u00f3 que, \u00abcomo Mar\u00eda, nuestra Madre, estamos llamados a participar plenamente en la victoria del Se\u00f1or sobre el pecado y sobre la muerte y a reinar con \u00c9l en su Reino eterno &#8211; donde reinar es servir &#8211; y tomando conciencia del futuro que, tambi\u00e9n hoy, el Se\u00f1or Resucitado nos ofrece\u00bb.<\/p>\n<p>Alentando a invocar a Mar\u00eda Madre como Madre de la Iglesia en Corea y de la esperanza, que nos ofrece el Evangelio &#8211; ant\u00eddoto contra la desesperaci\u00f3n que parece extenderse como un c\u00e1ncer, en una sociedad exteriormente rica, que a menudo experimenta amargura y vac\u00edo interior &#8211; el Santo Padre reiter\u00f3 que la verdadera libertad se encuentra en la acogida amorosa de la voluntad del Padre.<\/p>\n<p>Con el anhelo de que sean \u00abfieles a la libertad real, recibida en el bautismo, para transformar el mundo seg\u00fan el plan de Dios\u00bb, alent\u00f3 a pedir a la Madre de Dios que los cristianos de Corea \u00absean fuerza generosa de renovaci\u00f3n espiritual en todos los \u00e1mbitos de la sociedad\u00bb<\/p>\n<p>\u00abQue combatan la fascinaci\u00f3n de un materialismo que ahoga los aut\u00e9nticos valores espirituales y culturales, la competici\u00f3n desenfrenada, que genera ego\u00edsmo y hostilidad\u00bb.<\/p>\n<p>\u00abQue rechacen modelos econ\u00f3micos inhumanos, que crean nuevas formas de pobreza y marginan a los trabajadores, as\u00ed como la cultura de la muerte, que deval\u00faa la imagen de Dios, del Dios de la vida y atenta contra la dignidad de todo hombre, mujer y ni\u00f1o. Que los j\u00f3venes no se dejen nunca robar la esperanza\u00bb.<\/p>\n<p>(CdM \u2013 RV)<\/p>\n<p>Texto completo de la homil\u00eda del Papa:<\/p>\n<p>\u00abQueridos hermanos y hermanas en Cristo:<\/p>\n<p>En uni\u00f3n con toda la Iglesia celebramos la Asunci\u00f3n de Nuestra Se\u00f1ora en cuerpo y alma a la gloria del cielo. La Asunci\u00f3n de Mar\u00eda nos muestra nuestro destino como hijos adoptivos de Dios y miembros del Cuerpo de Cristo. Como Mar\u00eda, nuestra Madre, estamos llamados a participar plenamente en la victoria del Se\u00f1or sobre el pecado y sobre la muerte y a reinar con \u00c9l en su Reino eterno. \u00c9sta es nuestra vocaci\u00f3n.<br \/>\nLa \u201cgran se\u00f1al\u201d que nos presenta la primera lectura \u2013una mujer vestida de sol coronada de estrellas (cf. Ap 12,1)\u2013 nos invita a contemplar a Mar\u00eda, entronizada en la gloria junto a su divino Hijo. Nos invita a tomar conciencia del futuro que tambi\u00e9n hoy el Se\u00f1or resucitado nos ofrece. Los coreanos tradicionalmente celebran esta fiesta a la luz de su experiencia hist\u00f3rica, reconociendo la amorosa intercesi\u00f3n de Mar\u00eda en la historia de la naci\u00f3n y en la vida del pueblo.<\/p>\n<p>En la segunda lectura hemos escuchado a san Pablo dici\u00e9ndonos que Cristo es el nuevo Ad\u00e1n, cuya obediencia a la voluntad del Padre ha destruido el reino del pecado y de la esclavitud y ha inaugurado el reino de la vida y de la libertad (cf. 1 Co 15,24-25). La verdadera libertad se encuentra en la acogida amorosa de la voluntad del Padre. De Mar\u00eda, llena de gracia, aprendemos que la libertad cristiana es algo m\u00e1s que la simple liberaci\u00f3n del pecado. Es la libertad que nos permite ver las realidades terrenas con una nueva luz espiritual, la libertad para amar a Dios y a los hermanos con un coraz\u00f3n puro y vivir en la gozosa esperanza de la venida del Reino de Cristo.<\/p>\n<p>Hoy, venerando a Mar\u00eda, Reina del Cielo, nos dirigimos a ella como Madre de la Iglesia en Corea. Le pedimos que nos ayude a ser fieles a la libertad real que hemos recibido el d\u00eda de nuestro bautismo, que gu\u00ede nuestros esfuerzos para transformar el mundo seg\u00fan el plan de Dios, y que haga que la Iglesia de este pa\u00eds sea m\u00e1s plenamente levadura de su Reino en medio de la sociedad coreana. Que los cristianos de esta naci\u00f3n sean una fuerza generosa de renovaci\u00f3n espiritual en todos los \u00e1mbitos de la sociedad. Que combatan la fascinaci\u00f3n de un materialismo que ahoga los aut\u00e9nticos valores espirituales y culturales y el esp\u00edritu de competici\u00f3n desenfrenada que genera ego\u00edsmo y hostilidad. Que rechacen modelos econ\u00f3micos inhumanos, que crean nuevas formas de pobreza y marginan a los trabajadores, as\u00ed como la cultura de la muerte, que deval\u00faa la imagen de Dios, el Dios de la vida, y atenta contra la dignidad de todo hombre, mujer y ni\u00f1o.<\/p>\n<p>Como cat\u00f3licos coreanos, herederos de una noble tradici\u00f3n, ustedes est\u00e1n llamados a valorar este legado y a transmitirlo a las generaciones futuras. Lo cual requiere de todos una renovada conversi\u00f3n a la Palabra de Dios y una intensa solicitud por los pobres, los necesitados y los d\u00e9biles de nuestra sociedad.<\/p>\n<p>Con esta celebraci\u00f3n, nos unimos a toda la Iglesia extendida por el mundo que ve en Mar\u00eda la Madre de nuestra esperanza. Su c\u00e1ntico de alabanza nos recuerda que Dios no se olvida nunca de sus promesas de misericordia (cf. Lc 1,54-55). Mar\u00eda es la llena de gracia porque \u00abha cre\u00eddo\u00bb que lo que le ha dicho el Se\u00f1or se cumplir\u00eda (Lc 1,45). En ella, todas las promesas divinas se han revelado verdaderas. Entronizada en la gloria, nos muestra que nuestra esperanza es real; y tambi\u00e9n hoy esa esperanza, \u00abcomo ancla del alma, segura y firme\u00bb (Hb 6,19), nos aferra all\u00ed donde Cristo est\u00e1 sentado en su gloria.<\/p>\n<p>Esta esperanza, queridos hermanos y hermanas, la esperanza que nos ofrece el Evangelio, es el ant\u00eddoto contra el esp\u00edritu de desesperaci\u00f3n que parece extenderse como un c\u00e1ncer en una sociedad exteriormente rica, pero que a menudo experimenta amargura interior y vac\u00edo. Esta desesperaci\u00f3n ha dejado secuelas en muchos de nuestros j\u00f3venes. Que los j\u00f3venes que nos acompa\u00f1an estos d\u00edas con su alegr\u00eda y su confianza no se dejen nunca robar la esperanza.<\/p>\n<p>Dirij\u00e1monos a Mar\u00eda, Madre de Dios, e imploremos la gracia de gozar de la libertad de los hijos de Dios, de usar esta libertad con sabidur\u00eda para servir a nuestros hermanos y de vivir y actuar de modo que seamos signo de esperanza, esa esperanza que encontrar\u00e1 su cumplimiento en el Reino eterno, all\u00ed donde reinar es servir. Am\u00e9n\u00bb.<\/p>\n<p>Asunci\u00f3n de la Virgen Mar\u00eda &#8211; Daejeon, Estadio de la Copa del Mundo &#8211; 15 de agosto de 2014<\/p>\n<p>(from Vatican Radio)<\/p>\n<p>Fuente:\u00a0<a title=\"francis\" href=\"http:\/\/www.news.va\/es\/news\/con-el-papa-francisco-nos-preparamos-a-celebrar-la\" target=\"_blank\">http:\/\/www.news.va\/es\/news\/con-el-papa-francisco-nos-preparamos-a-celebrar-la<\/a><\/p>\n<!-- AddThis Advanced Settings generic via filter on the_content --><!-- AddThis Share Buttons generic via filter on the_content -->","protected":false},"excerpt":{"rendered":"<p>La fiesta de la Asunci\u00f3n de la Sant\u00edsima Virgen Mar\u00eda, se celebra en toda la Iglesia el 15 de agosto. Esta fiesta tiene un doble [&hellip;]<!-- AddThis Advanced Settings generic via filter on get_the_excerpt --><!-- AddThis Share Buttons generic via filter on get_the_excerpt --><\/p>\n","protected":false},"author":2,"featured_media":9733,"comment_status":"open","ping_status":"open","sticky":false,"template":"","format":"standard","meta":{"footnotes":""},"categories":[166],"tags":[],"class_list":["post-9674","post","type-post","status-publish","format-standard","has-post-thumbnail","hentry","category-santoral"],"_links":{"self":[{"href":"https:\/\/obispadodezaratecampana.org\/index.php?rest_route=\/wp\/v2\/posts\/9674","targetHints":{"allow":["GET"]}}],"collection":[{"href":"https:\/\/obispadodezaratecampana.org\/index.php?rest_route=\/wp\/v2\/posts"}],"about":[{"href":"https:\/\/obispadodezaratecampana.org\/index.php?rest_route=\/wp\/v2\/types\/post"}],"author":[{"embeddable":true,"href":"https:\/\/obispadodezaratecampana.org\/index.php?rest_route=\/wp\/v2\/users\/2"}],"replies":[{"embeddable":true,"href":"https:\/\/obispadodezaratecampana.org\/index.php?rest_route=%2Fwp%2Fv2%2Fcomments&post=9674"}],"version-history":[{"count":3,"href":"https:\/\/obispadodezaratecampana.org\/index.php?rest_route=\/wp\/v2\/posts\/9674\/revisions"}],"predecessor-version":[{"id":9735,"href":"https:\/\/obispadodezaratecampana.org\/index.php?rest_route=\/wp\/v2\/posts\/9674\/revisions\/9735"}],"wp:featuredmedia":[{"embeddable":true,"href":"https:\/\/obispadodezaratecampana.org\/index.php?rest_route=\/wp\/v2\/media\/9733"}],"wp:attachment":[{"href":"https:\/\/obispadodezaratecampana.org\/index.php?rest_route=%2Fwp%2Fv2%2Fmedia&parent=9674"}],"wp:term":[{"taxonomy":"category","embeddable":true,"href":"https:\/\/obispadodezaratecampana.org\/index.php?rest_route=%2Fwp%2Fv2%2Fcategories&post=9674"},{"taxonomy":"post_tag","embeddable":true,"href":"https:\/\/obispadodezaratecampana.org\/index.php?rest_route=%2Fwp%2Fv2%2Ftags&post=9674"}],"curies":[{"name":"wp","href":"https:\/\/api.w.org\/{rel}","templated":true}]}}