{"id":942,"date":"2013-05-21T16:15:55","date_gmt":"2013-05-21T19:15:55","guid":{"rendered":"http:\/\/obispadodezaratecampana.org\/?p=942"},"modified":"2013-05-21T17:25:41","modified_gmt":"2013-05-21T20:25:41","slug":"la-diocesis-de-zarate-campana-puso-en-experiencia-el-estado-de-mision-permanente-en-pentecostes-y-maria-madre-de-la-iglesia-porque-esposa-del-espiritu-santo","status":"publish","type":"post","link":"https:\/\/obispadodezaratecampana.org\/?p=942","title":{"rendered":"La di\u00f3cesis de Z\u00e1rate-Campana puso en experiencia el estado de &#8220;misi\u00f3n permanente&#8221; en Pentecost\u00e9s y Mar\u00eda Madre de la Iglesia, porque &#8220;Esposa del Esp\u00edritu Santo&#8221;."},"content":{"rendered":"<div>Conforme a los consensos profundos acerca de la renovaci\u00f3n del plan pastoral en el sentido de la misi\u00f3n paradigm\u00e1tica y program\u00e1tica, y al estado de misi\u00f3n permanente, que se plasmaron en las \u00faltimas fiestas patronales diocesanas en Exaltaci\u00f3n de la Cruz, el 4 de mayo, en las Jornadas Pastorales, la di\u00f3cesis de Z\u00e1rate-Campana experiment\u00f3 una interacci\u00f3n pastoral de distintos grupos apost\u00f3licos que obraron en las vigilias de Pentecost\u00e9s, en el mismo d\u00eda de Pentecost\u00e9s y en el d\u00eda de Mar\u00eda, Madre de la Iglesia. Las vigilias de j\u00f3venes se sucedieron en las distintas parroquias, lo cual puede seguirse tanto en sus propias p\u00e1ginas como en las p\u00e1ginas web diocesanas (v\u00e9ase por ejemplo\u00a0<a href=\"http:\/\/www.obispadozaratecampana.org\/\" target=\"_blank\">www.obispadozaratecampana.org<\/a>\u00a0o bien\u00a0<a href=\"http:\/\/www.obispadodezaratecampana.org\/\" target=\"_blank\">www.obispadodezaratecampana.<wbr \/>org<\/a>) y los links a p\u00e1ginas parroquiales, de asociaciones y movimientos o a perfiles de Facebook.\u00a0Particular alcance tuvieron las\u00a0Vigilias de Pentecost\u00e9s en Campana, Cocatedral de Bel\u00e9n de Escobar y Pilar, donde participaron j\u00f3venes de los distintos grupos misioneros, y a ello mismo alent\u00f3 la delegaci\u00f3n diocesana de misiones.<\/div>\n<div><\/div>\n<div>Al mismo tiempo, en \u00e9poca cercana a Pentecost\u00e9s se sucedieron las\u00a0celebraciones del sacramento de la Confirmaci\u00f3n, administrado por el mismo Mons. Oscar Sarlinga como por el vicario general, Mons. Ariel P\u00e9rez, u otros delegados, y esto a lo largo y a lo ancho del territorio diocesano\u00a0tanto en \u00a0cuasi-parroquia de Nuestra Se\u00f1ora de la Medalla Milagrosa (Capilla de Santa Teresita, del Moorlands, con 60 confirmados, y tres turnos m\u00e1s en espera), en la cancha de f\u00fatbol del colegio &#8220;Mar\u00eda Madre Nuestra&#8221; de Manuel Alberti (500 j\u00f3venes confirmados) de la parroquia de Santa Rosa de Lima, en la escuela n. 19 de Los Cardales (100 j\u00f3venes confirmados), en Nuestra Se\u00f1ora del Carmen, de los PP. Rogacionistas, de Campana, en la iglesia catedral de Santa Florentina, en dos turnos de 50 j\u00f3venes cada uno, y en Nuestra Se\u00f1ora de Luj\u00e1n, de Z\u00e1rate, y Mar\u00eda de Nazaret, de la misma ciudad.\u00a0En total fueron 900 los j\u00f3venes (y algunos adultos) confirmados. El mismo d\u00eda de Pentecost\u00e9s el Obispo Mons. Oscar Sarlinga concurri\u00f3 a la peque\u00f1a y creciente ciudad de Lima, dentro del partido de Z\u00e1rate, para la Fiesta de Pentecost\u00e9s, que se hab\u00eda hecho coincidir (por traslado lit\u00fargico) con la festividad del Santo Patrono, San Isidro Labrador, en esa zona de campos, industrias, comercio, puerto y centrales at\u00f3micas. La persistente lluvia durante toda la ma\u00f1ana hab\u00eda hecho prever concentrar a toda la gente en el recientemente restaurado templo parroquial (puede v\u00e9rselo restaurado en el perfil de Facebook de la parroquia de San Isidro Labrador de Lima) pero unos pocos minutos antes ces\u00f3 de llover y el grupo de j\u00f3venes misioneros de la parroquia de San Antonio de Padua (de Buenos Aires) que se encontraban en el lugar (misionando en el barrio aleda\u00f1o a Santa Rosa, de los Hnos. Menesianos) ayud\u00f3 a trasladar todo, con palco y banco incluidos, fuera, hacia la plaza central, donde en efecto tuvo lugar la misa, presidida por el Obispo\u00a0y concelebrada por el P. Javier Portillo y el P. Boyle) luego de la cual se tuvo la tradicional procesi\u00f3n por las calles del pueblo con la hist\u00f3rica imagen de San Isidro Labrador, y la bendici\u00f3n de Mons. Sarlinga a los campos y a los instrumentos de trabajo. Pidi\u00f3 un aumento de la solidaridad en las comunidades y el apoyo para el afianzamiento de los &#8220;espacios de solidaridad, o de caridad social&#8221; que se est\u00e1n creando en la di\u00f3cesis.<\/div>\n<div><\/div>\n<div>El lunes siguiente a Pentecost\u00e9s se celebr\u00f3 en la di\u00f3cesis a Mar\u00eda, Madre de la Iglesia: el obispo concurri\u00f3 a la parroquia de Nuestra Se\u00f1ora de Luj\u00e1n de Z\u00e1rate, donde confirm\u00f3 al primer grupo surgido del &#8220;centro parroquial&#8221; (no de colegio) que hizo todo el itinerario desde el bautismo hasta la confirmaci\u00f3n, guiados por el Pbro. Osvaldo Montferrand, cura p\u00e1rroco. Al mismo tiempo, Mons. Ariel P\u00e9rez, vicario general, celebr\u00f3 las fiestas patronales con confirmaciones en Mar\u00eda de Nazaret, junto con el pastor local, Pbro. Adri\u00e1n L\u00e1zaro y la comunidad de esa parroquia.<\/div>\n<div><\/div>\n<div>El Obispo Mons. Oscar Sarlinga relacion\u00f3 la festividad de Mar\u00eda Madre de la Iglesia con su ser &#8220;Esposa del Esp\u00edritu Santo&#8221;, para lo cual cit\u00f3 a San Francisco de As\u00eds, uno de los primeros santos que divulg\u00f3 ese t\u00edtulo de la Ssma. Virgen, y emiti\u00f3 un mensaje a trav\u00e9s de las redes sociales, tanto en el perfil de Facebook del Obispado de Z\u00e1rate-Campana como en el suyo propio (gestionado por el grupo de comunicaci\u00f3n del Obispad y por el mismo) en el que destac\u00f3\u00a0el revivir la experiencia de la Iglesia naciente\u00a0como un\u00a0&#8220;dejarnos hacer por la gracia&#8221; para &#8220;nacer de nuevo&#8221;, es decir, a\u00f1adi\u00f3 &#8220;re-nacer, en la Iglesia, como Iglesia, revivificando nuestro &#8220;ser disc\u00edpulos&#8221; y nuestro condiscipulado&#8221;. El tema del &#8220;condiscipulado&#8221; lo considera Mons. Sarlinga un componente fundamental para la nueva evangelizaci\u00f3n porque nos pone -dijo-\u00a0&#8220;en un tambi\u00e9n renovado camino evangelizador, impulsados por el dinamismo de la presencia del Esp\u00edritu (&#8230;) purificados por la din\u00e1mica de nuestra propia &#8220;muerte-resurrecci\u00f3n-ser enviados&#8221;.<\/div>\n<div><\/div>\n<div>Texto integral<\/div>\n<div><strong>Mar\u00eda, Madre de la Iglesia, porque &#8220;Esposa del Esp\u00edritu Santo&#8221;.\u00a0<\/strong><\/p>\n<div>San Francisco de As\u00eds (quiz\u00e1 habiendo escuchado la expresi\u00f3n del poeta Prudencio) y ciertamente iluminado de lo Alto, cuando se refer\u00eda a Mar\u00eda la vinculaba &#8220;con la Iglesia&#8221;, habiendo sido este extraordinario santo uno de los que llamaba a la Virgen \u00abesposa del Esp\u00edri&#8230;tu Santo\u00bb. Por serlo, la Virgen, en Cristo, &#8220;gesta y da a luz&#8221; a todo disc\u00edpulo, cumpliendo lo que el Se\u00f1or Jes\u00fas muriente, se\u00f1alando a Juan (y en \u00e9l, a todo disc\u00edpulo): le encarg\u00f3 desde la cruz: \u00abMujer, aqu\u00ed tienes a tu hijo\u00bb, como narra el Evangelio de hoy (+ Evangelio de nuestro Se\u00f1or Jesucristo seg\u00fan san Juan 19, 25-27).Podemos decir que este lunes despu\u00e9s de la Fiesta de Pentecost\u00e9s significa una muy especial visi\u00f3n de Mar\u00eda, la Virgen Madre, como &#8220;\u00edcono de la Iglesia&#8221;, \u00edcono &#8220;renovador en el Esp\u00edritu, su Esposo&#8221;, \u00edcono nada est\u00e1tico sino lleno de serena d\u00fdnamis para, con su intercesi\u00f3n poderosa, actualizar en nosotros, los disc\u00edpulos, la imagen del Hijo, y para fortalecer nuestro con-discipulado&#8230;En verdad, una renovaci\u00f3n en el Esp\u00edritu nos ha de llevar a ver en todo discipulado un con-discipulado (salvados &#8220;en racimo&#8221;), porque el &#8220;espacio de verdadera fraternidad&#8221; que crea Pentecost\u00e9s, como Ekkles\u00eda, Iglesia convocada y convocante, tiene su surgiente en Mar\u00eda, siendo ella, a la vez, miembro \u00abexcelent\u00edsimo y enteramente singular\u00bb (Lumen gentium, 53) y \u00abverdadera madre de los miembros de Cristo\u00bb (ib.).El Papa Francisco, en el rezo del Regina coeli de ayer, 19 de mayo, nos dec\u00eda que hab\u00edamos vivido &#8220;(&#8230;) un renovado Pentecost\u00e9s que ha transformado la Plaza de San Pedro en un Cen\u00e1culo a cielo abierto. Hemos revivido la experiencia de la Iglesia naciente, unidos en oraci\u00f3n con Mar\u00eda, la Madre de Jes\u00fas (Cf Hch 1,14). Pienso que el revivir la experiencia de la Iglesia naciente significa para nosotros &#8220;dejarnos hacer por la gracia&#8221; para &#8220;nacer de nuevo&#8221;, re-nacer, en la Iglesia, como Iglesia, revivificando nuestro &#8220;ser disc\u00edpulos&#8221; y nuestro condiscipulado poni\u00e9ndonos en un tambi\u00e9n renovado camino evangelizador, impulsados por el dinamismo de la presencia del Esp\u00edritu. Seremos as\u00ed, cada d\u00eda, purificados por la din\u00e1mica de nuestra propia &#8220;muerte-resurrecci\u00f3n-ser enviados&#8221;, compartidos por Cristo, que vive por siempre y nos envi\u00f3 junto con el Padre el Esp\u00edritu de Amor.<\/p>\n<p>No defraudemos ese &#8220;ultimo encargo&#8221; de Cristo muriente, es su legado. Rechazar su encargo ser\u00eda como ofenderlo en su cara en el momento mismo en que, desde la Cruz, nos dijo a cada uno de nosotros: \u00abAqu\u00ed tienes a tu madre\u00bb. Aunque seamos pecadores y necesitados de conversi\u00f3n (o precisamente por eso), lo que nos toca es, &#8220;recibirla en nuestra casa&#8221;, a la Virgen y a nuestros hermanos y hermanas, los &#8220;condisc\u00edpulos&#8221;; tanto cuanto lo habremos hecho, as\u00ed seremos juzgados cuando &#8220;desaparezca la figura de este mundo&#8221; y no quede lugar m\u00e1s que para la Verdad misma, ante los ojos de Cristo, ojos &#8220;mil veces m\u00e1s brillantes que el Sol&#8221;. Ninguna mentira, y ni siquiera la m\u00ednima &#8220;excusa&#8221; tendr\u00e1n lugar en ese &#8220;d\u00eda&#8221;, &#8220;dies illa&#8221;.<\/p>\n<p>Recibir a Mar\u00eda y a los condisc\u00edpulos ser\u00e1 nuestra colaboraci\u00f3n para que la presencia de la Virgen Madre en Pentecost\u00e9s pueda, por la Gracia de Cristo y con la contribuci\u00f3n de nuestra libertad, garantizar de edad en edad, en todos los tiempos, &#8220;hasta el final&#8221; una renovada efusi\u00f3n del Amor, el cual sigue \u00abcreando\u00bb la Iglesia y la humanidad, lastimada, doliente (como nosotros), tan necesitada de sanaci\u00f3n y renovaci\u00f3n.<\/p>\n<p>+Oscar Sarlinga<\/p>\n<\/div>\n<\/div>\n<!-- AddThis Advanced Settings generic via filter on the_content --><!-- AddThis Share Buttons generic via filter on the_content -->","protected":false},"excerpt":{"rendered":"<p>Conforme a los consensos profundos acerca de la renovaci\u00f3n del plan pastoral en el sentido de la misi\u00f3n paradigm\u00e1tica y program\u00e1tica, y al estado de [&hellip;]<!-- AddThis Advanced Settings generic via filter on get_the_excerpt --><!-- AddThis Share Buttons generic via filter on get_the_excerpt --><\/p>\n","protected":false},"author":1,"featured_media":943,"comment_status":"open","ping_status":"open","sticky":false,"template":"","format":"standard","meta":{"footnotes":""},"categories":[1],"tags":[76,61,41,62,60,36,58],"class_list":["post-942","post","type-post","status-publish","format-standard","has-post-thumbnail","hentry","category-noticiasdiocesanas","tag-confirmaciones","tag-iglesia","tag-jovenes","tag-madre","tag-maria","tag-mision","tag-pentecostes"],"_links":{"self":[{"href":"https:\/\/obispadodezaratecampana.org\/index.php?rest_route=\/wp\/v2\/posts\/942","targetHints":{"allow":["GET"]}}],"collection":[{"href":"https:\/\/obispadodezaratecampana.org\/index.php?rest_route=\/wp\/v2\/posts"}],"about":[{"href":"https:\/\/obispadodezaratecampana.org\/index.php?rest_route=\/wp\/v2\/types\/post"}],"author":[{"embeddable":true,"href":"https:\/\/obispadodezaratecampana.org\/index.php?rest_route=\/wp\/v2\/users\/1"}],"replies":[{"embeddable":true,"href":"https:\/\/obispadodezaratecampana.org\/index.php?rest_route=%2Fwp%2Fv2%2Fcomments&post=942"}],"version-history":[{"count":5,"href":"https:\/\/obispadodezaratecampana.org\/index.php?rest_route=\/wp\/v2\/posts\/942\/revisions"}],"predecessor-version":[{"id":955,"href":"https:\/\/obispadodezaratecampana.org\/index.php?rest_route=\/wp\/v2\/posts\/942\/revisions\/955"}],"wp:featuredmedia":[{"embeddable":true,"href":"https:\/\/obispadodezaratecampana.org\/index.php?rest_route=\/wp\/v2\/media\/943"}],"wp:attachment":[{"href":"https:\/\/obispadodezaratecampana.org\/index.php?rest_route=%2Fwp%2Fv2%2Fmedia&parent=942"}],"wp:term":[{"taxonomy":"category","embeddable":true,"href":"https:\/\/obispadodezaratecampana.org\/index.php?rest_route=%2Fwp%2Fv2%2Fcategories&post=942"},{"taxonomy":"post_tag","embeddable":true,"href":"https:\/\/obispadodezaratecampana.org\/index.php?rest_route=%2Fwp%2Fv2%2Ftags&post=942"}],"curies":[{"name":"wp","href":"https:\/\/api.w.org\/{rel}","templated":true}]}}