{"id":9416,"date":"2015-07-12T00:17:47","date_gmt":"2015-07-12T03:17:47","guid":{"rendered":"http:\/\/obispadodezaratecampana.org\/?p=9416"},"modified":"2015-07-12T00:18:52","modified_gmt":"2015-07-12T03:18:52","slug":"soliciten-para-su-comunidad-esta-interesante-exposicion","status":"publish","type":"post","link":"https:\/\/obispadodezaratecampana.org\/?p=9416","title":{"rendered":"Soliciten para su comunidad esta interesante exposici\u00f3n"},"content":{"rendered":"<p style=\"text-align: left;\">Queridos lectores, recuerden que tal como anunciamos en publicaciones anteriores de nuestros medios, pueden solicitar estos banners \u00a0&#8211; y mas detalles- acerca de la Exposici\u00f3n sobre Milagros Eucar\u00edsticos al mail : infodiocesiszc@gmail.com<\/p>\n<p style=\"text-align: left;\">Compartimos fotos y testimonio de la comunidad de Ntra. Sra. de Nazareth &#8211; Z\u00e1rate- acerca de esta propuesta:<\/p>\n<p style=\"text-align: left;\"><em>LOS MILAGROS EUCAR\u00cdSTICOS YA EST\u00c1N EN MAR\u00cdA DE NAZARETH\u00a06 de julio \u00b7<\/em><\/p>\n<p style=\"text-align: left;\"><em>NUESTRA PARROQUIA EST\u00c1 SIENDO VISITADA POR LOS BANERS QUE CONTIENE<\/em><em>N LOS MILAGROS EUCAR\u00cdSTICOS QUE HUBO A LO LARGO DE TODA LA HISTORIA DE NUESTRA IGLESIA. SON 23 LOS BANNERS FORMAN PARTE DE ESTA EXPOSICI\u00d3N, DE LOS CUALES 3 DE LOS MILAGROS SE DIERON EN NUESTRO PA\u00cdS (en la Ciudad de Buenos Aires) Y POD\u00c9S VISITARLOS ESTA SEMANA DE 17.00 HS A 20.00 HS EN NUESTRA SEDE PARROQUIAL.<\/em><\/p>\n<p style=\"text-align: left;\"><em>\u00a1\u00a1TE ESPERAMOS!!<\/em><\/p>\n<p style=\"text-align: left;\">Facebook de la parroquia:\u00a0<a title=\"naza\" href=\"https:\/\/www.facebook.com\/pquiamaria.denazareth\/media_set?set=a.782683148514036.1073741830.100003170737255&amp;type=3&amp;pnref=story\" target=\"_blank\">https:\/\/www.facebook.com\/pquiamaria.denazareth\/media_set?set=a.782683148514036.1073741830.100003170737255&amp;type=3&amp;pnref=story<\/a><\/p>\n<p style=\"text-align: center;\"><img fetchpriority=\"high\" decoding=\"async\" class=\"alignnone  wp-image-9417\" src=\"http:\/\/obispadodezaratecampana.org\/wp-content\/uploads\/2015\/07\/11709817_782683305180687_5116185529526819167_n-300x237.jpg\" alt=\"11709817_782683305180687_5116185529526819167_n\" width=\"524\" height=\"259\" \/><\/p>\n<p style=\"text-align: center;\"><a href=\"http:\/\/obispadodezaratecampana.org\/wp-content\/uploads\/2015\/07\/11701012_782685828513768_263614030999989736_n.jpg\"><img decoding=\"async\" class=\"alignnone  wp-image-9418\" src=\"http:\/\/obispadodezaratecampana.org\/wp-content\/uploads\/2015\/07\/11701012_782685828513768_263614030999989736_n-225x300.jpg\" alt=\"11701012_782685828513768_263614030999989736_n\" width=\"436\" height=\"346\" \/><\/a><\/p>\n<p style=\"text-align: center;\"><a href=\"http:\/\/obispadodezaratecampana.org\/wp-content\/uploads\/2015\/07\/11698582_782683281847356_2745702246725158623_n.jpg\"><img decoding=\"async\" class=\"alignnone  wp-image-9419\" src=\"http:\/\/obispadodezaratecampana.org\/wp-content\/uploads\/2015\/07\/11698582_782683281847356_2745702246725158623_n-190x300.jpg\" alt=\"11698582_782683281847356_2745702246725158623_n\" width=\"332\" height=\"469\" \/><\/a> <a href=\"http:\/\/obispadodezaratecampana.org\/wp-content\/uploads\/2015\/07\/11666096_782683261847358_1086261838758394003_n.jpg\"><img loading=\"lazy\" decoding=\"async\" class=\"alignnone  wp-image-9420\" src=\"http:\/\/obispadodezaratecampana.org\/wp-content\/uploads\/2015\/07\/11666096_782683261847358_1086261838758394003_n-196x300.jpg\" alt=\"11666096_782683261847358_1086261838758394003_n\" width=\"331\" height=\"466\" \/><\/a><\/p>\n<!-- AddThis Advanced Settings generic via filter on the_content --><!-- AddThis Share Buttons generic via filter on the_content -->","protected":false},"excerpt":{"rendered":"<p>Queridos lectores, recuerden que tal como anunciamos en publicaciones anteriores de nuestros medios, pueden solicitar estos banners \u00a0&#8211; y mas detalles- acerca de la Exposici\u00f3n [&hellip;]<!-- AddThis Advanced Settings generic via filter on get_the_excerpt --><!-- AddThis Share Buttons generic via filter on get_the_excerpt --><\/p>\n","protected":false},"author":2,"featured_media":9419,"comment_status":"open","ping_status":"open","sticky":false,"template":"","format":"standard","meta":{"footnotes":""},"categories":[3],"tags":[],"class_list":["post-9416","post","type-post","status-publish","format-standard","has-post-thumbnail","hentry","category-noticiasparroquiales"],"_links":{"self":[{"href":"https:\/\/obispadodezaratecampana.org\/index.php?rest_route=\/wp\/v2\/posts\/9416","targetHints":{"allow":["GET"]}}],"collection":[{"href":"https:\/\/obispadodezaratecampana.org\/index.php?rest_route=\/wp\/v2\/posts"}],"about":[{"href":"https:\/\/obispadodezaratecampana.org\/index.php?rest_route=\/wp\/v2\/types\/post"}],"author":[{"embeddable":true,"href":"https:\/\/obispadodezaratecampana.org\/index.php?rest_route=\/wp\/v2\/users\/2"}],"replies":[{"embeddable":true,"href":"https:\/\/obispadodezaratecampana.org\/index.php?rest_route=%2Fwp%2Fv2%2Fcomments&post=9416"}],"version-history":[{"count":2,"href":"https:\/\/obispadodezaratecampana.org\/index.php?rest_route=\/wp\/v2\/posts\/9416\/revisions"}],"predecessor-version":[{"id":9422,"href":"https:\/\/obispadodezaratecampana.org\/index.php?rest_route=\/wp\/v2\/posts\/9416\/revisions\/9422"}],"wp:featuredmedia":[{"embeddable":true,"href":"https:\/\/obispadodezaratecampana.org\/index.php?rest_route=\/wp\/v2\/media\/9419"}],"wp:attachment":[{"href":"https:\/\/obispadodezaratecampana.org\/index.php?rest_route=%2Fwp%2Fv2%2Fmedia&parent=9416"}],"wp:term":[{"taxonomy":"category","embeddable":true,"href":"https:\/\/obispadodezaratecampana.org\/index.php?rest_route=%2Fwp%2Fv2%2Fcategories&post=9416"},{"taxonomy":"post_tag","embeddable":true,"href":"https:\/\/obispadodezaratecampana.org\/index.php?rest_route=%2Fwp%2Fv2%2Ftags&post=9416"}],"curies":[{"name":"wp","href":"https:\/\/api.w.org\/{rel}","templated":true}]}}