{"id":9410,"date":"2015-07-11T22:45:37","date_gmt":"2015-07-12T01:45:37","guid":{"rendered":"http:\/\/obispadodezaratecampana.org\/?p=9410"},"modified":"2015-07-11T22:52:37","modified_gmt":"2015-07-12T01:52:37","slug":"2-3-y-4-de-octubre-ix-mision-juvenil-diocesana-baradero","status":"publish","type":"post","link":"https:\/\/obispadodezaratecampana.org\/?p=9410","title":{"rendered":"2, 3 y 4 de octubre 2015 &#8211; IX Misi\u00f3n Juvenil diocesana-"},"content":{"rendered":"<p><img fetchpriority=\"high\" decoding=\"async\" class=\" wp-image-9411 aligncenter\" src=\"http:\/\/obispadodezaratecampana.org\/wp-content\/uploads\/2015\/07\/mision-300x211.jpg\" alt=\"mision\" width=\"509\" height=\"380\" \/><\/p>\n<p>Compartimos el enlace de la Pastoral Juvenil y Vocacional de nuestra di\u00f3cesis, en el encontraras novedades al respecto de la pr\u00f3xima Misi\u00f3n Juvenil Diocesana.<\/p>\n<p>Perfil de facebook de la Pastoral Juvenil:\u00a0<a title=\"pastoral\" href=\"https:\/\/www.facebook.com\/pastoraljuvenil.zaratecampana?fref=ts\" target=\"_blank\">https:\/\/www.facebook.com\/pastoraljuvenil.zaratecampana?fref=ts<\/a><\/p>\n<p>&nbsp;<\/p>\n<!-- AddThis Advanced Settings generic via filter on the_content --><!-- AddThis Share Buttons generic via filter on the_content -->","protected":false},"excerpt":{"rendered":"<p>Compartimos el enlace de la Pastoral Juvenil y Vocacional de nuestra di\u00f3cesis, en el encontraras novedades al respecto de la pr\u00f3xima Misi\u00f3n Juvenil Diocesana. Perfil [&hellip;]<!-- AddThis Advanced Settings generic via filter on get_the_excerpt --><!-- AddThis Share Buttons generic via filter on get_the_excerpt --><\/p>\n","protected":false},"author":2,"featured_media":9411,"comment_status":"open","ping_status":"open","sticky":false,"template":"","format":"standard","meta":{"footnotes":""},"categories":[1],"tags":[],"class_list":["post-9410","post","type-post","status-publish","format-standard","has-post-thumbnail","hentry","category-noticiasdiocesanas"],"_links":{"self":[{"href":"https:\/\/obispadodezaratecampana.org\/index.php?rest_route=\/wp\/v2\/posts\/9410","targetHints":{"allow":["GET"]}}],"collection":[{"href":"https:\/\/obispadodezaratecampana.org\/index.php?rest_route=\/wp\/v2\/posts"}],"about":[{"href":"https:\/\/obispadodezaratecampana.org\/index.php?rest_route=\/wp\/v2\/types\/post"}],"author":[{"embeddable":true,"href":"https:\/\/obispadodezaratecampana.org\/index.php?rest_route=\/wp\/v2\/users\/2"}],"replies":[{"embeddable":true,"href":"https:\/\/obispadodezaratecampana.org\/index.php?rest_route=%2Fwp%2Fv2%2Fcomments&post=9410"}],"version-history":[{"count":4,"href":"https:\/\/obispadodezaratecampana.org\/index.php?rest_route=\/wp\/v2\/posts\/9410\/revisions"}],"predecessor-version":[{"id":9415,"href":"https:\/\/obispadodezaratecampana.org\/index.php?rest_route=\/wp\/v2\/posts\/9410\/revisions\/9415"}],"wp:featuredmedia":[{"embeddable":true,"href":"https:\/\/obispadodezaratecampana.org\/index.php?rest_route=\/wp\/v2\/media\/9411"}],"wp:attachment":[{"href":"https:\/\/obispadodezaratecampana.org\/index.php?rest_route=%2Fwp%2Fv2%2Fmedia&parent=9410"}],"wp:term":[{"taxonomy":"category","embeddable":true,"href":"https:\/\/obispadodezaratecampana.org\/index.php?rest_route=%2Fwp%2Fv2%2Fcategories&post=9410"},{"taxonomy":"post_tag","embeddable":true,"href":"https:\/\/obispadodezaratecampana.org\/index.php?rest_route=%2Fwp%2Fv2%2Ftags&post=9410"}],"curies":[{"name":"wp","href":"https:\/\/api.w.org\/{rel}","templated":true}]}}