{"id":9195,"date":"2015-06-09T18:35:41","date_gmt":"2015-06-09T21:35:41","guid":{"rendered":"http:\/\/obispadodezaratecampana.org\/?p=9195"},"modified":"2015-06-09T18:44:50","modified_gmt":"2015-06-09T21:44:50","slug":"corpus-christi-en-baradero","status":"publish","type":"post","link":"https:\/\/obispadodezaratecampana.org\/?p=9195","title":{"rendered":"Corpus Christi en Baradero"},"content":{"rendered":"<p><span style=\"color: #222222;\">Este domingo se celebr\u00f3 la Fiesta de la Eucarist\u00eda, el Corpus Christi, es decir el cuerpo y la sangre de Cristo, los fieles Cat\u00f3licos de ambas Parroquias de Baradero se reunieron en la Parroquia Santiago Ap\u00f3stol donde con la presencia de\u00a0los Sacerdotes, Di\u00e1conos y seminaristas se celebr\u00f3 la Santa Misa.<\/span><br style=\"color: #222222;\" \/><span style=\"color: #222222;\">\u00a0<\/span><br style=\"color: #222222;\" \/><strong style=\"color: #222222;\">\u00bfQu\u00e9 es Corpus Christi?<\/strong><br style=\"color: #222222;\" \/><span style=\"color: #222222;\">\u00a0<\/span><br style=\"color: #222222;\" \/><span style=\"color: #222222;\">Corpus Christi es la fiesta del Cuerpo y la Sangre de Cristo, de la presencia de Jesucristo en la Eucarist\u00eda.<\/span><br style=\"color: #222222;\" \/><br style=\"color: #222222;\" \/><span style=\"color: #222222;\">Este d\u00eda recordamos la instituci\u00f3n de la Eucarist\u00eda que se llev\u00f3 a cabo el\u00a0Jueves Santo\u00a0durante la \u00daltima Cena, al convertir Jes\u00fas el pan y el vino en su Cuerpo y en su Sangre.<\/span><br style=\"color: #222222;\" \/><br style=\"color: #222222;\" \/><span style=\"color: #222222;\">Es una fiesta muy importante porque la Eucarist\u00eda es el regalo m\u00e1s grande que Dios nos ha hecho, movido por su querer quedarse con nosotros despu\u00e9s de la Ascensi\u00f3n.<\/span><br style=\"color: #222222;\" \/><br style=\"color: #222222;\" \/><span style=\"color: #222222;\">Luego de la Misa el Sant\u00edsimo recorri\u00f3 las calles de nuestro querido Baradero, derramando Bendiciones a su paso, acompa\u00f1ado por los fieles lo cual recordando las palabras del Padre Atilio donde al terminar su Homil\u00eda nos ped\u00eda que seamos portadores de Bendiciones.<\/span><br style=\"color: #222222;\" \/><span style=\"color: #222222;\">\u00a0<\/span><br style=\"color: #222222;\" \/><span style=\"color: #222222;\">La procesi\u00f3n llegaba a su fin en la plaza Col\u00f3n donde los fieles hicieron un cord\u00f3n humano para dar paso al Sant\u00edsimo\u00a0que \u00a0se depositar\u00eda en el escenario de la misma plaza, all\u00ed el Sacerdote hizo la Bendici\u00f3n final para terminar cantando el Himno Nacional.\u00a0<\/span><\/p>\n<!-- AddThis Advanced Settings generic via filter on the_content --><!-- AddThis Share Buttons generic via filter on the_content -->","protected":false},"excerpt":{"rendered":"<p>Este domingo se celebr\u00f3 la Fiesta de la Eucarist\u00eda, el Corpus Christi, es decir el cuerpo y la sangre de Cristo, los fieles Cat\u00f3licos de [&hellip;]<!-- AddThis Advanced Settings generic via filter on get_the_excerpt --><!-- AddThis Share Buttons generic via filter on get_the_excerpt --><\/p>\n","protected":false},"author":1,"featured_media":9200,"comment_status":"open","ping_status":"open","sticky":false,"template":"","format":"standard","meta":{"footnotes":""},"categories":[3],"tags":[],"class_list":["post-9195","post","type-post","status-publish","format-standard","has-post-thumbnail","hentry","category-noticiasparroquiales"],"_links":{"self":[{"href":"https:\/\/obispadodezaratecampana.org\/index.php?rest_route=\/wp\/v2\/posts\/9195","targetHints":{"allow":["GET"]}}],"collection":[{"href":"https:\/\/obispadodezaratecampana.org\/index.php?rest_route=\/wp\/v2\/posts"}],"about":[{"href":"https:\/\/obispadodezaratecampana.org\/index.php?rest_route=\/wp\/v2\/types\/post"}],"author":[{"embeddable":true,"href":"https:\/\/obispadodezaratecampana.org\/index.php?rest_route=\/wp\/v2\/users\/1"}],"replies":[{"embeddable":true,"href":"https:\/\/obispadodezaratecampana.org\/index.php?rest_route=%2Fwp%2Fv2%2Fcomments&post=9195"}],"version-history":[{"count":1,"href":"https:\/\/obispadodezaratecampana.org\/index.php?rest_route=\/wp\/v2\/posts\/9195\/revisions"}],"predecessor-version":[{"id":9204,"href":"https:\/\/obispadodezaratecampana.org\/index.php?rest_route=\/wp\/v2\/posts\/9195\/revisions\/9204"}],"wp:featuredmedia":[{"embeddable":true,"href":"https:\/\/obispadodezaratecampana.org\/index.php?rest_route=\/wp\/v2\/media\/9200"}],"wp:attachment":[{"href":"https:\/\/obispadodezaratecampana.org\/index.php?rest_route=%2Fwp%2Fv2%2Fmedia&parent=9195"}],"wp:term":[{"taxonomy":"category","embeddable":true,"href":"https:\/\/obispadodezaratecampana.org\/index.php?rest_route=%2Fwp%2Fv2%2Fcategories&post=9195"},{"taxonomy":"post_tag","embeddable":true,"href":"https:\/\/obispadodezaratecampana.org\/index.php?rest_route=%2Fwp%2Fv2%2Ftags&post=9195"}],"curies":[{"name":"wp","href":"https:\/\/api.w.org\/{rel}","templated":true}]}}