{"id":9192,"date":"2015-06-09T17:11:23","date_gmt":"2015-06-09T20:11:23","guid":{"rendered":"http:\/\/obispadodezaratecampana.org\/?p=9192"},"modified":"2015-06-09T17:11:23","modified_gmt":"2015-06-09T20:11:23","slug":"no-perdamos-nuestra-identidad-cristiana","status":"publish","type":"post","link":"https:\/\/obispadodezaratecampana.org\/?p=9192","title":{"rendered":"&#8220;No perdamos nuestra identidad cristiana&#8221;"},"content":{"rendered":"<p>Homil\u00eda del martes 9 de junio: NO PERDAMOS NUESTRA IDENTIDAD CRISTIANA<\/p>\n<p>Salvaguardar la identidad cristiana, dejando que el Esp\u00edritu Santo nos lleve adelante en la vida. Es una de las exhortaciones del Papa Francisco, en su homil\u00eda de la misa matutina, en la Capilla de la Casa de Santa Marta.<br \/>\nEl Papa centr\u00f3 su homil\u00eda en la identidad cristiana, y se\u00f1al\u00f3 el error de quienes quieren transformar el cristianismo en una \u2018bella idea\u2019; y de aquellos otros que necesitan siempre \u2018novedades de identidad\u2019. Otro riesgo para la identidad cristiana es la mundanidad del que \u2018ensancha su conciencia\u2019 hasta permitir que entre en ella de todo.<br \/>\nCon las palabras de San Pablo a los Corintios, hablando de la identidad de los disc\u00edpulos de Jes\u00fas, el Papa se\u00f1al\u00f3 que para \u2018llegar a esta identidad cristiana\u2019, Dios \u2018nos ha hecho andar por un largo camino de historia\u2019, hasta que envi\u00f3 a su Hijo.<br \/>\n-Somos pecadores, pero confiamos en que Jes\u00fas nos levanta<br \/>\n&#8220;Tambi\u00e9n nosotros tenemos que hacer un largo camino en nuestra vida, para que esta identidad cristiana sea fuerte&#8221;, de modo que podamos dar testimonio. &#8220;Es un camino que podemos definir de la ambig\u00fcedad a la verdadera identidad&#8221;:<br \/>\n\u00abEs verdad, est\u00e1 el pecado. Y el pecado nos hace caer, pero tenemos la fuerza del Se\u00f1or para levantarnos y seguir adelante con nuestra identidad. Dir\u00eda que tambi\u00e9n el pecado es parte de nuestra identidad: somos pecadores, pero pecadores con la fe en Jesucristo\u00bb.<br \/>\n\u00abY no es s\u00f3lo una fe de conocimiento, no. Es una fe que es un don de Dios y que ha entrado en nosotros gracias a Dios. Es Dios mismo el que nos confirma en Cristo. Y nos ha ungido, nos ha marcado con su sello y ha puesto en nuestros corazones las primicias del Esp\u00edritu. Es Dios el que nos da este don de la identidad\u00bb.<br \/>\nEs fundamental &#8220;ser fieles a esta identidad cristiana y dejar que el Esp\u00edritu Santo, que es la garant\u00eda, la prenda en nuestro coraz\u00f3n, nos lleve adelante en la vida&#8221;, record\u00f3 el Santo Padre, volviendo a destacar que nosotros no somos personas que andan &#8220;detr\u00e1s de una filosof\u00eda&#8221;, sino que hemos sido ungidos y tenemos la garant\u00eda del Esp\u00edritu.<br \/>\n-La identidad cristiana es concreta, no una religi\u00f3n ambigua<br \/>\nLa identidad cristiana &#8220;es una bella identidad, que se ve en el testimonio. Por ello Jes\u00fas nos habla del testimonio como del lenguaje de nuestra identidad cristiana&#8221;, dijo el Papa, subrayando que ello se verifica aun cuando la misma identidad cristiana es tentada; las tentaciones llegan siempre, por lo que la identidad &#8220;puede debilitarse y perderse&#8221;. Hay dos caminos peligrosos:<br \/>\n\u00abPrimero, pasar del testimonio a las ideas, diluir el testimonio. \u2018S\u00ed, soy cristiano\u2026 el cristianismo es esto, una bella idea. Yo le rezo a Dios\u2026\u2019 Y as\u00ed, del Cristo concreto -porque la identidad cristiana es concreta, lo leemos en la Bienaventuranzas y tambi\u00e9n en Mateo 25-, pasamos a esta religi\u00f3n un poco blanda, en el aire y el camino de los gn\u00f3sticos\u00bb.<br \/>\n\u00abLa tentaci\u00f3n es decir: \u201cno, no, sin esc\u00e1ndalo&#8221;. Pero la cruz es un esc\u00e1ndalo; que Dios se haya hecho hombre es otro esc\u00e1ndalo. Y se dejan a un lado; es decir, buscamos a Dios con estas espiritualidades cristianas un poco et\u00e9reas, vagas\u00bb.<br \/>\n-La mundanidad hace que nuestro testimonio pierda sabor<br \/>\nPor un camino parecido van &#8220;algunos que siempre necesitan novedades en la identidad cristiana y olvidan que han sido elegidos, ungidos, que \u2018tienen la garant\u00eda del Esp\u00edritu\u2019; y buscan: \u00bfD\u00f3nde est\u00e1n los videntes, qu\u00e9 nos dice hoy el mensaje que la Virgen os enviar\u00e1 a las cuatro de la tarde? \u2013 Por ejemplo \u00bfno? Y viven de esto. \u00c9sta no es identidad cristiana. La \u00faltima palabra de Dios se llama \u2018Jes\u00fas\u2019 y nada m\u00e1s&#8221;.<br \/>\nOtro camino para que retroceda la identidad cristiana es la mundanidad:<br \/>\n\u00abAmpliar tanto la conciencia para que entre todo. \u2018S\u00ed, somos cristianos, pero esto s\u00ed\u2026\u2019 No s\u00f3lo moralmente, sino tambi\u00e9n humanamente. La mundanidad es humana. Y as\u00ed la sal pierde su sabor. Y vemos a comunidades cristianas, tambi\u00e9n a cristianos, que dicen que son cristianos, pero no pueden y no saben dar testimonio de Jesucristo. Y as\u00ed la identidad retrocede, retrocede y se pierde. Y este nominalismo mundano lo vemos todos los d\u00edas\u00bb.<br \/>\nAnte estas actitudes equivocadas, el Papa Francisco record\u00f3 que<br \/>\n\u00abEn la historia de salvaci\u00f3n de Dios, con su paciencia de Padre, nos ha llevado de la ambig\u00fcedad a la certeza, a lo concreto de la encarnaci\u00f3n y la muerte redentora de su Hijo. \u00a1\u00c9sta es nuestra identidad!\u00bb.<br \/>\n\u00abSan Pablo \u2013 concluy\u00f3 el Obispo de Roma &#8211; se vanagloria de Jes\u00fas hecho hombre y muerto por obediencia, \u00e9sta es la identidad y all\u00ed est\u00e1 el testimonio. Es una gracia que debemos pedir al Se\u00f1or: que siempre nos d\u00e9 este regalo, este don de una identidad que no busque acomodarse a las cosas que le har\u00edan perder el sabor de la sal\u00bb.<\/p>\n<p>Fuente: \u00a0News.va Espa\u00f1ol.<\/p>\n<!-- AddThis Advanced Settings generic via filter on the_content --><!-- AddThis Share Buttons generic via filter on the_content -->","protected":false},"excerpt":{"rendered":"<p>Homil\u00eda del martes 9 de junio: NO PERDAMOS NUESTRA IDENTIDAD CRISTIANA Salvaguardar la identidad cristiana, dejando que el Esp\u00edritu Santo nos lleve adelante en la [&hellip;]<!-- AddThis Advanced Settings generic via filter on get_the_excerpt --><!-- AddThis Share Buttons generic via filter on get_the_excerpt --><\/p>\n","protected":false},"author":2,"featured_media":9193,"comment_status":"open","ping_status":"open","sticky":false,"template":"","format":"standard","meta":{"footnotes":""},"categories":[161],"tags":[],"class_list":["post-9192","post","type-post","status-publish","format-standard","has-post-thumbnail","hentry","category-el-papa-leonxiv"],"_links":{"self":[{"href":"https:\/\/obispadodezaratecampana.org\/index.php?rest_route=\/wp\/v2\/posts\/9192","targetHints":{"allow":["GET"]}}],"collection":[{"href":"https:\/\/obispadodezaratecampana.org\/index.php?rest_route=\/wp\/v2\/posts"}],"about":[{"href":"https:\/\/obispadodezaratecampana.org\/index.php?rest_route=\/wp\/v2\/types\/post"}],"author":[{"embeddable":true,"href":"https:\/\/obispadodezaratecampana.org\/index.php?rest_route=\/wp\/v2\/users\/2"}],"replies":[{"embeddable":true,"href":"https:\/\/obispadodezaratecampana.org\/index.php?rest_route=%2Fwp%2Fv2%2Fcomments&post=9192"}],"version-history":[{"count":1,"href":"https:\/\/obispadodezaratecampana.org\/index.php?rest_route=\/wp\/v2\/posts\/9192\/revisions"}],"predecessor-version":[{"id":9194,"href":"https:\/\/obispadodezaratecampana.org\/index.php?rest_route=\/wp\/v2\/posts\/9192\/revisions\/9194"}],"wp:featuredmedia":[{"embeddable":true,"href":"https:\/\/obispadodezaratecampana.org\/index.php?rest_route=\/wp\/v2\/media\/9193"}],"wp:attachment":[{"href":"https:\/\/obispadodezaratecampana.org\/index.php?rest_route=%2Fwp%2Fv2%2Fmedia&parent=9192"}],"wp:term":[{"taxonomy":"category","embeddable":true,"href":"https:\/\/obispadodezaratecampana.org\/index.php?rest_route=%2Fwp%2Fv2%2Fcategories&post=9192"},{"taxonomy":"post_tag","embeddable":true,"href":"https:\/\/obispadodezaratecampana.org\/index.php?rest_route=%2Fwp%2Fv2%2Ftags&post=9192"}],"curies":[{"name":"wp","href":"https:\/\/api.w.org\/{rel}","templated":true}]}}