{"id":916,"date":"2013-05-21T08:26:17","date_gmt":"2013-05-21T11:26:17","guid":{"rendered":"http:\/\/obispadodezaratecampana.org\/?p=916"},"modified":"2013-05-21T08:28:14","modified_gmt":"2013-05-21T11:28:14","slug":"convivencia-de-pentecostes-para-jovenes-en-la-parroquia-santa-rosa-de-lima-pentecostes-hoy-un-fuego-que-enciende-otros-fuegos","status":"publish","type":"post","link":"https:\/\/obispadodezaratecampana.org\/?p=916","title":{"rendered":"Convivencia de Pentecost\u00e9s para j\u00f3venes en la Parroquia Santa Rosa de Lima PentecostES HOY, \u201cUn fuego que enciende otros fuegos\u201d"},"content":{"rendered":"<p>Este s\u00e1bado 18 de mayo se realiz\u00f3 en la Capilla Nuestra Se\u00f1ora de Guadalupe (<a title=\"Facebook de la Parroquia Santa Rosa de Lima\" href=\"https:\/\/www.facebook.com\/parroquia.santarosarosadelima?fref=ts\">Parroquia Santa Rosa de Lima<\/a>, Villa Rosa) la primer convivencia de PENTECOSTES para j\u00f3venes, que concluy\u00f3 el domingo con la misa en la Parroquia Santa Rosa de Lima, celebrada por el padre a cargo de esta comunidad, Pbro. Jos\u00e9 de Estrada. A pesar de las condiciones clim\u00e1ticas se cont\u00f3 con gran participaci\u00f3n de j\u00f3venes de las distintas capillas de la parroquia<\/p>\n<p>La convivencia pensada bajo el lema: \u201c PentecostES HOY: UN FUEGO QUE ENCIENDE OTROS FUEGOS\u201d, fue preparada con la motivaci\u00f3n del padre JOSE DE ESTRADA, el seminarista Pablo Hern\u00e1n Villalba ( que est\u00e1 realizando pastoral en Villa Rosa y acompa\u00f1ando a los j\u00f3venes) junto con los coordinadores , pero tambi\u00e9n se han convocado a j\u00f3venes dirigentes de otras ciudades como Maquinista Savio, Escobar, Pilar, Campana , quienes con un gran esp\u00edritu Evang\u00e9lico y misionero, se han unido a preparar y Festejar PENTECOSTES. En una comunidad vecina, tambi\u00e9n se cont\u00f3 con la participaci\u00f3n del Padre Hugo Lovatto ( delegado de la Pastoral de la juventud diocesana y vice \u2013 rector del seminario), quien se acerco a confesar y compartir junto a los j\u00f3venes.<\/p>\n<p>Se realizaron charlas, din\u00e1micas, fog\u00f3n, adoraci\u00f3n nocturna, trabajos personales y grupales donde se ha reflexionado, sobre \u201cla luz interior\u201d que vive en nosotros: la Luz del Esp\u00edritu Santo, que viene a dar vida y renovar, ese fuego interior, que anima al Cristiano, pero en este caso de la importancia que el JOVEN CRISTIANO, no deje apagar dicha LUZ, sino que debe transmitirla y vivirlo en comunidad. Con un clima festivo y de alegr\u00eda se vivi\u00f3 en Villa Rosa esta jornada de Pentecost\u00e9s, que a pesar del frio y la lluvia, los j\u00f3venes reunidos en comunidad han rezado y celebrado esta fiesta del Esp\u00edritu Santo.<\/p>\n<!-- AddThis Advanced Settings generic via filter on the_content --><!-- AddThis Share Buttons generic via filter on the_content -->","protected":false},"excerpt":{"rendered":"<p>Este s\u00e1bado 18 de mayo se realiz\u00f3 en la Capilla Nuestra Se\u00f1ora de Guadalupe (Parroquia Santa Rosa de Lima, Villa Rosa) la primer convivencia de [&hellip;]<!-- AddThis Advanced Settings generic via filter on get_the_excerpt --><!-- AddThis Share Buttons generic via filter on get_the_excerpt --><\/p>\n","protected":false},"author":1,"featured_media":918,"comment_status":"open","ping_status":"open","sticky":false,"template":"","format":"standard","meta":{"footnotes":""},"categories":[3],"tags":[41,67,58,66,21],"class_list":["post-916","post","type-post","status-publish","format-standard","has-post-thumbnail","hentry","category-noticiasparroquiales","tag-jovenes","tag-lima","tag-pentecostes","tag-rosa","tag-villa"],"_links":{"self":[{"href":"https:\/\/obispadodezaratecampana.org\/index.php?rest_route=\/wp\/v2\/posts\/916","targetHints":{"allow":["GET"]}}],"collection":[{"href":"https:\/\/obispadodezaratecampana.org\/index.php?rest_route=\/wp\/v2\/posts"}],"about":[{"href":"https:\/\/obispadodezaratecampana.org\/index.php?rest_route=\/wp\/v2\/types\/post"}],"author":[{"embeddable":true,"href":"https:\/\/obispadodezaratecampana.org\/index.php?rest_route=\/wp\/v2\/users\/1"}],"replies":[{"embeddable":true,"href":"https:\/\/obispadodezaratecampana.org\/index.php?rest_route=%2Fwp%2Fv2%2Fcomments&post=916"}],"version-history":[{"count":4,"href":"https:\/\/obispadodezaratecampana.org\/index.php?rest_route=\/wp\/v2\/posts\/916\/revisions"}],"predecessor-version":[{"id":924,"href":"https:\/\/obispadodezaratecampana.org\/index.php?rest_route=\/wp\/v2\/posts\/916\/revisions\/924"}],"wp:featuredmedia":[{"embeddable":true,"href":"https:\/\/obispadodezaratecampana.org\/index.php?rest_route=\/wp\/v2\/media\/918"}],"wp:attachment":[{"href":"https:\/\/obispadodezaratecampana.org\/index.php?rest_route=%2Fwp%2Fv2%2Fmedia&parent=916"}],"wp:term":[{"taxonomy":"category","embeddable":true,"href":"https:\/\/obispadodezaratecampana.org\/index.php?rest_route=%2Fwp%2Fv2%2Fcategories&post=916"},{"taxonomy":"post_tag","embeddable":true,"href":"https:\/\/obispadodezaratecampana.org\/index.php?rest_route=%2Fwp%2Fv2%2Ftags&post=916"}],"curies":[{"name":"wp","href":"https:\/\/api.w.org\/{rel}","templated":true}]}}