{"id":9052,"date":"2015-05-24T23:18:33","date_gmt":"2015-05-25T02:18:33","guid":{"rendered":"http:\/\/obispadodezaratecampana.org\/?p=9052"},"modified":"2015-05-24T23:18:33","modified_gmt":"2015-05-25T02:18:33","slug":"mons-romero-santidad-de-la-iglesia-americana","status":"publish","type":"post","link":"https:\/\/obispadodezaratecampana.org\/?p=9052","title":{"rendered":"-. Mons. Romero: Santidad de la Iglesia Americana .-"},"content":{"rendered":"<p>SAN SALVADOR, 23 May. 15 \/ 05:02 pm (ACI).- \u201cEl Beato Romero es otra estrella luminos\u00edsima que se enciende en el firmamento espiritual americano\u201d, asegur\u00f3 esta ma\u00f1ana el Cardenal Angelo Amato, Prefecto de la Congregaci\u00f3n para la Causas de los Santos, en la homil\u00eda de la Misa de beatificaci\u00f3n del Arzobispo m\u00e1rtir de San Salvador, Mons. \u00d3scar Romero, en San Salvador (El Salvador).<\/p>\n<p>El Cardenal Amato, en medio de los aplausos de los cientos de miles de asistentes \u2013que seg\u00fan fuentes oficiales superaron el medio mill\u00f3n-, asegur\u00f3 que el Beato Romero \u201cpertenece a la santidad de la Iglesia americana\u201d.<\/p>\n<p>\u201cGracias a Dios son muchos los santos de este maravilloso continente\u201d, dijo el Cardenal, recordando a Fray Jun\u00edpero Serra \u2013que ser\u00e1 canonizado en septiembre por el Papa Francisco en Estados Unidos\u2013, Santa Rosa de Lima, Santo Toribio de Mogrovejo, San Francisco Solano, San Juan Diego, Santa Kateri Tekakwitha, el Beato Jos\u00e9 Gabriel del Rosario Brochero, el Beato Miguel Pro, entre otros.<\/p>\n<p>Minutos antes, el propio Prefecto de la Congregaci\u00f3n para la Causas de los Santos hab\u00eda le\u00eddo la carta del Papa Francisco en lat\u00edn, en la que autoriz\u00f3 que \u201cse le llame Beato y se celebre su fiesta el d\u00eda 24 de marzo, en que naci\u00f3 para el cielo\u201d.<\/p>\n<p>Mons. \u00d3scar Arnulfo Romero Gald\u00e1mez gobern\u00f3 durante tres a\u00f1os la Arquidi\u00f3cesis de San Salvador. Su preocupaci\u00f3n por la profunda pobreza en el pa\u00eds llev\u00f3 a que muchos lo consideraran marxista y cercano a la guerrilla que en esos a\u00f1os comenzaba a perpetrar atentados en el pa\u00eds.<\/p>\n<p>La guerra civil entre la guerrilla marxista y el gobierno dictatorial de derecha, que se extender\u00eda por doce a\u00f1os, se estaba gestando en 1980. El 24 de marzo de ese a\u00f1o, mientras celebraba Misa en la capilla del hospital La Divina Providencia, fue asesinado de un disparo.<\/p>\n<p>Hasta la fecha no se conoce la identidad del asesino, pero las investigaciones realizadas apuntan a un grupo de aniquilaci\u00f3n vinculado al Ej\u00e9rcito.<\/p>\n<p>El 3 de febrero de 2015, el Papa Francisco aprob\u00f3 el decreto que declaraba m\u00e1rtir a Mons. Romero, abriendo las puertas a su beatificaci\u00f3n.<\/p>\n<p>En su homil\u00eda de hoy, el Cardenal Angelo Amato asegur\u00f3 que Mons. Romero \u201cera un sacerdote bueno, un obispo sabio, pero sobre todo era un hombre virtuoso, amaba a Jes\u00fas, lo adoraba en la Eucarist\u00eda, veneraba a la sant\u00edsima Virgen Mar\u00eda, amaba a la Iglesia, amaba al Papa, amaba a su pueblo\u201d.<\/p>\n<p>El Purpurado afirm\u00f3 que \u201cel martirio no fue la improvisaci\u00f3n, sino que tuvo una larga preparaci\u00f3n. Romero de hecho era, como Abraham, un hombre de fe profunda, de esperanza inquebrantable\u201d.<\/p>\n<p>El Cardenal Amato record\u00f3 que cuando apenas era un joven seminarista en Roma, el Beato Romero \u201cpoco antes de la ordenaci\u00f3n sacerdotal escrib\u00eda en sus apuntes: este a\u00f1o har\u00e9 mi gran entrega a Dios. Dios m\u00edo ay\u00fadame, prep\u00e1rame, T\u00fa eres Todo, yo soy nada. Y sin embargo Tu amor quiere que yo sea mucho. \u00c1nimo, con Tu todo y con mi nada haremos mucho\u201d.<\/p>\n<p>El Prefecto de la Congregaci\u00f3n para la Causas de los Santos se\u00f1al\u00f3 que \u201cMons. Romero habl\u00f3 de un don del Esp\u00edritu Santo que le concedi\u00f3 una especial fortaleza pastoral, casi en contraste con su temperamento prudente y comedido\u201d.<\/p>\n<p>\u201cSus palabras no eran una provocaci\u00f3n al odio ni a la venganza, sino una valiente exhortaci\u00f3n de un padre a sus hijos divididos, que eran invitados al amor, al perd\u00f3n, a la concordia\u201d.<\/p>\n<p>El Cardenal subray\u00f3 que \u201csu opci\u00f3n por los pobres no era ideol\u00f3gica sino evang\u00e9lica. Su caridad se extend\u00eda tambi\u00e9n a los perseguidores, a los que predicaba la conversi\u00f3n al bien y a los que aseguraba el perd\u00f3n\u201d.<\/p>\n<p>Destac\u00f3 que Mons. Romero \u201cestaba acostumbrado a ser misericordioso. La generosidad en el dar a quien ped\u00eda era magn\u00e1nima, total, abundante, a quien ped\u00eda daba\u201d.<\/p>\n<p>El Purpurado subray\u00f3 que al nuevo Beato \u201cla caridad pastoral le infund\u00eda una fortaleza extraordinaria\u201d.<\/p>\n<p>\u201cUn d\u00eda, a un sacerdote le cont\u00f3 que estaba continuamente amenazado de muerte y que en los diarios nacionales hab\u00eda cr\u00edticas cotidianas contra \u00e9l, pero, con una sonrisa, continu\u00f3: \u2018esto no me desanima, al contrario, me siento m\u00e1s valiente. Porque son estos los riesgos del pastor, tengo que ir adelante, no guardo rencor a nadie\u2019\u201d.<\/p>\n<p>El Cardenal Amato afirm\u00f3 que mientras los perseguidores de Mons. Romero \u201chan desaparecido en la sombra del olvido y de la muerte, la memoria de Romero en cambio contin\u00faa viva y dando consuelo a todos los pobres y marginados de la tierra\u201d.<\/p>\n<p>Durante la ceremonia de beatificaci\u00f3n se present\u00f3 como reliquia la camisa que us\u00f3 Mons. Romero cuando fue asesinado.<\/p>\n<p>Asimismo, con motivo de la beatificaci\u00f3n, el Papa Francisco envi\u00f3 una carta en la que destac\u00f3 el testimonio cristiano de Mons. Oscar Romero.<\/p>\n<p>\u201cEn tiempos de dif\u00edcil convivencia, Monse\u00f1or Romero supo guiar, defender y proteger a su reba\u00f1o, permaneciendo fiel al Evangelio y en comuni\u00f3n con toda la Iglesia. Su ministerio se distingui\u00f3 por una particular atenci\u00f3n a los m\u00e1s pobres y marginados. Y en el momento de su muerte, mientras celebraba el Santo Sacrificio del amor y de la reconciliaci\u00f3n, recibi\u00f3 la gracia de identificarse plenamente con Aquel que dio la vida por sus ovejas\u201d, afirm\u00f3 el Santo Padre.<\/p>\n<p>Fuente: www.aciprensa.com<\/p>\n<p><strong><em>Mensaje de la Conferencia Episcopal de El Salvador por la beatificaci\u00f3n de Monse\u00f1or Romero<\/em>\u00a0<\/strong><\/p>\n<p>El mundo entero tiene sus ojos puestos en El Salvador y vibra de emocio\u0301n por la inminente beatificacio\u0301n de monsen\u0303or \u00d3scar Arnulfo Romero, a quien los obispos de El Salvador han descrito como \u201chombre de Dios, hombre de Iglesia y defensor de los pobres\u201d. As\u00ed comienza la carta que los prelados de la Conferencia Episcopal de El Salvador han publicado con motivo de la beatificaci\u00f3n de monse\u00f1or Romero, que tiene lugar este s\u00e1bado, 23 de mayo.<\/p>\n<p>Tal y como recuerdan en el mensaje, en los u\u0301ltimos an\u0303os El Salvador ha sido noticia sobre todo \u201cpor la violencia homicida que enluta a innumerables hogares al arrebatar tantas vidas, sobre todo de jo\u0301venes\u201d. Sin embargo, recuerdan, \u201choy peregrinamos llenos de ju\u0301bilo y esperanza, hacia el lugar de la beatificacio\u0301n de monsen\u0303or Romero. Caminamos juntos no solo hijos e hijas de esta tierra sino tambie\u0301n hombres y mujeres de los pai\u0301ses vecinos e incluso de naciones lejanas\u201d.<\/p>\n<p>Han pasado 35 a\u00f1os desde la muerte del entonces arzobispo de San Salvador, y el camino que hoy culminar a los pies del monumento dedicado a Jesucristo, el Salvador del mundo, \u201cno ha sido f\u00e1cil\u201d, reconocen los obispos. La mayor dificultad &#8211;explican&#8211; fue la manipulacio\u0301n que se hizo de la figura y de la palabra del futuro beato. Por eso, en una ocasio\u0301n, el Papa Juan Pablo II exclamo\u0301: \u201cRomero es nuestro, es de la Iglesia, no permitamos que nos lo arrebaten\u201d.<\/p>\n<p>Igualmente, los obispos recuerdan que fue el sucesor del futuro beato, monsen\u0303or Arturo Rivera Damas, quien tuvo \u201cla tita\u0301nica tarea de recuperar la verdadera fisonomi\u0301a del pastor, profeta y ma\u0301rtir que fue monsen\u0303or Romero. Porque e\u0301l fue ante todo sacerdote\u201d.<\/p>\n<p>Por otro lado, los obispos dan gracias al papa Francisco por haber firmado, el 3 de febrero del presente an\u0303o, el decreto de martirio \u201cen odio a la fe\u201d de monsen\u0303or Romero. Tambi\u00e9n explican en el mensaje que detra\u0301s del altar en el que Monsen\u0303or Romero sera\u0301 beatificado se ver\u00e1 su lema episcopal: \u201cSentir con la Iglesia\u201d. \u201cEsta idea aparece desde sus apuntes personales de seminarista romano, donde confiesa claramente su amor inquebrantable a la Iglesia y su devota adhesio\u0301n al Vicario de Cristo\u201d, confirman los prelados.<\/p>\n<p>Prosiguen indicando que el aspecto ma\u0301s conocido y ma\u0301s valorado del ministerio de monsen\u0303or Romero fue \u201csu amor a los pobres y su total entrega a la promocio\u0301n y a la defensa de su dignidad como personas y como hijos e hijas de Dios\u201d. Por este servicio generoso y arriesgado &#8211;observan&#8211; se le llamo\u0301 \u201cVoz de los que no tienen voz\u201d, tarea que e\u0301l asumio\u0301 con plena conciencia de los riesgos que implicaba. A prop\u00f3sito reconocen que para monsen\u0303or Romero la palabra \u201cpobre\u201d no teni\u0301a una connotacio\u0301n ideolo\u0301gica sino profundamente evange\u0301lica. Por eso insisti\u0301a &#8211;a\u00f1aden&#8211; en que tambie\u0301n el pobre necesitaba convertirse.<\/p>\n<p>Al concluir el mensaje de la Conferencia Episcopal, los prelados salvadore\u00f1os explican que cuando decidieron dedicar un trienio de preparacio\u0301n al centenario del nacimiento de monsen\u0303or Romero, au\u0301n no sab\u00edan que el papa Francisco firmari\u0301a el decreto del martirio \u201cen odio a la fe\u201d. \u201cEl Dios providente, en su infinita misericordia, habi\u0301a decidido que su testigo fiel alcanzara la gloria de los altares durante el pontificado del primer Papa latinoamericano\u201d, concluye el mensaje.<\/p>\n<p>Fuente: www.zenit.org<\/p>\n<p>&nbsp;<\/p>\n<p>&nbsp;<\/p>\n<p>&nbsp;<\/p>\n<p>&nbsp;<\/p>\n<!-- AddThis Advanced Settings generic via filter on the_content --><!-- AddThis Share Buttons generic via filter on the_content -->","protected":false},"excerpt":{"rendered":"<p>SAN SALVADOR, 23 May. 15 \/ 05:02 pm (ACI).- \u201cEl Beato Romero es otra estrella luminos\u00edsima que se enciende en el firmamento espiritual americano\u201d, asegur\u00f3 [&hellip;]<!-- AddThis Advanced Settings generic via filter on get_the_excerpt --><!-- AddThis Share Buttons generic via filter on get_the_excerpt --><\/p>\n","protected":false},"author":2,"featured_media":9053,"comment_status":"open","ping_status":"open","sticky":false,"template":"","format":"standard","meta":{"footnotes":""},"categories":[166],"tags":[],"class_list":["post-9052","post","type-post","status-publish","format-standard","has-post-thumbnail","hentry","category-santoral"],"_links":{"self":[{"href":"https:\/\/obispadodezaratecampana.org\/index.php?rest_route=\/wp\/v2\/posts\/9052","targetHints":{"allow":["GET"]}}],"collection":[{"href":"https:\/\/obispadodezaratecampana.org\/index.php?rest_route=\/wp\/v2\/posts"}],"about":[{"href":"https:\/\/obispadodezaratecampana.org\/index.php?rest_route=\/wp\/v2\/types\/post"}],"author":[{"embeddable":true,"href":"https:\/\/obispadodezaratecampana.org\/index.php?rest_route=\/wp\/v2\/users\/2"}],"replies":[{"embeddable":true,"href":"https:\/\/obispadodezaratecampana.org\/index.php?rest_route=%2Fwp%2Fv2%2Fcomments&post=9052"}],"version-history":[{"count":1,"href":"https:\/\/obispadodezaratecampana.org\/index.php?rest_route=\/wp\/v2\/posts\/9052\/revisions"}],"predecessor-version":[{"id":9054,"href":"https:\/\/obispadodezaratecampana.org\/index.php?rest_route=\/wp\/v2\/posts\/9052\/revisions\/9054"}],"wp:featuredmedia":[{"embeddable":true,"href":"https:\/\/obispadodezaratecampana.org\/index.php?rest_route=\/wp\/v2\/media\/9053"}],"wp:attachment":[{"href":"https:\/\/obispadodezaratecampana.org\/index.php?rest_route=%2Fwp%2Fv2%2Fmedia&parent=9052"}],"wp:term":[{"taxonomy":"category","embeddable":true,"href":"https:\/\/obispadodezaratecampana.org\/index.php?rest_route=%2Fwp%2Fv2%2Fcategories&post=9052"},{"taxonomy":"post_tag","embeddable":true,"href":"https:\/\/obispadodezaratecampana.org\/index.php?rest_route=%2Fwp%2Fv2%2Ftags&post=9052"}],"curies":[{"name":"wp","href":"https:\/\/api.w.org\/{rel}","templated":true}]}}