{"id":8861,"date":"2015-05-11T15:56:22","date_gmt":"2015-05-11T18:56:22","guid":{"rendered":"http:\/\/obispadodezaratecampana.org\/?p=8861"},"modified":"2015-05-11T15:56:22","modified_gmt":"2015-05-11T18:56:22","slug":"11-de-mayo-aniversario-muerte-ceferino","status":"publish","type":"post","link":"https:\/\/obispadodezaratecampana.org\/?p=8861","title":{"rendered":"11 de mayo: Aniversario muerte Ceferino"},"content":{"rendered":"<p>&nbsp;<\/p>\n<p style=\"font-weight: inherit; font-style: inherit;\"><strong style=\"font-weight: bold; font-style: inherit;\">Etimol\u00f3gicamente:<\/strong>\u00a0<em style=\"font-weight: inherit; font-style: italic;\">Ceferino = Viente suave, es de origen latino.<\/em><\/p>\n<p style=\"font-weight: inherit; font-style: inherit;\">El beato Ceferino Namuncur\u00e1 Burgos naci\u00f3 en Chimpay, R\u00edo Negro el 26 de agosto de 1886 y muri\u00f3 en Roma el 11 de mayo de 1905, era un joven laico salesiano argentino de or\u00edgenes mapuches y criollos.<\/p>\n<p style=\"font-weight: inherit; font-style: inherit;\">Naci\u00f3 en la reducci\u00f3n mapuche de Chimpay. Era hijo de Rosario Burgos (cautiva \u201chuinca\u201d chilena) y del cacique Manuel Namuncur\u00e1, un c\u00e9lebre l\u00edder que luch\u00f3 heroicamente, en la batalla del 5 de mayo de 1883 contra el Ej\u00e9rcito Argentino comandado por el general Julio Argentino Roca y nieto del caudillo mapuche Calfucur\u00e1. Al a\u00f1o de edad, en 1887, Ceferino salva su vida milagrosamente de perecer ahogado en el R\u00edo Negro, mientras jugaba en sus orillas. Ese mismo a\u00f1o, el 24 de diciembre en v\u00edsperas de Navidad, fue bautizado por el misionero salesiano padre Domingo Milanesio, gran defensor de los pueblos originarios. A los 11 a\u00f1os le pide a este salesiano que lo lleve a estudiar para luego regresar y as\u00ed poder ense\u00f1ar a los de su pueblo.<\/p>\n<p style=\"font-weight: inherit; font-style: inherit;\">Su padre, siendo el cacique de la naci\u00f3n mapuche, es elevado al rango de Coronel de la Naci\u00f3n y lo lleva a Buenos Aires siendo recibido por el General Luis Mar\u00eda Campos, su amigo y entonces Ministro de Guerra y Marina. Ceferino ingresa en los talleres que la Armada ten\u00eda en la localidad de Tigre y permanece all\u00ed 3 meses, pero luego le escribe a su pap\u00e1 que lo saque porque no le gusta ese ambiente y esa profesi\u00f3n. El Coronel Manuel Namuncur\u00e1 recurre a su amigo el Dr. Luis S\u00e1enz Pe\u00f1a, ex presidente argentino, quien recomienda a Ceferino a los Salesianos. El 20 de septiembre de 1897 Ceferino es inscripto como alumno estudiante interno.<span id=\"more-1882\" style=\"font-weight: inherit; font-style: inherit;\"><\/span><\/p>\n<p style=\"font-weight: inherit; font-style: inherit;\">Paulatinamente Ceferino se va adaptando al ambiente, se dedica en cuerpo y alma al estudio, aprende el idioma castellano y apasionadamente el catecismo. Es un excelente, divertido y paciente compa\u00f1ero. El 8 de septiembre de 1898 Ceferino recibe la Primera Comuni\u00f3n y, un a\u00f1o m\u00e1s tarde el 5 de noviembre de 1899, recibe el Sacramento de la Confirmaci\u00f3n en la Iglesia Parroquial de San Carlos de manos de Monse\u00f1or Gregorio Romero. Una de las curiosidades en la vida de Ceferino Namuncur\u00e1 es que \u00e9l y Carlos Gardel (futuro actor y cantante de tangos) eran amigos y alumnos internos del colegio salesiano P\u00edo IX, ambos integraron el coro, cantaron juntos en la capilla y en actos culturales.<\/p>\n<p style=\"font-weight: inherit; font-style: inherit;\">A principios de 1902 su salud comienza a deteriorarse y por los estudios que le realizan encuentran que contrajo tuberculosis. Monse\u00f1or Juan Cagliero entonces, decide trasladarlo a Viedma, con la esperanza de que los aires nativos ayuden a recuperar la salud. Sin m\u00e1s, a comienzos de 1903, en el colegio \u201cSan Francisco de Sales\u201d de Viedma comienza su estudio secundario como aspirante salesiano. El sacerdote m\u00e9dico Evasio Garrone juntamente con el enfermero del hospital el Beato Art\u00e9mides Zatti cuidan de Ceferino. El 19 de julio de 1904 con 17 a\u00f1os, Ceferino es trasladado a Tur\u00edn, Italia por Monse\u00f1or Cagliero, los salesianos pensaron que all\u00e1 recuperar\u00eda la salud y podr\u00eda continuar sus estudios de sacerdocio.<\/p>\n<p style=\"font-weight: inherit; font-style: inherit;\">Estudia en el colegio salesiano de \u201cVilla Sora\u201d (Frascati, Roma). En Tur\u00edn, el Beato Miguel Rua, el primer sucesor de San Juan Bosco, conversa varias veces por semana con el buen indiecito, pero el acontecimiento de su vida fue el 27 de septiembre de 1904, Ceferino visita al Papa P\u00edo X, junto con Monse\u00f1or Cagliero, los sacerdotes Jos\u00e9 Vespignani y Evasio Garrone y otros salesianos. A Ceferino le encomendaron la tarea de pronunciar un breve discurso con unas emocionadas palabras y obsequia al Papa un Quillango Mapuche. P\u00edo X se conmueve, lo bendice y le obsequia la medalla destinada a los pr\u00edncipes.<\/p>\n<p style=\"font-weight: inherit; font-style: inherit;\">En marzo de 1905, la tuberculosis hace estragos en la salud de Ceferino y la cruel enfermedad avanza inexorablemente. Es internado en el Hospital de los Hermanos de San Juan de Dios y es atendido dos veces al d\u00eda por el Dr. Jos\u00e9 Lapponi \u2013 m\u00e9dico personal de los Papas Le\u00f3n XIII y P\u00edo X.<\/p>\n<p style=\"font-weight: inherit; font-style: inherit;\">El 11 de mayo de ese mismo a\u00f1o muere a los 18 a\u00f1os de edad Ceferino Namuncur\u00e1 acompa\u00f1ado por Monse\u00f1or Cagliero a qui\u00e9n dijo sus \u00faltimas palabras: \u201c\u00a1 Bendito sea Dios y Mar\u00eda Sant\u00edsima!, Basta que pueda salvar mi alma, y en los dem\u00e1s que se haga la santa voluntad de Dios\u201d.<\/p>\n<p style=\"font-weight: inherit; font-style: inherit;\">Sus exequias fueron muy humildes, como su vida lo fue, enterrado el d\u00eda posterior a su fallecimiento en el cementerio popular de Roma, en Campoverano, con la presencia de pocos salesianos y compa\u00f1eros de estudio bajo el amparo de una simple cruz de madera con su nombre se\u00f1ala el lugar en que yacen sus restos.<\/p>\n<p style=\"font-weight: inherit; font-style: inherit;\">En 1924 los restos de Ceferino Namuncur\u00e1 son repatriados por orden del presidente Marcelo T. de Alvear y llevados al cementerio de Fort\u00edn Mercedes.<\/p>\n<p style=\"font-weight: inherit; font-style: inherit;\">En 1930 sacerdote Lu\u00eds J. Pedemonte comienza a propagar las virtudes y la devoci\u00f3n al \u201cIndiecito Santo\u201d con lo cual recoge y publica abundantes testimonios de gracias recibidas por aquellos que lo rezaban y lo conocieron.<\/p>\n<p style=\"font-weight: inherit; font-style: inherit;\">El 2 de mayo de 1944 se inicia la Causa de Beatificaci\u00f3n y el 3 de marzo de 1957 el Papa P\u00edo XII aprueba la introducci\u00f3n de la Causa de Beatificaci\u00f3n de Ceferino Namuncur\u00e1. Quince a\u00f1os m\u00e1s tarde el 22 de junio de 1972 el Papa Pablo VI lo declara Venerable. Fue el primer argentino que lleg\u00f3 a esa altura de santidad.<\/p>\n<p style=\"font-weight: inherit; font-style: inherit;\">La devoci\u00f3n popular a Ceferino Namuncur\u00e1 se fue difundiendo desde mediados de siglo XX por toda la Argentina. Es as\u00ed que a fines de los 1960s ya era muy com\u00fan encontrar estampitas dedicadas a San Ceferino en plena ciudad de Buenos Aires, de este modo su foto se hizo tan popular que muchas papeletas de propaganda en las cuales ofrec\u00edan y ofrecen sus servicios los \u201cplomeros\u201d \u2014 fontaneros\u2014, alba\u00f1iles y trabajadores de oficios afines tienen impresas el rostro del beato.<\/p>\n<p style=\"font-weight: inherit; font-style: inherit;\">El 7 de julio de 2007 el papa Benedicto XVI firm\u00f3 el decreto que declara a Ceferino Namuncur\u00e1 como beato. El pont\u00edfice recibi\u00f3 al cardenal Jos\u00e9 Saraiva Martins, el por entonces prefecto de la Congregaci\u00f3n para la Causa de los Santos, y autoriz\u00f3 a la Congregaci\u00f3n a promulgar una serie de decretos, entre los cuales el que declara beato a \u201cSiervo de Dios Ceferino Namuncur\u00e1\u201d.<\/p>\n<p style=\"font-weight: inherit; font-style: inherit;\">El 11 de noviembre de 2007 el enviado papal, cardenal Tarcisio Bertone, proclam\u00f3 beato a Ceferino Namuncur\u00e1, ante mas de 100.00 personas en una ceremonia de beatificaci\u00f3n en Chimpay, R\u00edo Negro, solar natal del joven salesiano.<\/p>\n<p style=\"font-weight: inherit; font-style: inherit;\">Una junta m\u00e9dica del Vaticano consider\u00f3 que la curaci\u00f3n de Valeria Herrera, una joven madre de C\u00f3rdoba, Argentina de 24 a\u00f1os en el a\u00f1o 2000 afectada por c\u00e1ncer de \u00fatero fue un milagro por la intercesi\u00f3n de Ceferino Namuncur\u00e1. La mujer llego a poder concebir con posterioridad. Este es el antecedente que se tuvo en cuenta para su beatificaci\u00f3n, misma que se llev\u00f3 a cabo el 11 de noviembre de 2007 bajo el pontificado de Benedicto XVI.<\/p>\n<p style=\"font-weight: inherit; font-style: inherit;\">(Extraido de http:\/\/\u00a0<a style=\"font-weight: inherit; font-style: inherit; color: #1562a5;\" href=\"http:\/\/www.iesvs.org\/\">www.iesvs.org<\/a>)<\/p>\n<p>&nbsp;<\/p>\n<p>&nbsp;<\/p>\n<!-- AddThis Advanced Settings generic via filter on the_content --><!-- AddThis Share Buttons generic via filter on the_content -->","protected":false},"excerpt":{"rendered":"<p>&nbsp; Etimol\u00f3gicamente:\u00a0Ceferino = Viente suave, es de origen latino. El beato Ceferino Namuncur\u00e1 Burgos naci\u00f3 en Chimpay, R\u00edo Negro el 26 de agosto de 1886 [&hellip;]<!-- AddThis Advanced Settings generic via filter on get_the_excerpt --><!-- AddThis Share Buttons generic via filter on get_the_excerpt --><\/p>\n","protected":false},"author":2,"featured_media":8862,"comment_status":"open","ping_status":"open","sticky":false,"template":"","format":"standard","meta":{"footnotes":""},"categories":[166],"tags":[],"class_list":["post-8861","post","type-post","status-publish","format-standard","has-post-thumbnail","hentry","category-santoral"],"_links":{"self":[{"href":"https:\/\/obispadodezaratecampana.org\/index.php?rest_route=\/wp\/v2\/posts\/8861","targetHints":{"allow":["GET"]}}],"collection":[{"href":"https:\/\/obispadodezaratecampana.org\/index.php?rest_route=\/wp\/v2\/posts"}],"about":[{"href":"https:\/\/obispadodezaratecampana.org\/index.php?rest_route=\/wp\/v2\/types\/post"}],"author":[{"embeddable":true,"href":"https:\/\/obispadodezaratecampana.org\/index.php?rest_route=\/wp\/v2\/users\/2"}],"replies":[{"embeddable":true,"href":"https:\/\/obispadodezaratecampana.org\/index.php?rest_route=%2Fwp%2Fv2%2Fcomments&post=8861"}],"version-history":[{"count":1,"href":"https:\/\/obispadodezaratecampana.org\/index.php?rest_route=\/wp\/v2\/posts\/8861\/revisions"}],"predecessor-version":[{"id":8863,"href":"https:\/\/obispadodezaratecampana.org\/index.php?rest_route=\/wp\/v2\/posts\/8861\/revisions\/8863"}],"wp:featuredmedia":[{"embeddable":true,"href":"https:\/\/obispadodezaratecampana.org\/index.php?rest_route=\/wp\/v2\/media\/8862"}],"wp:attachment":[{"href":"https:\/\/obispadodezaratecampana.org\/index.php?rest_route=%2Fwp%2Fv2%2Fmedia&parent=8861"}],"wp:term":[{"taxonomy":"category","embeddable":true,"href":"https:\/\/obispadodezaratecampana.org\/index.php?rest_route=%2Fwp%2Fv2%2Fcategories&post=8861"},{"taxonomy":"post_tag","embeddable":true,"href":"https:\/\/obispadodezaratecampana.org\/index.php?rest_route=%2Fwp%2Fv2%2Ftags&post=8861"}],"curies":[{"name":"wp","href":"https:\/\/api.w.org\/{rel}","templated":true}]}}