{"id":882,"date":"2013-05-16T09:05:30","date_gmt":"2013-05-16T12:05:30","guid":{"rendered":"http:\/\/obispadodezaratecampana.org\/?p=882"},"modified":"2013-05-16T23:09:30","modified_gmt":"2013-05-17T02:09:30","slug":"vigilia-de-pentecostes-organizada-por-grupo-de-oracion-misionero-nuestra-senora-del-cielo","status":"publish","type":"post","link":"https:\/\/obispadodezaratecampana.org\/?p=882","title":{"rendered":"Vigilia de Pentecost\u00e9s organizada por grupo de oraci\u00f3n misionero &#8220;Nuestra Se\u00f1ora del Cielo&#8221;"},"content":{"rendered":"<p>El grupo de oraci\u00f3n misionero\u00a0<em>Nuestra Se\u00f1ora del Cielo,\u00a0<\/em>est\u00e1\u00a0<em><\/em>llevando adelante la propuesta &#8220;La Gran Ola&#8221; para celebrar el 18 de Mayo la Vigilia de Pentecost\u00e9s. Como Grupo de Oraci\u00f3n celebr\u00e1 la Vigilia en la Co- Catedral de La Natividad de Nuestro Se\u00f1or Jesucristo en\u00a0Escobar a las 21 hs., seguida por la Santa Misa a las 23 hs.<\/p>\n\n<p>A continuaci\u00f3n la invitaci\u00f3n que nos hace el grupo <em>Nuestra Se\u00f1ora del Cielo<\/em>:<\/p>\n<p>&nbsp;<\/p>\n<p>Queridos hermanos:<\/p>\n<p>\u00a1Que el Esp\u00edritu Santo sople fuertemente en nuestro coraz\u00f3n!<\/p>\n<p>Queremos invitarlos a celebrar, propagar y enaltecer la Gran Fiesta de Pentecost\u00e9s, la Gran Ola de Dios. Esta gran Fiesta debe renovarnos, debe sanarnos, debe encendernos como cristianos para que vivamos la fe y el gozo que nos da la convicci\u00f3n de que Dios est\u00e1 con nosotros. \u00a1No seamos tibios recibamos al Esp\u00edritu! \u00a1Ardamos en \u00c9l!<\/p>\n<p>Es por eso que les proponemos que en forma sencilla pero llena de alegr\u00eda nos dispongamos en la oraci\u00f3n y la acci\u00f3n para \u201ccelebrar la llegada del Dulce Hu\u00e9sped del alma\u201d.<\/p>\n<p>Preparativos:<\/p>\n<p>1. Oraci\u00f3n: Para que nuestra \u201ccasa\u201d est\u00e9 ordenada y sea santa: \u00a1oremos! Que en estos d\u00edas guiados por nuestra Madre Sant\u00edsima, nuestra oraci\u00f3n se transforme en canto fruto de la Pascua, de nuestra personal Pascua. \u00a1Jes\u00fas vive! \u00a1Resucitemos en El!<\/p>\n<p>2. La Iglesia: \u00a1Somos cristianos! Y es el cumplea\u00f1os de la Iglesia, as\u00ed que\u2026 Preparemos nuestra Parroquia, nuestro colegio para esta Fiesta con una Vigilia de Pentecost\u00e9s, invitando a todos nuestros hermanos a esta \u201c Gran Ola de Dios\u201d. Decor\u00e9mosla, con flores, im\u00e1genes del Esp\u00edritu Santo, velas, cintas, globos con los colores del Fuego (amarillo, naranja). Alabemos a Jes\u00fas que nos env\u00eda el Esp\u00edritu Santo. Realicemos esta Vigilia en Adoraci\u00f3n Eucar\u00edstica, con cantos y meditaciones para que descienda sobre nosotros el Fuego de Dios. Que la Virgen Sant\u00edsima acompa\u00f1e esta Vigilia. Les incluimos una peque\u00f1a gu\u00eda.<\/p>\n<p>3. Decoremos nuestro hogar y hagamos una Fiesta familiar. Contagiemos en nuestras familias este Esp\u00edritu de amor, de perd\u00f3n, de uni\u00f3n y santidad que tanto necesitamos. Hagamos una rica cena, pongamos un lindo mantel con los colores aleg\u00f3ricos y velas que nos llamen a sentir la bendici\u00f3n de ser hijos de Dios. Les acompa\u00f1amos la receta del pan de miel que dicen era el preferido de Jes\u00fas.<\/p>\n<p>4. Ense\u00f1emos a nuestros ni\u00f1os a sentir la presencia del Se\u00f1or, a que Lo vivan con simpleza y permanencia en sus vidas y as\u00ed todo podr\u00e1n vencer!<\/p>\n<p>&nbsp;<\/p>\n<p>\u00a1Junto a Mar\u00eda esperemos la llegada del Esp\u00edritu!<\/p>\n<p>Grupo de Oraci\u00f3n Misionero Nuestra Se\u00f1ora del Cielo.<\/p>\n<!-- AddThis Advanced Settings generic via filter on the_content --><!-- AddThis Share Buttons generic via filter on the_content -->","protected":false},"excerpt":{"rendered":"<p>El grupo de oraci\u00f3n misionero\u00a0Nuestra Se\u00f1ora del Cielo,\u00a0est\u00e1\u00a0llevando adelante la propuesta &#8220;La Gran Ola&#8221; para celebrar el 18 de Mayo la Vigilia de Pentecost\u00e9s. Como [&hellip;]<!-- AddThis Advanced Settings generic via filter on get_the_excerpt --><!-- AddThis Share Buttons generic via filter on get_the_excerpt --><\/p>\n","protected":false},"author":1,"featured_media":895,"comment_status":"open","ping_status":"open","sticky":false,"template":"","format":"standard","meta":{"footnotes":""},"categories":[3],"tags":[56,57,58,59],"class_list":["post-882","post","type-post","status-publish","format-standard","has-post-thumbnail","hentry","category-noticiasparroquiales","tag-cielo","tag-ola","tag-pentecostes","tag-vigilia"],"_links":{"self":[{"href":"https:\/\/obispadodezaratecampana.org\/index.php?rest_route=\/wp\/v2\/posts\/882","targetHints":{"allow":["GET"]}}],"collection":[{"href":"https:\/\/obispadodezaratecampana.org\/index.php?rest_route=\/wp\/v2\/posts"}],"about":[{"href":"https:\/\/obispadodezaratecampana.org\/index.php?rest_route=\/wp\/v2\/types\/post"}],"author":[{"embeddable":true,"href":"https:\/\/obispadodezaratecampana.org\/index.php?rest_route=\/wp\/v2\/users\/1"}],"replies":[{"embeddable":true,"href":"https:\/\/obispadodezaratecampana.org\/index.php?rest_route=%2Fwp%2Fv2%2Fcomments&post=882"}],"version-history":[{"count":12,"href":"https:\/\/obispadodezaratecampana.org\/index.php?rest_route=\/wp\/v2\/posts\/882\/revisions"}],"predecessor-version":[{"id":887,"href":"https:\/\/obispadodezaratecampana.org\/index.php?rest_route=\/wp\/v2\/posts\/882\/revisions\/887"}],"wp:featuredmedia":[{"embeddable":true,"href":"https:\/\/obispadodezaratecampana.org\/index.php?rest_route=\/wp\/v2\/media\/895"}],"wp:attachment":[{"href":"https:\/\/obispadodezaratecampana.org\/index.php?rest_route=%2Fwp%2Fv2%2Fmedia&parent=882"}],"wp:term":[{"taxonomy":"category","embeddable":true,"href":"https:\/\/obispadodezaratecampana.org\/index.php?rest_route=%2Fwp%2Fv2%2Fcategories&post=882"},{"taxonomy":"post_tag","embeddable":true,"href":"https:\/\/obispadodezaratecampana.org\/index.php?rest_route=%2Fwp%2Fv2%2Ftags&post=882"}],"curies":[{"name":"wp","href":"https:\/\/api.w.org\/{rel}","templated":true}]}}