{"id":8768,"date":"2015-04-29T09:04:44","date_gmt":"2015-04-29T12:04:44","guid":{"rendered":"http:\/\/obispadodezaratecampana.org\/?p=8768"},"modified":"2015-04-29T09:04:44","modified_gmt":"2015-04-29T12:04:44","slug":"cea-martirio-y-persecucion-en-nuestros-dias","status":"publish","type":"post","link":"https:\/\/obispadodezaratecampana.org\/?p=8768","title":{"rendered":"CEA: Martirio y persecuci\u00f3n en nuestros d\u00edas"},"content":{"rendered":"<p style=\"text-align: left;\"><em><strong>Estos son los que vienen de la gran tribulaci\u00f3n&#8230;<\/strong><\/em><br \/>\n<em><strong>y Dios secar\u00e1 toda l\u00e1grima de sus ojos\u201d (Ap. 7, 14.17b)<\/strong><\/em><\/p>\n<p style=\"text-align: left;\">El mundo asiste con horror a un incremento de formas de violencia que, desde distintos fundamentalismos religiosos, disfrazan intereses pol\u00edticos y econ\u00f3micos, y afecta a muchas comunidades y grupos humanos de diversos credos, particularmente a cristianos en Medio Oriente, en el norte y centro de \u00c1frica y en otros lugares del mundo.<br \/>\nEn este contexto de conflictos extendidos y persistentes, queremos llamar la atenci\u00f3n sobre un aspecto de especial preocupaci\u00f3n: la creciente e inadmisible violaci\u00f3n del derecho a la libertad religiosa. La misma ha sido proclamada por la Declaraci\u00f3n Universal de los Derechos Humanos y garantizada por diversas convenciones internacionales tanto universales como regionales, obligando a los Estados a asegurarla para todas las personas, ense\u00f1ada con tanta claridad en el Concilio Vaticano II.<br \/>\nHay manifestaciones violentas que producen especial estupor y reclaman una fuerte condena. Nos referimos a lo que ocurre en zonas de Siria e Irak donde los cristianos -ciudadanos de esos pa\u00edses y presentes en esas tierras desde hace m\u00e1s de dos mil a\u00f1os- est\u00e1n siendo asesinados u obligados a dejar sus casas y ciudades sin poder llevar consigo m\u00e1s que la ropa que tienen puesta, adem\u00e1s de la destrucci\u00f3n de templos y monumentos culturales que son patrimonio de la humanidad. Tambi\u00e9n se\u00f1alamos lo que acontece en Nigeria, Sud\u00e1n y Pakist\u00e1n, donde es corriente el secuestro \u2013especialmente de mujeres y ni\u00f1as- y las conversiones forzadas bajo pena de muerte. Sabemos, no obstante, que la gran mayor\u00eda de los musulmanes no se reconoce en estas atrocidades y las rechaza.<br \/>\nActualmente son los cristianos quienes sufren las mayores persecuciones. Como ha dicho el Papa Francisco, hay muchos m\u00e1s m\u00e1rtires hoy que en los primeros siglos. Ese martirio no distingue entre cat\u00f3licos, ortodoxos o evang\u00e9licos, hermanados en un \u201cecumenismo de la sangre\u201d. Nos estremece la crueldad con la cual hermanos en el bautismo son decapitados, quemados o crucificados por el solo hecho de ser cristianos.<br \/>\nJunto a la consternaci\u00f3n que nos provocan estos hechos de crueldad sentimos admiraci\u00f3n por el testimonio y la coherencia de muchos hermanos que est\u00e1n entregando su vida para guardar la integridad de su fe religiosa.<br \/>\nAfirmamos con fuerza que nunca la religi\u00f3n o el nombre de Dios pueden ser invocados para justificar la violencia, la muerte, la destrucci\u00f3n y la falta de respeto a los derechos humanos m\u00e1s elementales que nacen de la dignidad de toda persona. Llama la atenci\u00f3n la d\u00e9bil repercusi\u00f3n de esta barbarie en la prensa internacional.<br \/>\nUrge una acci\u00f3n internacional eficaz que ponga fin a tanto sufrimiento provocados por estos actos de brutalidad. Apelamos al deber y a la fuerza institucional de la ONU, la Uni\u00f3n Europea, las organizaciones de Derechos Humanos y los diversos credos a asumir la propia responsabilidad ante estos graves acontecimientos.<br \/>\nInvitamos a todos los creyentes -cat\u00f3licos y no cat\u00f3licos- a orar intensamente pidiendo al Se\u00f1or de la historia perd\u00f3n por tanto sufrimiento y sangre derramada, y que mueva los corazones de quienes causan dolor y ofenden gravemente al Creador a cesar en ese camino. Comprometemos a nuestras comunidades de modo particular a rezar por esta intenci\u00f3n el pr\u00f3ximo 8 de mayo, Solemnidad de Nuestra Se\u00f1ora de Luj\u00e1n.<br \/>\nComo Obispos de la Conferencia Episcopal Argentina, expresamos nuestra solidaridad y cercan\u00eda con nuestros hermanos sufrientes y perseguidos, y pedimos a Jes\u00fas Buen Pastor les conceda el consuelo y la Paz.<\/p>\n<p style=\"text-align: left;\">Los Obispos Argentinos &#8211;\u00a0109\u00b0 Asamblea Plenaria &#8211;\u00a025 de abril de 2015<\/p>\n<p style=\"text-align: left;\">Fuente: CEA<\/p>\n<!-- AddThis Advanced Settings generic via filter on the_content --><!-- AddThis Share Buttons generic via filter on the_content -->","protected":false},"excerpt":{"rendered":"<p>Estos son los que vienen de la gran tribulaci\u00f3n&#8230; y Dios secar\u00e1 toda l\u00e1grima de sus ojos\u201d (Ap. 7, 14.17b) El mundo asiste con horror [&hellip;]<!-- AddThis Advanced Settings generic via filter on get_the_excerpt --><!-- AddThis Share Buttons generic via filter on get_the_excerpt --><\/p>\n","protected":false},"author":2,"featured_media":8769,"comment_status":"open","ping_status":"open","sticky":false,"template":"","format":"standard","meta":{"footnotes":""},"categories":[5],"tags":[],"class_list":["post-8768","post","type-post","status-publish","format-standard","has-post-thumbnail","hentry","category-generales"],"_links":{"self":[{"href":"https:\/\/obispadodezaratecampana.org\/index.php?rest_route=\/wp\/v2\/posts\/8768","targetHints":{"allow":["GET"]}}],"collection":[{"href":"https:\/\/obispadodezaratecampana.org\/index.php?rest_route=\/wp\/v2\/posts"}],"about":[{"href":"https:\/\/obispadodezaratecampana.org\/index.php?rest_route=\/wp\/v2\/types\/post"}],"author":[{"embeddable":true,"href":"https:\/\/obispadodezaratecampana.org\/index.php?rest_route=\/wp\/v2\/users\/2"}],"replies":[{"embeddable":true,"href":"https:\/\/obispadodezaratecampana.org\/index.php?rest_route=%2Fwp%2Fv2%2Fcomments&post=8768"}],"version-history":[{"count":1,"href":"https:\/\/obispadodezaratecampana.org\/index.php?rest_route=\/wp\/v2\/posts\/8768\/revisions"}],"predecessor-version":[{"id":8770,"href":"https:\/\/obispadodezaratecampana.org\/index.php?rest_route=\/wp\/v2\/posts\/8768\/revisions\/8770"}],"wp:featuredmedia":[{"embeddable":true,"href":"https:\/\/obispadodezaratecampana.org\/index.php?rest_route=\/wp\/v2\/media\/8769"}],"wp:attachment":[{"href":"https:\/\/obispadodezaratecampana.org\/index.php?rest_route=%2Fwp%2Fv2%2Fmedia&parent=8768"}],"wp:term":[{"taxonomy":"category","embeddable":true,"href":"https:\/\/obispadodezaratecampana.org\/index.php?rest_route=%2Fwp%2Fv2%2Fcategories&post=8768"},{"taxonomy":"post_tag","embeddable":true,"href":"https:\/\/obispadodezaratecampana.org\/index.php?rest_route=%2Fwp%2Fv2%2Ftags&post=8768"}],"curies":[{"name":"wp","href":"https:\/\/api.w.org\/{rel}","templated":true}]}}