{"id":8633,"date":"2015-04-02T17:35:45","date_gmt":"2015-04-02T20:35:45","guid":{"rendered":"http:\/\/obispadodezaratecampana.org\/?p=8633"},"modified":"2015-04-03T11:30:09","modified_gmt":"2015-04-03T14:30:09","slug":"8633","status":"publish","type":"post","link":"https:\/\/obispadodezaratecampana.org\/?p=8633","title":{"rendered":"Mensaje de Monse\u00f1or Sarlinga para Semana Santa"},"content":{"rendered":"<p>Queridos lectores, especialmente a la comunidad de nuestra di\u00f3cesis de Z\u00e1rate- Campana, les compartimos las palabras de nuestro Obispo Oscar para esta semana Santa 2015. Adem\u00e1s podr\u00e1n escuchar en el audio palabras del di\u00e1cono transitorio Gustavo Parodi, donde habla de su experiencia de vida acerca de este tiempo lit\u00fargico. Bendiciones.<\/p>\n<p><a title=\"semanaSantaMons. Sarlinga\" href=\"https:\/\/drive.google.com\/file\/d\/0B_J1pci5_523ZHUwaTlENnhXOWc\/view\" target=\"_blank\">https:\/\/drive.google.com\/file\/d\/0B_J1pci5_523ZHUwaTlENnhXOWc\/view<\/a><\/p>\n<p>En este enlace, encontrar\u00e1n el mismo mensaje, pero en formato de Facebook:<\/p>\n<p><a title=\"Sarlinga-semanaSanta\" href=\"https:\/\/www.facebook.com\/video.php?v=733845283400572&amp;__mref=message_bubble\" target=\"_blank\">https:\/\/www.facebook.com\/video.php?v=733845283400572&amp;__mref=message_bubble<\/a><\/p>\n<p><em>Fotos: durante la Santa Misa Crismal llevada a cabo en la tarde del mi\u00e9rcoles Santo &#8211; 1\u00b0 de abril- en la Catedral Santa Florentina. En ella todos los sacerdotes renovaron sus promesas sacerdotales y recibieron los Santos Oleos &#8211; bendecidos por el Obispo durante la celebraci\u00f3n\u00a0lit\u00fargica- que utilizar\u00e1n en la administraci\u00f3n de los\u00a0sacramentos de sus comunidades.\u00a0<\/em><\/p>\n<p><img fetchpriority=\"high\" decoding=\"async\" class=\"wp-image-8643 aligncenter\" src=\"http:\/\/obispadodezaratecampana.org\/wp-content\/uploads\/2015\/04\/crismalb-300x199.jpg\" alt=\"crismalb\" width=\"386\" height=\"281\" \/><\/p>\n<p style=\"text-align: center;\">Di\u00e1cono Gustavo Parodi &#8211; Monse\u00f1or Oscar Sarlinga &#8211;<\/p>\n<p style=\"text-align: center;\">Di\u00e1cono Matias de Jesus Rios (de izq. a der)<\/p>\n<p><img decoding=\"async\" class=\"wp-image-8644 aligncenter\" src=\"http:\/\/obispadodezaratecampana.org\/wp-content\/uploads\/2015\/04\/crismalc-300x221.jpg\" alt=\"crismalc\" width=\"383\" height=\"255\" \/><\/p>\n<p style=\"text-align: center;\">El Obispo soplando sobre el santo Crisma &#8211; seminarista Martin Gallo<\/p>\n<p><img decoding=\"async\" class=\" wp-image-8642 aligncenter\" src=\"http:\/\/obispadodezaratecampana.org\/wp-content\/uploads\/2015\/04\/crismal-300x199.jpg\" alt=\"crismal\" width=\"378\" height=\"216\" \/><\/p>\n<p>&nbsp;<\/p>\n<p><img loading=\"lazy\" decoding=\"async\" class=\"wp-image-8639 aligncenter\" src=\"http:\/\/obispadodezaratecampana.org\/wp-content\/uploads\/2015\/04\/SAM_8521-300x63.jpg\" alt=\"SAM_8521\" width=\"484\" height=\"125\" \/><\/p>\n<p>&nbsp;<\/p>\n<!-- AddThis Advanced Settings generic via filter on the_content --><!-- AddThis Share Buttons generic via filter on the_content -->","protected":false},"excerpt":{"rendered":"<p>Queridos lectores, especialmente a la comunidad de nuestra di\u00f3cesis de Z\u00e1rate- Campana, les compartimos las palabras de nuestro Obispo Oscar para esta semana Santa 2015. [&hellip;]<!-- AddThis Advanced Settings generic via filter on get_the_excerpt --><!-- AddThis Share Buttons generic via filter on get_the_excerpt --><\/p>\n","protected":false},"author":2,"featured_media":8639,"comment_status":"open","ping_status":"open","sticky":false,"template":"","format":"standard","meta":{"footnotes":""},"categories":[1],"tags":[],"class_list":["post-8633","post","type-post","status-publish","format-standard","has-post-thumbnail","hentry","category-noticiasdiocesanas"],"_links":{"self":[{"href":"https:\/\/obispadodezaratecampana.org\/index.php?rest_route=\/wp\/v2\/posts\/8633","targetHints":{"allow":["GET"]}}],"collection":[{"href":"https:\/\/obispadodezaratecampana.org\/index.php?rest_route=\/wp\/v2\/posts"}],"about":[{"href":"https:\/\/obispadodezaratecampana.org\/index.php?rest_route=\/wp\/v2\/types\/post"}],"author":[{"embeddable":true,"href":"https:\/\/obispadodezaratecampana.org\/index.php?rest_route=\/wp\/v2\/users\/2"}],"replies":[{"embeddable":true,"href":"https:\/\/obispadodezaratecampana.org\/index.php?rest_route=%2Fwp%2Fv2%2Fcomments&post=8633"}],"version-history":[{"count":7,"href":"https:\/\/obispadodezaratecampana.org\/index.php?rest_route=\/wp\/v2\/posts\/8633\/revisions"}],"predecessor-version":[{"id":8647,"href":"https:\/\/obispadodezaratecampana.org\/index.php?rest_route=\/wp\/v2\/posts\/8633\/revisions\/8647"}],"wp:featuredmedia":[{"embeddable":true,"href":"https:\/\/obispadodezaratecampana.org\/index.php?rest_route=\/wp\/v2\/media\/8639"}],"wp:attachment":[{"href":"https:\/\/obispadodezaratecampana.org\/index.php?rest_route=%2Fwp%2Fv2%2Fmedia&parent=8633"}],"wp:term":[{"taxonomy":"category","embeddable":true,"href":"https:\/\/obispadodezaratecampana.org\/index.php?rest_route=%2Fwp%2Fv2%2Fcategories&post=8633"},{"taxonomy":"post_tag","embeddable":true,"href":"https:\/\/obispadodezaratecampana.org\/index.php?rest_route=%2Fwp%2Fv2%2Ftags&post=8633"}],"curies":[{"name":"wp","href":"https:\/\/api.w.org\/{rel}","templated":true}]}}