{"id":8614,"date":"2015-03-30T23:40:29","date_gmt":"2015-03-31T02:40:29","guid":{"rendered":"http:\/\/obispadodezaratecampana.org\/?p=8614"},"modified":"2015-03-30T23:51:19","modified_gmt":"2015-03-31T02:51:19","slug":"11-y-12-de-abril-prepartida-en-escobar","status":"publish","type":"post","link":"https:\/\/obispadodezaratecampana.org\/?p=8614","title":{"rendered":"11 y 12 de abril: Prepartida en Escobar"},"content":{"rendered":"<p>Queridos lectores: les compartimos el detalle de este evento que aparece en facebook y adjuntamos ademas el enlace:\u00a0<a title=\"prepa\" href=\"https:\/\/www.facebook.com\/events\/555356414605552\/\" target=\"_blank\">https:\/\/www.facebook.com\/events\/555356414605552\/<\/a><\/p>\n<p><em><span style=\"color: #141823;\">\u00bfQue es la Prepartida te preguntaras?\u00a0<\/span><\/em><br style=\"color: #141823;\" \/><em><span style=\"color: #141823;\">Es un retiro abierto mixto para j\u00f3venes de 15 a\u00f1os en adelante! Van a haber Charlas, din\u00e1micas, juegos y muchas cosas mas&#8230;<\/span><\/em><br style=\"color: #141823;\" \/><em><span style=\"color: #141823;\">Lo organiza el Movimiento de Partida de Zarate -Campana!<\/span><\/em><br style=\"color: #141823;\" \/><br style=\"color: #141823;\" \/><em><span style=\"color: #141823;\">Desde las 9hs del dia s\u00e1bado 11 de abril hasta las 17hs del dia domingo 12, en la ciudad de Bel\u00e9n de Escobar, en el Colegio San Vicente de Paul<\/span><\/em><br style=\"color: #141823;\" \/><br style=\"color: #141823;\" \/><em><span style=\"color: #141823;\">Tenes que llevar:\u00a0<\/span><\/em><br style=\"color: #141823;\" \/><em><span style=\"color: #141823;\">-Bolsa de dormir o similar<\/span><\/em><br style=\"color: #141823;\" \/><em><span style=\"color: #141823;\">-Biblia y algo para anotar<\/span><\/em><br style=\"color: #141823;\" \/><em><span style=\"color: #141823;\">-Comida a la canasta para el sabado al mediodia<\/span><span class=\"text_exposed_show\" style=\"color: #141823;\"><br \/>\n-Un paquete de galletitas<br \/>\n-Si tenes traete tu instrumento<br \/>\n-Equipo de mate los que quieran<br \/>\n-Equipo de rancho (plato, vaso y cubiertos)<br \/>\n-Ropa comoda<br \/>\n-Linterna<br \/>\n-Y MUCHAS GANAS DE COMPARTIR UN FINDE DISTINTO Y CON JES\u00daS!<br \/>\n<\/span><\/em><\/p>\n<p><em><br \/>\n<img fetchpriority=\"high\" decoding=\"async\" class=\"wp-image-8615 aligncenter\" src=\"http:\/\/obispadodezaratecampana.org\/wp-content\/uploads\/2015\/03\/prepa-298x300.jpg\" alt=\"prepa\" width=\"238\" height=\"256\" \/><\/em>Perfil de facebook del Movimiento de Partida:<\/p>\n<p><a title=\"partida\" href=\"https:\/\/www.facebook.com\/MovimientodePartida.ZarateCampana35?fref=ts\" target=\"_blank\">https:\/\/www.facebook.com\/MovimientodePartida.ZarateCampana35?fref=ts<\/a><\/p>\n<!-- AddThis Advanced Settings generic via filter on the_content --><!-- AddThis Share Buttons generic via filter on the_content -->","protected":false},"excerpt":{"rendered":"<p>Queridos lectores: les compartimos el detalle de este evento que aparece en facebook y adjuntamos ademas el enlace:\u00a0https:\/\/www.facebook.com\/events\/555356414605552\/ \u00bfQue es la Prepartida te preguntaras?\u00a0Es un [&hellip;]<!-- AddThis Advanced Settings generic via filter on get_the_excerpt --><!-- AddThis Share Buttons generic via filter on get_the_excerpt --><\/p>\n","protected":false},"author":2,"featured_media":8615,"comment_status":"open","ping_status":"open","sticky":false,"template":"","format":"standard","meta":{"footnotes":""},"categories":[4],"tags":[],"class_list":["post-8614","post","type-post","status-publish","format-standard","has-post-thumbnail","hentry","category-movimientosinstituciones"],"_links":{"self":[{"href":"https:\/\/obispadodezaratecampana.org\/index.php?rest_route=\/wp\/v2\/posts\/8614","targetHints":{"allow":["GET"]}}],"collection":[{"href":"https:\/\/obispadodezaratecampana.org\/index.php?rest_route=\/wp\/v2\/posts"}],"about":[{"href":"https:\/\/obispadodezaratecampana.org\/index.php?rest_route=\/wp\/v2\/types\/post"}],"author":[{"embeddable":true,"href":"https:\/\/obispadodezaratecampana.org\/index.php?rest_route=\/wp\/v2\/users\/2"}],"replies":[{"embeddable":true,"href":"https:\/\/obispadodezaratecampana.org\/index.php?rest_route=%2Fwp%2Fv2%2Fcomments&post=8614"}],"version-history":[{"count":3,"href":"https:\/\/obispadodezaratecampana.org\/index.php?rest_route=\/wp\/v2\/posts\/8614\/revisions"}],"predecessor-version":[{"id":8618,"href":"https:\/\/obispadodezaratecampana.org\/index.php?rest_route=\/wp\/v2\/posts\/8614\/revisions\/8618"}],"wp:featuredmedia":[{"embeddable":true,"href":"https:\/\/obispadodezaratecampana.org\/index.php?rest_route=\/wp\/v2\/media\/8615"}],"wp:attachment":[{"href":"https:\/\/obispadodezaratecampana.org\/index.php?rest_route=%2Fwp%2Fv2%2Fmedia&parent=8614"}],"wp:term":[{"taxonomy":"category","embeddable":true,"href":"https:\/\/obispadodezaratecampana.org\/index.php?rest_route=%2Fwp%2Fv2%2Fcategories&post=8614"},{"taxonomy":"post_tag","embeddable":true,"href":"https:\/\/obispadodezaratecampana.org\/index.php?rest_route=%2Fwp%2Fv2%2Ftags&post=8614"}],"curies":[{"name":"wp","href":"https:\/\/api.w.org\/{rel}","templated":true}]}}