{"id":8608,"date":"2015-03-30T22:50:50","date_gmt":"2015-03-31T01:50:50","guid":{"rendered":"http:\/\/obispadodezaratecampana.org\/?p=8608"},"modified":"2015-03-30T22:50:50","modified_gmt":"2015-03-31T01:50:50","slug":"beatificacion-de-monsenor-romero","status":"publish","type":"post","link":"https:\/\/obispadodezaratecampana.org\/?p=8608","title":{"rendered":"Beatificaci\u00f3n de Monse\u00f1or Romero"},"content":{"rendered":"<p>La Comisi\u00f3n Ejecutiva de la Conferencia Episcopal Argentina en comuni\u00f3n con la Conferencia Episcopal de El Salvador y la Iglesia en Am\u00e9rica Latina, invita a la Misa en Acci\u00f3n de Gracias por la beatificaci\u00f3n de Mons. \u00d3scar Arnulfo Romero.<\/p>\n<p>La misma tendr\u00e1 lugar el 23 de mayo a las 11 hs. en la Iglesia Catedral Metropolitana y ser\u00e1 presidida por el Arzobispo de Buenos Aires, Cardenal Mario Poli.<\/p>\n<p>Acompa\u00f1amos la vigilia de oraci\u00f3n del pueblo salvadore\u00f1o que siempre reconoci\u00f3 en Mons. Romero la figura de un pastor que comprometi\u00f3 su vida por el Evangelio.<\/p>\n<p>Comisi\u00f3n Ejecutiva<br \/>\nConferencia Episcopal Argentina<br \/>\n30 de marzo de 2015<\/p>\n<!-- AddThis Advanced Settings generic via filter on the_content --><!-- AddThis Share Buttons generic via filter on the_content -->","protected":false},"excerpt":{"rendered":"<p>La Comisi\u00f3n Ejecutiva de la Conferencia Episcopal Argentina en comuni\u00f3n con la Conferencia Episcopal de El Salvador y la Iglesia en Am\u00e9rica Latina, invita a [&hellip;]<!-- AddThis Advanced Settings generic via filter on get_the_excerpt --><!-- AddThis Share Buttons generic via filter on get_the_excerpt --><\/p>\n","protected":false},"author":2,"featured_media":8609,"comment_status":"open","ping_status":"open","sticky":false,"template":"","format":"standard","meta":{"footnotes":""},"categories":[5],"tags":[],"class_list":["post-8608","post","type-post","status-publish","format-standard","has-post-thumbnail","hentry","category-generales"],"_links":{"self":[{"href":"https:\/\/obispadodezaratecampana.org\/index.php?rest_route=\/wp\/v2\/posts\/8608","targetHints":{"allow":["GET"]}}],"collection":[{"href":"https:\/\/obispadodezaratecampana.org\/index.php?rest_route=\/wp\/v2\/posts"}],"about":[{"href":"https:\/\/obispadodezaratecampana.org\/index.php?rest_route=\/wp\/v2\/types\/post"}],"author":[{"embeddable":true,"href":"https:\/\/obispadodezaratecampana.org\/index.php?rest_route=\/wp\/v2\/users\/2"}],"replies":[{"embeddable":true,"href":"https:\/\/obispadodezaratecampana.org\/index.php?rest_route=%2Fwp%2Fv2%2Fcomments&post=8608"}],"version-history":[{"count":1,"href":"https:\/\/obispadodezaratecampana.org\/index.php?rest_route=\/wp\/v2\/posts\/8608\/revisions"}],"predecessor-version":[{"id":8610,"href":"https:\/\/obispadodezaratecampana.org\/index.php?rest_route=\/wp\/v2\/posts\/8608\/revisions\/8610"}],"wp:featuredmedia":[{"embeddable":true,"href":"https:\/\/obispadodezaratecampana.org\/index.php?rest_route=\/wp\/v2\/media\/8609"}],"wp:attachment":[{"href":"https:\/\/obispadodezaratecampana.org\/index.php?rest_route=%2Fwp%2Fv2%2Fmedia&parent=8608"}],"wp:term":[{"taxonomy":"category","embeddable":true,"href":"https:\/\/obispadodezaratecampana.org\/index.php?rest_route=%2Fwp%2Fv2%2Fcategories&post=8608"},{"taxonomy":"post_tag","embeddable":true,"href":"https:\/\/obispadodezaratecampana.org\/index.php?rest_route=%2Fwp%2Fv2%2Ftags&post=8608"}],"curies":[{"name":"wp","href":"https:\/\/api.w.org\/{rel}","templated":true}]}}