{"id":8570,"date":"2015-03-28T11:52:18","date_gmt":"2015-03-28T14:52:18","guid":{"rendered":"http:\/\/obispadodezaratecampana.org\/?p=8570"},"modified":"2015-03-28T16:06:19","modified_gmt":"2015-03-28T19:06:19","slug":"presencia-del-obispo-en-semana-santa-y-triduo-pascual","status":"publish","type":"post","link":"https:\/\/obispadodezaratecampana.org\/?p=8570","title":{"rendered":":: PRESENCIA DEL OBISPO EN SEMANA SANTA ::"},"content":{"rendered":"<p><strong>Presencia del Obispo en Semana Santa\u00a0<\/strong><\/p>\n<p>-Este Domingo de Ramos &#8211; 29 de marzo- nuestro Obispo Oscar celebrar\u00e0 la Santa Misa (del Domingo llamado &#8220;de Pasi\u00f2n&#8221; o de la entrada triunfal de Jes\u00f9s en Jerusal\u00e8n) en la iglesia catedral de Santa Florentina, a las 11 hs.<br \/>\n-El lunes y martes santos celebra en Campana.<br \/>\n-El mi\u00e9rcoles santo por la tarde &#8211; 1 de abril a las 19 hs -en la misa vespertina del Jueves Santo, junto con todo el presbiterio celebra la misa crismal en la iglesia catedral de Santa Florentina.<br \/>\n-El Jueves Santo &#8211; 2 de abril- \u00a0se encontrar\u00e1 presente en Pilar, y celebra misa y lavatorio de los pies en la parroquia de Nuestra Se\u00f1ora del Pilar, frente al hogar de ancianos Padre Braschi.<br \/>\n-El Viernes Santo \u00a0&#8211; 3 de abril- el Obispo confiesa en la iglesia de Nuestra Se\u00f1ora de F\u00e1tima (Pilar) y all\u00ed preside la celebraci\u00f3n de la Pasi\u00f3n del Se\u00f1or. Por la tarde participa de la via crucis en la parroquia de San Luis Gonzaga (de Manzanares-F\u00e1tima, en Pilar).<br \/>\n-La Vigilia de Pascua &#8211; s\u00e1bado 4 de abril- la celebra en la iglesia de Nuestra Se\u00f1ora de F\u00e1tima, de F\u00e1tima (Pilar) de los PP. Siervos de Mar\u00eda.<br \/>\n-El Domingo de Resurrecci\u00f3n &#8211; 5 de abril- , como todos los a\u00f1os, lo celebra en el Hogar de la Paz y la Alegr\u00eda de las Hermanas Misioneras de la Caridad de la beata Madre Teresa de Calcuta, en Z\u00e1rate (misa a las 10 hs ). Luego compartir\u00e1 un almuerzo con familias de la parroquia de Nuestra Se\u00f1ora de F\u00e1tima (del bajo de Z\u00e1rate) y el cura p\u00e1rroco.<\/p>\n<p>Fotograf\u00edas del archivo del Obispado (por orden de aparici\u00f3n) : Domingo de Ramos, Santos \u00d3leos &#8211; misa Crismal-, Visita a los Monumentos, Vigilia Pascual.<\/p>\n<p><img fetchpriority=\"high\" decoding=\"async\" class=\" wp-image-8593 aligncenter\" src=\"http:\/\/obispadodezaratecampana.org\/wp-content\/uploads\/2015\/03\/ramos-300x225.jpg\" alt=\"ramos\" width=\"543\" height=\"330\" \/><\/p>\n<p><img decoding=\"async\" class=\" wp-image-8586 aligncenter\" src=\"http:\/\/obispadodezaratecampana.org\/wp-content\/uploads\/2015\/03\/oleos-300x200.jpg\" alt=\"oleos\" width=\"548\" height=\"326\" \/><\/p>\n<p><img decoding=\"async\" class=\" wp-image-8585 aligncenter\" src=\"http:\/\/obispadodezaratecampana.org\/wp-content\/uploads\/2015\/03\/oscar1-300x225.jpg\" alt=\"oscar\" width=\"545\" height=\"342\" \/><\/p>\n<p><img loading=\"lazy\" decoding=\"async\" class=\" wp-image-8584 aligncenter\" src=\"http:\/\/obispadodezaratecampana.org\/wp-content\/uploads\/2015\/03\/vigilia-300x168.jpg\" alt=\"vigilia\" width=\"548\" height=\"316\" \/><\/p>\n<p><img loading=\"lazy\" decoding=\"async\" class=\"wp-image-8587 aligncenter\" src=\"http:\/\/obispadodezaratecampana.org\/wp-content\/uploads\/2015\/03\/vigiliab-225x300.jpg\" alt=\"vigiliab\" width=\"412\" height=\"544\" \/><\/p>\n<p>&nbsp;<\/p>\n<!-- AddThis Advanced Settings generic via filter on the_content --><!-- AddThis Share Buttons generic via filter on the_content -->","protected":false},"excerpt":{"rendered":"<p>Presencia del Obispo en Semana Santa\u00a0 -Este Domingo de Ramos &#8211; 29 de marzo- nuestro Obispo Oscar celebrar\u00e0 la Santa Misa (del Domingo llamado &#8220;de [&hellip;]<!-- AddThis Advanced Settings generic via filter on get_the_excerpt --><!-- AddThis Share Buttons generic via filter on get_the_excerpt --><\/p>\n","protected":false},"author":2,"featured_media":8571,"comment_status":"open","ping_status":"open","sticky":false,"template":"","format":"standard","meta":{"footnotes":""},"categories":[1],"tags":[],"class_list":["post-8570","post","type-post","status-publish","format-standard","has-post-thumbnail","hentry","category-noticiasdiocesanas"],"_links":{"self":[{"href":"https:\/\/obispadodezaratecampana.org\/index.php?rest_route=\/wp\/v2\/posts\/8570","targetHints":{"allow":["GET"]}}],"collection":[{"href":"https:\/\/obispadodezaratecampana.org\/index.php?rest_route=\/wp\/v2\/posts"}],"about":[{"href":"https:\/\/obispadodezaratecampana.org\/index.php?rest_route=\/wp\/v2\/types\/post"}],"author":[{"embeddable":true,"href":"https:\/\/obispadodezaratecampana.org\/index.php?rest_route=\/wp\/v2\/users\/2"}],"replies":[{"embeddable":true,"href":"https:\/\/obispadodezaratecampana.org\/index.php?rest_route=%2Fwp%2Fv2%2Fcomments&post=8570"}],"version-history":[{"count":6,"href":"https:\/\/obispadodezaratecampana.org\/index.php?rest_route=\/wp\/v2\/posts\/8570\/revisions"}],"predecessor-version":[{"id":8595,"href":"https:\/\/obispadodezaratecampana.org\/index.php?rest_route=\/wp\/v2\/posts\/8570\/revisions\/8595"}],"wp:featuredmedia":[{"embeddable":true,"href":"https:\/\/obispadodezaratecampana.org\/index.php?rest_route=\/wp\/v2\/media\/8571"}],"wp:attachment":[{"href":"https:\/\/obispadodezaratecampana.org\/index.php?rest_route=%2Fwp%2Fv2%2Fmedia&parent=8570"}],"wp:term":[{"taxonomy":"category","embeddable":true,"href":"https:\/\/obispadodezaratecampana.org\/index.php?rest_route=%2Fwp%2Fv2%2Fcategories&post=8570"},{"taxonomy":"post_tag","embeddable":true,"href":"https:\/\/obispadodezaratecampana.org\/index.php?rest_route=%2Fwp%2Fv2%2Ftags&post=8570"}],"curies":[{"name":"wp","href":"https:\/\/api.w.org\/{rel}","templated":true}]}}