{"id":8526,"date":"2015-03-17T00:51:34","date_gmt":"2015-03-17T03:51:34","guid":{"rendered":"http:\/\/obispadodezaratecampana.org\/?p=8526"},"modified":"2015-03-17T00:51:34","modified_gmt":"2015-03-17T03:51:34","slug":"tanto-amo-dios-al-mundo-que-entrego-a-su-hijo-unico","status":"publish","type":"post","link":"https:\/\/obispadodezaratecampana.org\/?p=8526","title":{"rendered":"\u00a1\u2018Tanto am\u00f3 Dios al mundo que entreg\u00f3 a su Hijo \u00fanico\u2019!"},"content":{"rendered":"<p>\u00a1\u2018Tanto am\u00f3 Dios al mundo que entreg\u00f3 a su Hijo \u00fanico\u2019! ( Jn 3,16)<\/p>\n<p>En sus palabras antes del rezo mariano dominical, el Papa Francisco hizo hincapi\u00e9 en el Evangelio del IV Domingo de Cuaresma. \u00abEscuchando esta palabra, dirigimos la mirada de nuestro coraz\u00f3n a Jes\u00fas Crucificado y sentimos dentro de nosotros que \u00a1Dios nos ama, nos ama de verdad, y nos ama tanto! He aqu\u00ed la expresi\u00f3n m\u00e1s sencilla que resume todo el Evangelio, toda la fe, toda la teolog\u00eda: Dios nos ama con amor gratuito y sin l\u00edmites\u00bb.<\/p>\n<p>No olvidemos nunca: \u00abDios es rico en Misericordia\u00bb<\/p>\n<p>Recibido con gran alegr\u00eda y aplausos por miles de peregrinos, que a pesar de una lluvia intermitente acudieron a la plaza de San Pedro para rezar con el Papa y recibir su bendici\u00f3n, el Obispo de Roma record\u00f3 con la Plegaria Eucar\u00edstica, que \u00absi en la creaci\u00f3n, el Padre nos ha dado la prueba de su inmenso amor don\u00e1ndonos la vida, en la pasi\u00f3n de su Hijo nos ha dado la prueba de las pruebas: ha venido a sufrir y a morir por nosotros\u00bb.<\/p>\n<p>\u00a1Que Mar\u00eda, Madre de Misericordia, nos ponga en el coraz\u00f3n la certeza de que somos amados por Dios. Que est\u00e9 cerca de nosotros en los momentos de dificultad y nos done los sentimientos de su Hijo, para que nuestro itinerario cuaresmal sea experiencia de perd\u00f3n, de acogida y de caridad!<\/p>\n<p><strong>Texto completo de las Palabras del Papa<\/strong><\/p>\n<p>\u00abQueridos hermanos y hermanas \u00a1buenos d\u00edas!<\/p>\n<p>El Evangelio de hoy nos vuelve a proponer las palabras que Jes\u00fas dirigi\u00f3 a Nicodemo: \u2018Tanto am\u00f3 Dios al mundo que entreg\u00f3 a su Hijo \u00fanico\u2019 ( Jn 3,16). Escuchando esta palabra, dirigimos la mirada de nuestro coraz\u00f3n a Jes\u00fas Crucificado y sentimos dentro de nosotros que \u00a1Dios nos ama, nos ama de verdad, y nos ama tanto! He aqu\u00ed la expresi\u00f3n m\u00e1s sencilla que resume todo el Evangelio, toda la fe, toda la teolog\u00eda: Dios nos ama con amor gratuito y sin l\u00edmites. \u00a1Pero as\u00ed nos ama Dios!<\/p>\n<p>Este amor Dios lo demuestra ante todo en la creaci\u00f3n, como proclama la liturgia, en la Plegaria eucar\u00edstica IV \u00abHas dado origen al universo para difundir tu amor sobre todas tus criaturas y alegrarlas con los esplendores de tu luz\u00bb. En el origen del mundo est\u00e1 s\u00f3lo el amor libre y gratuito del Padre. San Ireneo, un santo de los primeros siglos, escribe: Dios no cre\u00f3 a Ad\u00e1n porque ten\u00eda necesidad del hombre, sino para tener alguien a quien donar sus beneficios\u2019 (Adversus haerenses, IV, 14,1) \u00a1Es as\u00ed, el amor de Dios es as\u00ed!<\/p>\n<p>As\u00ed prosigue la Plegaria eucar\u00edstica IV: \u2018Y cuando por desobediencia perdi\u00f3 tu amistad, no lo abandonaste al poder de la muerte, sino que, compadecido, tendiste la mano a todos, para que te encuentre el que te busca\u2019. \u00a1Y ha venido con su misericordia! Como en la creaci\u00f3n, tambi\u00e9n en las etapas sucesivas de la historia de la salvaci\u00f3n resalta la gratuidad del amor de Dios: El Se\u00f1or elige a su pueblo no porque se lo merezca \u2013 y le dice as\u00ed: \u2018Yo te he elegido precisamente porque eres el m\u00e1s peque\u00f1o entre todos los pueblos. Y cuando vino \u2018la plenitud del tiempo\u2019 a pesar de que los hombres hubieran quebrantado tantas veces la alianza, Dios, en lugar de abandonarlos, estrech\u00f3 con ellos un v\u00ednculo nuevo, en la sangre de Jes\u00fas \u2013 el v\u00ednculo de la nueva y eterna alianza \u2013 un v\u00ednculo que nada podr\u00e1 quebrar nunca.<\/p>\n<p>San Pablo nos recuerda: \u2018Dios, rico en misericordia, &#8211; no lo olviden nunca: es rico en misericordia &#8211; por el gran amor con que nos am\u00f3, estando nosotros muertos por los pecados, nos ha hecho vivir con Cristo\u2019 (Ef 2,4). La Cruz de Cristo es la prueba suprema del amor de Dios por nosotros: Jes\u00fas nos ha amado \u2018hasta el fin\u2019 (Jn 13,1), es decir no s\u00f3lo hasta el \u00faltimo instante de su vida terrenal, sino hasta el extremo l\u00edmite del amor. Si en la creaci\u00f3n, el Padre nos ha dado la prueba de su inmenso amor don\u00e1ndonos la vida, en la pasi\u00f3n y muerte de su Hijo nos ha dado la prueba de las pruebas: ha venido a sufrir y a morir por nosotros. \u00a1Y ello por amor: tan grande es la misericordia de Dios! Porque nos ama, nos perdona. Con su misericordia Dios perdona todos y Dios perdona siempre.<\/p>\n<p>\u00a1Que Mar\u00eda, que es Madre de Misericordia, nos ponga en el coraz\u00f3n la certeza de que somos amados por Dios. Que est\u00e9 cerca de nosotros en los momentos de dificultad y nos done los sentimientos de su Hijo, para que nuestro itinerario cuaresmal sea experiencia de perd\u00f3n, de acogida y de caridad!<\/p>\n<p>Fuente: www.news.va<\/p>\n<p>&nbsp;<\/p>\n<!-- AddThis Advanced Settings generic via filter on the_content --><!-- AddThis Share Buttons generic via filter on the_content -->","protected":false},"excerpt":{"rendered":"<p>\u00a1\u2018Tanto am\u00f3 Dios al mundo que entreg\u00f3 a su Hijo \u00fanico\u2019! ( Jn 3,16) En sus palabras antes del rezo mariano dominical, el Papa Francisco [&hellip;]<!-- AddThis Advanced Settings generic via filter on get_the_excerpt --><!-- AddThis Share Buttons generic via filter on get_the_excerpt --><\/p>\n","protected":false},"author":2,"featured_media":8527,"comment_status":"open","ping_status":"open","sticky":false,"template":"","format":"standard","meta":{"footnotes":""},"categories":[161],"tags":[],"class_list":["post-8526","post","type-post","status-publish","format-standard","has-post-thumbnail","hentry","category-el-papa-leonxiv"],"_links":{"self":[{"href":"https:\/\/obispadodezaratecampana.org\/index.php?rest_route=\/wp\/v2\/posts\/8526","targetHints":{"allow":["GET"]}}],"collection":[{"href":"https:\/\/obispadodezaratecampana.org\/index.php?rest_route=\/wp\/v2\/posts"}],"about":[{"href":"https:\/\/obispadodezaratecampana.org\/index.php?rest_route=\/wp\/v2\/types\/post"}],"author":[{"embeddable":true,"href":"https:\/\/obispadodezaratecampana.org\/index.php?rest_route=\/wp\/v2\/users\/2"}],"replies":[{"embeddable":true,"href":"https:\/\/obispadodezaratecampana.org\/index.php?rest_route=%2Fwp%2Fv2%2Fcomments&post=8526"}],"version-history":[{"count":1,"href":"https:\/\/obispadodezaratecampana.org\/index.php?rest_route=\/wp\/v2\/posts\/8526\/revisions"}],"predecessor-version":[{"id":8528,"href":"https:\/\/obispadodezaratecampana.org\/index.php?rest_route=\/wp\/v2\/posts\/8526\/revisions\/8528"}],"wp:featuredmedia":[{"embeddable":true,"href":"https:\/\/obispadodezaratecampana.org\/index.php?rest_route=\/wp\/v2\/media\/8527"}],"wp:attachment":[{"href":"https:\/\/obispadodezaratecampana.org\/index.php?rest_route=%2Fwp%2Fv2%2Fmedia&parent=8526"}],"wp:term":[{"taxonomy":"category","embeddable":true,"href":"https:\/\/obispadodezaratecampana.org\/index.php?rest_route=%2Fwp%2Fv2%2Fcategories&post=8526"},{"taxonomy":"post_tag","embeddable":true,"href":"https:\/\/obispadodezaratecampana.org\/index.php?rest_route=%2Fwp%2Fv2%2Ftags&post=8526"}],"curies":[{"name":"wp","href":"https:\/\/api.w.org\/{rel}","templated":true}]}}