{"id":8521,"date":"2015-03-17T00:27:17","date_gmt":"2015-03-17T03:27:17","guid":{"rendered":"http:\/\/obispadodezaratecampana.org\/?p=8521"},"modified":"2015-03-17T00:27:17","modified_gmt":"2015-03-17T03:27:17","slug":"estamos-en-la-mente-y-en-el-corazon-de-dios","status":"publish","type":"post","link":"https:\/\/obispadodezaratecampana.org\/?p=8521","title":{"rendered":"Estamos en la mente y en el coraz\u00f3n de Dios"},"content":{"rendered":"<p style=\"color: #343434;\">Dios est\u00e1 enamorado de nosotros y nosotros somos su sue\u00f1o de amor. Ning\u00fan te\u00f3logo puede explicar esto, mientras nosotros s\u00f3lo podemos llorar de alegr\u00eda. De este modo podemos sintetizar cuanto afirm\u00f3 el Papa Francisco en su homil\u00eda de la misa matutina celebrada en la Capilla de la Casa de Santa Marta &#8211; lunes 16 de marzo- .<\/p>\n<p style=\"color: #343434;\"><strong style=\"font-weight: inherit; font-style: inherit;\">El sue\u00f1o de Dios<\/strong><\/p>\n<p style=\"color: #343434;\"><span style=\"font-weight: inherit; font-style: inherit;\">Partiendo de la primera lectura del profeta Isa\u00edas, en que el Se\u00f1or dice que crear\u00e1 \u201cnuevos cielos y nueva tierra\u201d, el Papa Bergoglio reafirm\u00f3 que la segunda creaci\u00f3n de Dios es m\u00e1s \u201cmaravillosa\u201d a\u00fan de la primera, porque \u201ccuando el Se\u00f1or \u2018rehace\u2019 el mundo arruinado por el pecado\u201d, lo \u2018rehace\u2019 en Jesucristo. Y en este renovar todo, Dios manifiesta su inmensa alegr\u00eda:<\/span><\/p>\n<p style=\"color: #343434;\"><span style=\"font-weight: inherit; font-style: inherit;\">\u201cEncontramos que el Se\u00f1or tiene tanto entusiasmo: habla de alegr\u00eda y dice una palabra: \u2018Gozar\u00e9 de mi pueblo\u2019. El Se\u00f1or piensa en lo que har\u00e1, piensa que \u00c9l, \u00c9l mismo estar\u00e1 en la alegr\u00eda con su pueblo. Es como si fuera un sue\u00f1o del Se\u00f1or: el Se\u00f1or sue\u00f1a. Tiene sus sue\u00f1os. Sus sue\u00f1os sobre nosotros. \u2018Ah, qu\u00e9 bello ser\u00e1 cuando nos encontraremos todos juntos, cuando nos reencontraremos all\u00e1 o cuando aquella persona, aquella otra\u2026 aquella otra caminar\u00e1 conmigo\u2026 \u00a1Y yo gozar\u00e9 en aquel momento!\u2019. Para poner un ejemplo que nos pueda ayudar, como si una muchacha con su novio o el muchacho con su novia pensara: \u2018Cuando estemos juntos, cuando nos casemos\u2026\u2019. Es el \u2018sue\u00f1o\u2019 de Dios\u201d.<\/span><\/p>\n<p style=\"color: #343434;\"><strong style=\"font-weight: inherit; font-style: inherit;\">Estamos en la mente y en el coraz\u00f3n de Dios<\/strong><\/p>\n<p style=\"color: #343434;\"><span style=\"font-weight: inherit; font-style: inherit;\">\u201cDios \u2013 \u00a0prosigui\u00f3 explicando el Papa \u2013 \u00a0piensa en cada uno de nosotros\u201d y \u201cpiensa bien, nos quiere, \u2018sue\u00f1a\u2019 con nosotros. Sue\u00f1a acerca de la alegr\u00eda que gozar\u00e1 con nosotros. Por esta raz\u00f3n el Se\u00f1or quiere \u2018re-crearnos\u2019, y hacer nuevo nuestro coraz\u00f3n, \u2018re-crear\u2019 nuestro coraz\u00f3n para hacer que la alegr\u00eda triunfe\u201d:<\/span><\/p>\n<p style=\"color: #343434;\"><span style=\"font-weight: inherit; font-style: inherit;\">\u201c\u00bfHan pensado? \u2018\u00a1El Se\u00f1or sue\u00f1a conmigo! \u00a1Piensa en m\u00ed! \u00a1Yo estoy en la mente, en el coraz\u00f3n del Se\u00f1or! \u00a1El Se\u00f1or es capaz de cambiarme la vida!\u2019. Y hace tantos planes: \u2018Fabricaremos casas, plantaremos vi\u00f1as, comeremos juntos\u2019\u2026 todas estas ilusiones que hace s\u00f3lo un enamorado\u2026 Y aqu\u00ed el Se\u00f1or se deja ver enamorado de su pueblo. Y cuando le dice a su pueblo: \u2018Pero yo no te he elegido porque t\u00fa eres el m\u00e1s fuerte, el m\u00e1s grande, el m\u00e1s potente. Te he elegido porque t\u00fa eres el m\u00e1s peque\u00f1os de todos. Tambi\u00e9n puede decir: el m\u00e1s miserable de todos. Pero yo te he elegido as\u00ed\u2019. Y esto es el amor\u201d.<\/span><\/p>\n<p style=\"color: #343434;\"><strong style=\"font-weight: inherit; font-style: inherit;\">Ning\u00fan te\u00f3logo puede explicar el amor de Dios por nosotros<\/strong><\/p>\n<p style=\"color: #343434;\"><span style=\"font-weight: inherit; font-style: inherit;\">Dios \u201cest\u00e1 enamorado de nosotros\u201d \u2013 \u00a0repiti\u00f3 el Santo Padre al comentar el pasaje del Evangelio de la curaci\u00f3n del hijo del funcionario real:<\/span><\/p>\n<p style=\"color: #343434;\"><span style=\"font-weight: inherit; font-style: inherit;\">\u201cCreo que no haya ning\u00fan te\u00f3logo que pueda explicar esto: no se puede explicar. Sobre esto s\u00f3lo se puede pensar, sentir, llorar. De alegr\u00eda. El Se\u00f1or nos puede cambiar. \u2018\u00bfY qu\u00e9 debo hacer?\u2019. Creer. Creer que el Se\u00f1or puede cambiarme, que \u00c9l es Todopoderoso: como hizo aquel hombre del Evangelio que ten\u00eda al hijo enfermo. \u2018Se\u00f1or, ven, antes que mi ni\u00f1o muera\u2019. \u2018Ve\u2019, \u00a1tu hijo vive!\u2019. Aquel hombre crey\u00f3 en la palabra que Jes\u00fas le hab\u00eda dicho y se puso en camino. Crey\u00f3. Crey\u00f3 que el Se\u00f1or ten\u00eda el poder de cambiar a su ni\u00f1os, la salud de su ni\u00f1o. Y gan\u00f3. La fe es hacer espacio a este amor de Dios, es hacer espacio al poder, al poder de Dios, pero no al poder de uno que es muy potente, sino al poder de uno que me ama, que est\u00e1 enamorado de m\u00ed y que quiere la alegr\u00eda conmigo. Esto es la fe. Esto es creer: es hacer espacio al Se\u00f1or para que venga y me cambie\u201d.<\/span><\/p>\n<p style=\"color: #343434;\">Fuente: www.news.va<\/p>\n<!-- AddThis Advanced Settings generic via filter on the_content --><!-- AddThis Share Buttons generic via filter on the_content -->","protected":false},"excerpt":{"rendered":"<p>Dios est\u00e1 enamorado de nosotros y nosotros somos su sue\u00f1o de amor. Ning\u00fan te\u00f3logo puede explicar esto, mientras nosotros s\u00f3lo podemos llorar de alegr\u00eda. De [&hellip;]<!-- AddThis Advanced Settings generic via filter on get_the_excerpt --><!-- AddThis Share Buttons generic via filter on get_the_excerpt --><\/p>\n","protected":false},"author":2,"featured_media":8522,"comment_status":"open","ping_status":"open","sticky":false,"template":"","format":"standard","meta":{"footnotes":""},"categories":[161],"tags":[],"class_list":["post-8521","post","type-post","status-publish","format-standard","has-post-thumbnail","hentry","category-el-papa-leonxiv"],"_links":{"self":[{"href":"https:\/\/obispadodezaratecampana.org\/index.php?rest_route=\/wp\/v2\/posts\/8521","targetHints":{"allow":["GET"]}}],"collection":[{"href":"https:\/\/obispadodezaratecampana.org\/index.php?rest_route=\/wp\/v2\/posts"}],"about":[{"href":"https:\/\/obispadodezaratecampana.org\/index.php?rest_route=\/wp\/v2\/types\/post"}],"author":[{"embeddable":true,"href":"https:\/\/obispadodezaratecampana.org\/index.php?rest_route=\/wp\/v2\/users\/2"}],"replies":[{"embeddable":true,"href":"https:\/\/obispadodezaratecampana.org\/index.php?rest_route=%2Fwp%2Fv2%2Fcomments&post=8521"}],"version-history":[{"count":1,"href":"https:\/\/obispadodezaratecampana.org\/index.php?rest_route=\/wp\/v2\/posts\/8521\/revisions"}],"predecessor-version":[{"id":8523,"href":"https:\/\/obispadodezaratecampana.org\/index.php?rest_route=\/wp\/v2\/posts\/8521\/revisions\/8523"}],"wp:featuredmedia":[{"embeddable":true,"href":"https:\/\/obispadodezaratecampana.org\/index.php?rest_route=\/wp\/v2\/media\/8522"}],"wp:attachment":[{"href":"https:\/\/obispadodezaratecampana.org\/index.php?rest_route=%2Fwp%2Fv2%2Fmedia&parent=8521"}],"wp:term":[{"taxonomy":"category","embeddable":true,"href":"https:\/\/obispadodezaratecampana.org\/index.php?rest_route=%2Fwp%2Fv2%2Fcategories&post=8521"},{"taxonomy":"post_tag","embeddable":true,"href":"https:\/\/obispadodezaratecampana.org\/index.php?rest_route=%2Fwp%2Fv2%2Ftags&post=8521"}],"curies":[{"name":"wp","href":"https:\/\/api.w.org\/{rel}","templated":true}]}}