{"id":8518,"date":"2015-03-17T00:02:33","date_gmt":"2015-03-17T03:02:33","guid":{"rendered":"http:\/\/obispadodezaratecampana.org\/?p=8518"},"modified":"2015-03-17T00:02:33","modified_gmt":"2015-03-17T03:02:33","slug":"el-papa-convoca-un-jubileo-extraordinario-ano-santo-de-la-misericordia","status":"publish","type":"post","link":"https:\/\/obispadodezaratecampana.org\/?p=8518","title":{"rendered":"EL PAPA CONVOCA UN JUBILEO EXTRAORDINARIO, A\u00d1O SANTO DE LA MISERICORDIA"},"content":{"rendered":"<p><em><strong>\u00bfQU\u00c9 ES UN A\u00d1O SANTO O JUBILEO? &#8211; EL PAPA CONVOCA UN JUBILEO EXTRAORDINARIO, A\u00d1O SANTO DE LA MISERICORDIA<\/strong><\/em><\/p>\n<p>Queridos amigos, el pasado viernes &#8211; 13 de marzo- , coincidiendo con segundo aniversario de su elecci\u00f3n al Pontificado, el Papa Francisco anunci\u00f3 que ha decidido convocar un Jubileo extraordinario:<br \/>\n\u00abHe pensado con frecuencia de qu\u00e9 forma la Iglesia puede hacer m\u00e1s evidente su misi\u00f3n de ser testigo de la misericordia. Es un camino que inicia con una conversi\u00f3n espiritual; y tenemos que recorrer este camino. Por eso he decidido convocar un Jubileo extraordinario que tenga en el centro la misericordia de Dios. Ser\u00e1 un A\u00f1o santo de la misericordia\u00bb.<br \/>\nEste A\u00f1o santo comenzar\u00e1 en la pr\u00f3xima solemnidad de la Inmaculada Concepci\u00f3n (8 de diciembre de 2015) y se concluir\u00e1 el 20 de noviembre de 2016, domingo de Nuestro Se\u00f1or Jesucristo Rey del universo y &#8220;rostro vivo de la misericordia del Padre&#8221;.<br \/>\nAnte este anuncio, surge la pregunta: \u00bfqu\u00e9 es un jubileo?<br \/>\nEn la tradici\u00f3n cat\u00f3lica, el Jubileo es un gran acontecimiento religioso. Es el a\u00f1o de la remisi\u00f3n de los pecados y de sus penas. Es el a\u00f1o de la reconciliaci\u00f3n, de la conversi\u00f3n y de la penitencia sacramental. En consecuencia, es el a\u00f1o de la solidaridad, de la esperanza, de la justicia, del empe\u00f1o por servir a Dios en el gozo y la paz con los hermanos. El A\u00f1o Jubilar es, ante todo, el A\u00f1o de Cristo, portador de la vida y de la gracia a la humanidad.<br \/>\nSus or\u00edgenes se remontan al Antiguo Testamento. La ley de Mois\u00e9s hab\u00eda determinado para el pueblo Hebreo un a\u00f1o particular: &#8220;Declarar\u00e9is santo el a\u00f1o cincuenta, y proclamar\u00e9is en la tierra liberaci\u00f3n para todos sus habitantes. Ser\u00e1 para vosotros un jubileo; cada uno recobrar\u00e1 su propiedad, y cada cual regresar\u00e1 a su familia&#8221; (Lev 25, 10).<br \/>\nLa trompeta con que se anunciaba este a\u00f1o particular era un cuerno de carnero padre, que se llama &#8220;yobel&#8221; en hebreo, de ah\u00ed la palabra &#8220;Jubileo&#8221;. La celebraci\u00f3n de este a\u00f1o llevaba consigo, entre otras cosas, la restituci\u00f3n de las tierras a sus antiguos propietarios, la remisi\u00f3n de las deudas, la liberaci\u00f3n de los esclavos, y el reposo de la tierra.<br \/>\nEn el Nuevo Testamento, Jes\u00fas se presenta como Aquel que lleva a su cumplimiento el Jubileo antiguo, ya que \u00c9l ha venido a &#8220;predicar el a\u00f1o de gracia del Se\u00f1or&#8221; (cfr. Is 61, 1-2).<br \/>\nEl Jubileo es un tiempo de gracia destinado a promover la santidad de vida. Ha sido instituido para consolidar la fe, favorecer las obras de caridad y la comuni\u00f3n fraterna en el seno de la Iglesia y en la sociedad; en definitiva, para recordar y remover a los creyentes a una profesi\u00f3n de fe m\u00e1s sincera y m\u00e1s coherente en Cristo Salvador.<br \/>\nEl Jubileo cat\u00f3lico puede ser ordinario o extraordinario:<br \/>\nEl A\u00f1o Santo ordinario, o A\u00f1o Jubilar, es el celebrado en los intervalos preestablecidos mientras que el extraordinario, o Jubileo, es el proclamado como celebraci\u00f3n de un hecho destacado.<br \/>\nEs una invitaci\u00f3n abierta a todos los cristianos y tambi\u00e9n a los que se encuentran distantes en la fe y desean volver de nuevo a la vida cristiana. Durante el A\u00f1o Jubilar, la Iglesia concede la indulgencia plenaria (remisi\u00f3n de la pena temporal en el purgatorio debida -seg\u00fan la justicia de Dios- por el pecado que ha sido ya perdonado en la confesi\u00f3n), que ayuda al cristiano a hacer camino con la voluntad de convertirse y reconciliarse con Dios. La indulgencia tambi\u00e9n puede ser aplicada a los difuntos como signo de amor hacia ellos.<br \/>\nAs\u00ed pues, queridos amigos, alegr\u00e9monos y prepar\u00e9monos a vivir este A\u00f1o Santo de la Misericordia de Dios.<\/p>\n<p>Fuente: www.news.va<\/p>\n<!-- AddThis Advanced Settings generic via filter on the_content --><!-- AddThis Share Buttons generic via filter on the_content -->","protected":false},"excerpt":{"rendered":"<p>\u00bfQU\u00c9 ES UN A\u00d1O SANTO O JUBILEO? &#8211; EL PAPA CONVOCA UN JUBILEO EXTRAORDINARIO, A\u00d1O SANTO DE LA MISERICORDIA Queridos amigos, el pasado viernes &#8211; [&hellip;]<!-- AddThis Advanced Settings generic via filter on get_the_excerpt --><!-- AddThis Share Buttons generic via filter on get_the_excerpt --><\/p>\n","protected":false},"author":2,"featured_media":8519,"comment_status":"open","ping_status":"open","sticky":false,"template":"","format":"standard","meta":{"footnotes":""},"categories":[161],"tags":[],"class_list":["post-8518","post","type-post","status-publish","format-standard","has-post-thumbnail","hentry","category-el-papa-leonxiv"],"_links":{"self":[{"href":"https:\/\/obispadodezaratecampana.org\/index.php?rest_route=\/wp\/v2\/posts\/8518","targetHints":{"allow":["GET"]}}],"collection":[{"href":"https:\/\/obispadodezaratecampana.org\/index.php?rest_route=\/wp\/v2\/posts"}],"about":[{"href":"https:\/\/obispadodezaratecampana.org\/index.php?rest_route=\/wp\/v2\/types\/post"}],"author":[{"embeddable":true,"href":"https:\/\/obispadodezaratecampana.org\/index.php?rest_route=\/wp\/v2\/users\/2"}],"replies":[{"embeddable":true,"href":"https:\/\/obispadodezaratecampana.org\/index.php?rest_route=%2Fwp%2Fv2%2Fcomments&post=8518"}],"version-history":[{"count":1,"href":"https:\/\/obispadodezaratecampana.org\/index.php?rest_route=\/wp\/v2\/posts\/8518\/revisions"}],"predecessor-version":[{"id":8520,"href":"https:\/\/obispadodezaratecampana.org\/index.php?rest_route=\/wp\/v2\/posts\/8518\/revisions\/8520"}],"wp:featuredmedia":[{"embeddable":true,"href":"https:\/\/obispadodezaratecampana.org\/index.php?rest_route=\/wp\/v2\/media\/8519"}],"wp:attachment":[{"href":"https:\/\/obispadodezaratecampana.org\/index.php?rest_route=%2Fwp%2Fv2%2Fmedia&parent=8518"}],"wp:term":[{"taxonomy":"category","embeddable":true,"href":"https:\/\/obispadodezaratecampana.org\/index.php?rest_route=%2Fwp%2Fv2%2Fcategories&post=8518"},{"taxonomy":"post_tag","embeddable":true,"href":"https:\/\/obispadodezaratecampana.org\/index.php?rest_route=%2Fwp%2Fv2%2Ftags&post=8518"}],"curies":[{"name":"wp","href":"https:\/\/api.w.org\/{rel}","templated":true}]}}