{"id":8513,"date":"2015-03-16T13:38:35","date_gmt":"2015-03-16T16:38:35","guid":{"rendered":"http:\/\/obispadodezaratecampana.org\/?p=8513"},"modified":"2015-03-17T00:36:13","modified_gmt":"2015-03-17T03:36:13","slug":"acampada-juvenil-2015-27-al-29-de-marzo","status":"publish","type":"post","link":"https:\/\/obispadodezaratecampana.org\/?p=8513","title":{"rendered":"ACAMPADA JUVENIL 2015: 27 al 29 de marzo"},"content":{"rendered":"<div class=\"gmail_quote\" style=\"color: #222222;\">\n<div class=\"adL\">\n<div class=\"im\" style=\"color: #500050;\">\n<p dir=\"ltr\"><strong>\u00bfComo se origin\u00f3 la idea de la Acampada Juvenil?<\/strong><\/p>\n<p dir=\"ltr\">&#8220;Haciendo historia&#8230;&#8221;<br \/>\nDesde el 2012, en una reuni\u00f3n de sacerdotes del Decanato Pilar, se pens\u00f3 en organizar un encuentro para j\u00f3venes mayores de 15 a\u00f1os, antes de iniciar la Semana Santa, para ofrecer un tiempo de reflexi\u00f3n y catequesis sobre los d\u00edas de Semana Santa, y al t\u00e9rmino invitarlos a participar en sus comunidades parroquiales.<br \/>\nEste 2015 es la III Acampada Juvenil que hemos de compartir, con ese mismo esp\u00edritu&#8230;<\/p>\n<p><strong>Acampada 2015<\/strong><\/p>\n<p>Fecha: viernes 27 al domingo 29 de marzo.<br \/>\nLugar: Villa Marista<br \/>\nInicio: viernes 27\/3 a las 17h, cena a la canasta.<br \/>\nCosto: $ 150<br \/>\nMayores de 15 a\u00f1os<br \/>\nConcluye: domingo 29\/3 16h, para que los j\u00f3venes participen de la Misa de sus parroquias.<br \/>\nInscripci\u00f3n: por internet, llenando una ficha a<br \/>\n<a style=\"color: #1155cc;\" href=\"http:\/\/t.co\/K2FBGm3Rex\" target=\"_blank\">http:\/\/t.co\/K2FBGm3Rex<\/a><\/p>\n<p dir=\"ltr\">Dormiremos en carpas.<br \/>\nTraer biblia, cuaderno, birome, equipo de mate, carpas, plato, cubiertos, vasos.<br \/>\nPor cualquier duda dirigirse al P.Francisco, tel. (0230) 4499057 o por mail a\u00a0<a style=\"color: #1155cc;\" href=\"mailto:franciscoliaudat@gmail.com\" target=\"_blank\">franciscoliaudat@gmail.com<\/a><\/p>\n<p dir=\"ltr\">Facebook del grupo de Acampada Juvenil:<\/p>\n<p dir=\"ltr\"><a title=\"acampada\" href=\"https:\/\/www.facebook.com\/groups\/898436696873758\/permalink\/898459213538173\/\" target=\"_blank\">https:\/\/www.facebook.com\/groups\/898436696873758\/permalink\/898459213538173\/<\/a><\/p>\n<p dir=\"ltr\">\n<p dir=\"ltr\"><img fetchpriority=\"high\" decoding=\"async\" class=\" wp-image-8524 aligncenter\" src=\"http:\/\/obispadodezaratecampana.org\/wp-content\/uploads\/2015\/03\/campa-300x300.jpg\" alt=\"campa\" width=\"427\" height=\"374\" \/><\/p>\n<\/div>\n<\/div>\n<\/div>\n<p><span class=\"HOEnZb adL\" style=\"color: #222222;\">\u00a0<\/span><\/p>\n<!-- AddThis Advanced Settings generic via filter on the_content --><!-- AddThis Share Buttons generic via filter on the_content -->","protected":false},"excerpt":{"rendered":"<p>\u00bfComo se origin\u00f3 la idea de la Acampada Juvenil? &#8220;Haciendo historia&#8230;&#8221; Desde el 2012, en una reuni\u00f3n de sacerdotes del Decanato Pilar, se pens\u00f3 en [&hellip;]<!-- AddThis Advanced Settings generic via filter on get_the_excerpt --><!-- AddThis Share Buttons generic via filter on get_the_excerpt --><\/p>\n","protected":false},"author":2,"featured_media":8516,"comment_status":"open","ping_status":"open","sticky":false,"template":"","format":"standard","meta":{"footnotes":""},"categories":[3],"tags":[],"class_list":["post-8513","post","type-post","status-publish","format-standard","has-post-thumbnail","hentry","category-noticiasparroquiales"],"_links":{"self":[{"href":"https:\/\/obispadodezaratecampana.org\/index.php?rest_route=\/wp\/v2\/posts\/8513","targetHints":{"allow":["GET"]}}],"collection":[{"href":"https:\/\/obispadodezaratecampana.org\/index.php?rest_route=\/wp\/v2\/posts"}],"about":[{"href":"https:\/\/obispadodezaratecampana.org\/index.php?rest_route=\/wp\/v2\/types\/post"}],"author":[{"embeddable":true,"href":"https:\/\/obispadodezaratecampana.org\/index.php?rest_route=\/wp\/v2\/users\/2"}],"replies":[{"embeddable":true,"href":"https:\/\/obispadodezaratecampana.org\/index.php?rest_route=%2Fwp%2Fv2%2Fcomments&post=8513"}],"version-history":[{"count":4,"href":"https:\/\/obispadodezaratecampana.org\/index.php?rest_route=\/wp\/v2\/posts\/8513\/revisions"}],"predecessor-version":[{"id":8525,"href":"https:\/\/obispadodezaratecampana.org\/index.php?rest_route=\/wp\/v2\/posts\/8513\/revisions\/8525"}],"wp:featuredmedia":[{"embeddable":true,"href":"https:\/\/obispadodezaratecampana.org\/index.php?rest_route=\/wp\/v2\/media\/8516"}],"wp:attachment":[{"href":"https:\/\/obispadodezaratecampana.org\/index.php?rest_route=%2Fwp%2Fv2%2Fmedia&parent=8513"}],"wp:term":[{"taxonomy":"category","embeddable":true,"href":"https:\/\/obispadodezaratecampana.org\/index.php?rest_route=%2Fwp%2Fv2%2Fcategories&post=8513"},{"taxonomy":"post_tag","embeddable":true,"href":"https:\/\/obispadodezaratecampana.org\/index.php?rest_route=%2Fwp%2Fv2%2Ftags&post=8513"}],"curies":[{"name":"wp","href":"https:\/\/api.w.org\/{rel}","templated":true}]}}