{"id":8509,"date":"2015-03-12T00:36:56","date_gmt":"2015-03-12T03:36:56","guid":{"rendered":"http:\/\/obispadodezaratecampana.org\/?p=8509"},"modified":"2015-03-12T00:36:56","modified_gmt":"2015-03-12T03:36:56","slug":"dios-me-perdona-pero-quiere-que-yo-perdone-a-los-demas","status":"publish","type":"post","link":"https:\/\/obispadodezaratecampana.org\/?p=8509","title":{"rendered":"Dios me perdona pero quiere que yo perdone a los dem\u00e1s"},"content":{"rendered":"<p>Para pedir perd\u00f3n a Dios es necesario seguir la ense\u00f1anza del \u201cPadrenuestro\u201d: arrepentirse con sinceridad de los propios pecados, sabiendo que Dios perdona siempre, y perdonar a los dem\u00e1s con la misma amplitud del coraz\u00f3n. Lo reafirm\u00f3 el Papa Francisco durante su homil\u00eda de la Misa matutina celebrada en la capilla de la Casa de Santa Marta. (10\/3\/2015)<\/p>\n<p>La omnipotencia de Dios se detiene ante la puerta cerrada de un coraz\u00f3n<\/p>\n<p>Dios es omnipotente, pero tambi\u00e9n su omnipotencia, en cierto sentido, se detiene ante la puerta cerrada de un coraz\u00f3n. Un coraz\u00f3n que no quiere perdonar a quien lo ha herido. El Papa Francisco se inspir\u00f3 en el Evangelio del d\u00eda en el que Jes\u00fas explica a Pedro que es necesario perdonar \u201csetenta veces siete\u201d, que equivale a \u201csiempre\u201d, para reafirmar que el perd\u00f3n de Dios a nuestros pecados y nuestro perd\u00f3n a los dem\u00e1s est\u00e1n estrechamente relacionados.<\/p>\n<p>\u201cPerd\u00f3name\u201d, no \u201cdisc\u00falpame\u201d<\/p>\n<p>El Papa Bergoglio explic\u00f3 que todo parte de c\u00f3mo nosotros, en primer lugar, nos presentamos a Dios para pedir que nos perdone. El ejemplo de Francisco lo ofrece la Lectura del d\u00eda, que muestra al profeta Azar\u00edas que invoca clemencia por el pecado de su pueblo, que est\u00e1 sufriendo, pero que tambi\u00e9n es culpable de haber \u201cabandonado la ley del Se\u00f1or\u201d. Azar\u00edas \u2013 dijo el Santo Padre \u2013 no protesta, \u201cno se lamenta ante Dios\u201d por los sufrimientos, sino que m\u00e1s bien reconoce los errores del pueblo y \u201cse arrepiente\u201d:<\/p>\n<p>\u201cPedir perd\u00f3n es otra cosa, es distinto que pedir disculpas. \u00bfYo me equivoco? Pero, disc\u00falpame, me he equivocado\u2026 \u00a1He pecado! No tiene nada que ver una cosa con la otra. El pecado no es una simple equivocaci\u00f3n. El pecado es idolatr\u00eda, es adorar al \u00eddolo, al \u00eddolo del orgullo, de la vanidad, del dinero, del \u2018m\u00ed mismo\u2019, del bienestar\u2026 Tantos \u00eddolos que nosotros tenemos. Y por esta raz\u00f3n Azar\u00edas no pide disculpas. Pide perd\u00f3n\u201d.<\/p>\n<p>Perdona a quien te ha hecho el mal<\/p>\n<p>Hay que pedir perd\u00f3n sinceramente, con el coraz\u00f3n, y de coraz\u00f3n debe ser dado a quien nos ha ofendido. Como el patr\u00f3n de la par\u00e1bola evang\u00e9lica relatada por Jes\u00fas, que condona una deuda enorme a un siervo suyo porque se compadece por sus s\u00faplicas. Y no como hace ese mismo siervo con un semejante, trat\u00e1ndolo sin piedad y mand\u00e1ndolo a la c\u00e1rcel, aun siendo deudor de una suma irrisoria. La din\u00e1mica del perd\u00f3n \u2013 record\u00f3 Francisco \u2013 es la que ense\u00f1a Jes\u00fas en el \u201cPadrenuestro\u201d:<\/p>\n<p>\u201cJes\u00fas nos ense\u00f1a a rezar as\u00ed al Padre: \u2018perdona nuestras ofensas como tambi\u00e9n nosotros perdonamos a los que nos ofenden\u2019. Si yo no soy capaz de perdonar, no soy capaz de pedir perd\u00f3n. \u2018Pero, Padre, yo me confieso, voy a confesarme\u2026\u2019. \u2018\u00bfY qu\u00e9 haces antes de confesarte?\u2019. \u2018Pienso en las cosas que he hecho mal\u2026\u2019. \u2018Est\u00e1 bien\u2019. \u2018Despu\u00e9s pido perd\u00f3n al Se\u00f1or y prometo no volver a hacerlas\u2026\u2019. \u2018Bien. Y despu\u00e9s vas a lo del sacerdote. Pero antes te falta una cosa: \u00bfhas perdonado a aquellos que te han hecho el mal?\u2019\u201d.<\/p>\n<p>Conscientes del pecado<\/p>\n<p>En una palabra, Francisco resumi\u00f3 que \u201cel perd\u00f3n que Dios te dar\u00e1\u201d, requiere \u201cel perd\u00f3n que t\u00fa des a los dem\u00e1s\u201d:<\/p>\n<p>\u201cEste es el razonamiento que Jes\u00fas nos ense\u00f1a sobre el perd\u00f3n. Primero: pedir perd\u00f3n no es un sencillo pedir disculpas, es ser consciente del pecado, de nuestra idolatr\u00eda, de las tantas idolatr\u00edas. Segundo: Dios siempre perdona, siempre. Pero pide que yo perdone. Si yo no perdono, en cierto sentido cierro la puerta al perd\u00f3n de Dios. \u2018Perdona nuestras ofensas como tambi\u00e9n nosotros perdonamos a los que nos ofenden\u2019\u201d.<\/p>\n<p>Fuente: www.news.va<\/p>\n<!-- AddThis Advanced Settings generic via filter on the_content --><!-- AddThis Share Buttons generic via filter on the_content -->","protected":false},"excerpt":{"rendered":"<p>Para pedir perd\u00f3n a Dios es necesario seguir la ense\u00f1anza del \u201cPadrenuestro\u201d: arrepentirse con sinceridad de los propios pecados, sabiendo que Dios perdona siempre, y [&hellip;]<!-- AddThis Advanced Settings generic via filter on get_the_excerpt --><!-- AddThis Share Buttons generic via filter on get_the_excerpt --><\/p>\n","protected":false},"author":2,"featured_media":8510,"comment_status":"open","ping_status":"open","sticky":false,"template":"","format":"standard","meta":{"footnotes":""},"categories":[161],"tags":[],"class_list":["post-8509","post","type-post","status-publish","format-standard","has-post-thumbnail","hentry","category-el-papa-leonxiv"],"_links":{"self":[{"href":"https:\/\/obispadodezaratecampana.org\/index.php?rest_route=\/wp\/v2\/posts\/8509","targetHints":{"allow":["GET"]}}],"collection":[{"href":"https:\/\/obispadodezaratecampana.org\/index.php?rest_route=\/wp\/v2\/posts"}],"about":[{"href":"https:\/\/obispadodezaratecampana.org\/index.php?rest_route=\/wp\/v2\/types\/post"}],"author":[{"embeddable":true,"href":"https:\/\/obispadodezaratecampana.org\/index.php?rest_route=\/wp\/v2\/users\/2"}],"replies":[{"embeddable":true,"href":"https:\/\/obispadodezaratecampana.org\/index.php?rest_route=%2Fwp%2Fv2%2Fcomments&post=8509"}],"version-history":[{"count":1,"href":"https:\/\/obispadodezaratecampana.org\/index.php?rest_route=\/wp\/v2\/posts\/8509\/revisions"}],"predecessor-version":[{"id":8511,"href":"https:\/\/obispadodezaratecampana.org\/index.php?rest_route=\/wp\/v2\/posts\/8509\/revisions\/8511"}],"wp:featuredmedia":[{"embeddable":true,"href":"https:\/\/obispadodezaratecampana.org\/index.php?rest_route=\/wp\/v2\/media\/8510"}],"wp:attachment":[{"href":"https:\/\/obispadodezaratecampana.org\/index.php?rest_route=%2Fwp%2Fv2%2Fmedia&parent=8509"}],"wp:term":[{"taxonomy":"category","embeddable":true,"href":"https:\/\/obispadodezaratecampana.org\/index.php?rest_route=%2Fwp%2Fv2%2Fcategories&post=8509"},{"taxonomy":"post_tag","embeddable":true,"href":"https:\/\/obispadodezaratecampana.org\/index.php?rest_route=%2Fwp%2Fv2%2Ftags&post=8509"}],"curies":[{"name":"wp","href":"https:\/\/api.w.org\/{rel}","templated":true}]}}