{"id":8501,"date":"2015-03-12T00:19:37","date_gmt":"2015-03-12T03:19:37","guid":{"rendered":"http:\/\/obispadodezaratecampana.org\/?p=8501"},"modified":"2015-03-12T00:21:05","modified_gmt":"2015-03-12T03:21:05","slug":"campamento-diocesano-de-animadores-de-la-iam-2","status":"publish","type":"post","link":"https:\/\/obispadodezaratecampana.org\/?p=8501","title":{"rendered":"Campamento Diocesano de Animadores de la IAM"},"content":{"rendered":"<p style=\"color: #666666;\">Rese\u00f1a publicada en el perfil de facebook de la IAM de nuestra di\u00f3cesis acerca de lo acontecido en el Primer Campamento para Animadores durante el fin de semana del 7 y 8 de marzo:<\/p>\n<p style=\"color: #666666;\"><em>El fin de semana del 7 y 8 de marzo, compartimos en Villa Marista, Pilar, el 1er Campamento Diocesano de animadores de la IAM, Iniciando as\u00ed nuestras actividade<span class=\"text_exposed_show\">s como IAM de Z\u00e1rate-Campana en este 2015.\u00a0<\/span><\/em><\/p>\n<p style=\"color: #666666;\"><em><span class=\"text_exposed_show\">La propuesta fue convocar a los animadores de la IAM de nuestra di\u00f3cesis, y trabajar sobre 3 objetivos generales para profundizar durante el nuevo a\u00f1o que comienza.\u00a0<\/span><\/em><\/p>\n<p style=\"color: #666666;\"><em><span class=\"text_exposed_show\">&amp;- Dimensi\u00f3n Espiritual Misionera de la IAM<br \/>\n&amp;- Dimensi\u00f3n Formativa Misionera de la IAM<br \/>\n&amp;- Dimensi\u00f3n Fraterna Misionera de la IAM<br \/>\nProponiendo un marco pastoral, no s\u00f3lo diocesano sino tambi\u00e9n nuestra vinculaci\u00f3n a la OMP Argentina.<br \/>\nAgradecemos a todos aquellos que nos han acompa\u00f1ado con la oraci\u00f3n: realmente Dios nos bendijo en estos d\u00edas en los que la Comuni\u00f3n fraterna, la formaci\u00f3n y la oraci\u00f3n, nos permitieron avivar unos a otros nuestro ardor misionero.<br \/>\nPidamos a Dios que nos ayude a ser fieles disc\u00edpulos-misioneros suyos, que trabajando con y a trav\u00e9s de los ni\u00f1os y adolescentes de la IAM podamos dar testimonio de la alegr\u00eda de SER amigos de Jes\u00fas y HACER amigos para \u00c9L!<\/span><\/em><\/p>\n<div class=\"text_exposed_show\" style=\"color: #666666;\">\n<p><em>Se\u00f1or, gracias por llamarnos a servir en la obra de la Infancia y Adolescencia Misionera, gracias por este regalo! Por favor, nunca dejes de hacernos vibrar el coraz\u00f3n!!!<\/em><\/p>\n<p><em>\u00a1DE LOS NI\u00d1OS Y ADOLESCENTES DEL MUNDO&#8230;<\/em><br \/>\n<em>&#8230;SIEMPRE AMIGOS!!<\/em><\/p>\n<p><strong>Algunas fotos del encuentro<\/strong><\/p>\n<p>Pueden encontrar mas de ellas en :<\/p>\n<p><a title=\"iam\" href=\"https:\/\/www.facebook.com\/iamdiocesana.zaratecampana\/media_set?set=a.820441641324225&amp;type=1&amp;pnref=story\" target=\"_blank\">https:\/\/www.facebook.com\/iamdiocesana.zaratecampana\/media_set?set=a.820441641324225&amp;type=1&amp;pnref=story<\/a><\/p>\n<p><a href=\"http:\/\/obispadodezaratecampana.org\/wp-content\/uploads\/2015\/03\/tered.jpg\"><img fetchpriority=\"high\" decoding=\"async\" class=\"size-medium wp-image-8503 aligncenter\" src=\"http:\/\/obispadodezaratecampana.org\/wp-content\/uploads\/2015\/03\/tered-300x180.jpg\" alt=\"tered\" width=\"300\" height=\"180\" srcset=\"https:\/\/obispadodezaratecampana.org\/wp-content\/uploads\/2015\/03\/tered-300x180.jpg 300w, https:\/\/obispadodezaratecampana.org\/wp-content\/uploads\/2015\/03\/tered.jpg 960w\" sizes=\"(max-width: 300px) 100vw, 300px\" \/><\/a><\/p>\n<p><img decoding=\"async\" class=\"size-medium wp-image-8504 aligncenter\" src=\"http:\/\/obispadodezaratecampana.org\/wp-content\/uploads\/2015\/03\/terec-300x180.jpg\" alt=\"terec\" width=\"300\" height=\"180\" srcset=\"https:\/\/obispadodezaratecampana.org\/wp-content\/uploads\/2015\/03\/terec-300x180.jpg 300w, https:\/\/obispadodezaratecampana.org\/wp-content\/uploads\/2015\/03\/terec.jpg 960w\" sizes=\"(max-width: 300px) 100vw, 300px\" \/><\/p>\n<p><img decoding=\"async\" class=\"size-medium wp-image-8505 aligncenter\" src=\"http:\/\/obispadodezaratecampana.org\/wp-content\/uploads\/2015\/03\/tereb-300x180.jpg\" alt=\"tereb\" width=\"300\" height=\"180\" srcset=\"https:\/\/obispadodezaratecampana.org\/wp-content\/uploads\/2015\/03\/tereb-300x180.jpg 300w, https:\/\/obispadodezaratecampana.org\/wp-content\/uploads\/2015\/03\/tereb.jpg 960w\" sizes=\"(max-width: 300px) 100vw, 300px\" \/><\/p>\n<p><img loading=\"lazy\" decoding=\"async\" class=\"size-medium wp-image-8506 aligncenter\" src=\"http:\/\/obispadodezaratecampana.org\/wp-content\/uploads\/2015\/03\/tere1-300x180.jpg\" alt=\"tere\" width=\"300\" height=\"180\" srcset=\"https:\/\/obispadodezaratecampana.org\/wp-content\/uploads\/2015\/03\/tere1-300x180.jpg 300w, https:\/\/obispadodezaratecampana.org\/wp-content\/uploads\/2015\/03\/tere1.jpg 960w\" sizes=\"(max-width: 300px) 100vw, 300px\" \/><\/p>\n<\/div>\n<!-- AddThis Advanced Settings generic via filter on the_content --><!-- AddThis Share Buttons generic via filter on the_content -->","protected":false},"excerpt":{"rendered":"<p>Rese\u00f1a publicada en el perfil de facebook de la IAM de nuestra di\u00f3cesis acerca de lo acontecido en el Primer Campamento para Animadores durante el [&hellip;]<!-- AddThis Advanced Settings generic via filter on get_the_excerpt --><!-- AddThis Share Buttons generic via filter on get_the_excerpt --><\/p>\n","protected":false},"author":2,"featured_media":8502,"comment_status":"open","ping_status":"open","sticky":false,"template":"","format":"standard","meta":{"footnotes":""},"categories":[1],"tags":[],"class_list":["post-8501","post","type-post","status-publish","format-standard","has-post-thumbnail","hentry","category-noticiasdiocesanas"],"_links":{"self":[{"href":"https:\/\/obispadodezaratecampana.org\/index.php?rest_route=\/wp\/v2\/posts\/8501","targetHints":{"allow":["GET"]}}],"collection":[{"href":"https:\/\/obispadodezaratecampana.org\/index.php?rest_route=\/wp\/v2\/posts"}],"about":[{"href":"https:\/\/obispadodezaratecampana.org\/index.php?rest_route=\/wp\/v2\/types\/post"}],"author":[{"embeddable":true,"href":"https:\/\/obispadodezaratecampana.org\/index.php?rest_route=\/wp\/v2\/users\/2"}],"replies":[{"embeddable":true,"href":"https:\/\/obispadodezaratecampana.org\/index.php?rest_route=%2Fwp%2Fv2%2Fcomments&post=8501"}],"version-history":[{"count":2,"href":"https:\/\/obispadodezaratecampana.org\/index.php?rest_route=\/wp\/v2\/posts\/8501\/revisions"}],"predecessor-version":[{"id":8508,"href":"https:\/\/obispadodezaratecampana.org\/index.php?rest_route=\/wp\/v2\/posts\/8501\/revisions\/8508"}],"wp:featuredmedia":[{"embeddable":true,"href":"https:\/\/obispadodezaratecampana.org\/index.php?rest_route=\/wp\/v2\/media\/8502"}],"wp:attachment":[{"href":"https:\/\/obispadodezaratecampana.org\/index.php?rest_route=%2Fwp%2Fv2%2Fmedia&parent=8501"}],"wp:term":[{"taxonomy":"category","embeddable":true,"href":"https:\/\/obispadodezaratecampana.org\/index.php?rest_route=%2Fwp%2Fv2%2Fcategories&post=8501"},{"taxonomy":"post_tag","embeddable":true,"href":"https:\/\/obispadodezaratecampana.org\/index.php?rest_route=%2Fwp%2Fv2%2Ftags&post=8501"}],"curies":[{"name":"wp","href":"https:\/\/api.w.org\/{rel}","templated":true}]}}