{"id":8491,"date":"2015-03-10T00:27:03","date_gmt":"2015-03-10T03:27:03","guid":{"rendered":"http:\/\/obispadodezaratecampana.org\/?p=8491"},"modified":"2015-03-11T22:37:10","modified_gmt":"2015-03-12T01:37:10","slug":"retiro-de-cuaresma-15-de-marzo","status":"publish","type":"post","link":"https:\/\/obispadodezaratecampana.org\/?p=8491","title":{"rendered":"RETIRO DE CUARESMA &#8211; Domingo 15 de marzo"},"content":{"rendered":"<p><img fetchpriority=\"high\" decoding=\"async\" class=\"wp-image-8492 aligncenter\" src=\"http:\/\/obispadodezaratecampana.org\/wp-content\/uploads\/2015\/03\/cuaresma-300x211.jpg\" alt=\"cuaresma\" width=\"457\" height=\"354\" \/><\/p>\n<p>Les compartimos estas palabras al respecto del Retiro de Silencio, de uno de los estados del perfil de facebook de la Pastoral Juvenil y Vocacional de nuestra di\u00f3cesis:<\/p>\n<p><em>Queridos j\u00f3venes: si est\u00e1s necesitando un tiempo para orar y retirarte durante esta Cuaresma, no te pierdas este RETIRO PARA J\u00d3VENES!!<\/em><\/p>\n<p><em>PREDICA: Pbro Hugo Lovatto.<\/em><\/p>\n<p><em>ATENCI\u00d3N: el horario del Retiro incluye la celebraci\u00f3n de la Santa Misa.<\/em><br \/>\n<em>Aquellos que necesiten dieta especial avisar al inicio del retiro.<\/em><\/p>\n<p><em>TE ESPERAMOS!<\/em><\/p>\n<p>Enlace del facebook de la Pastoral:<\/p>\n<p><a title=\"juventud\" href=\"https:\/\/www.facebook.com\/pastoraljuvenil.zaratecampana?fref=tl_fr_box&amp;pnref=lhc.friends\" target=\"_blank\"><em>https:\/\/www.facebook<\/em>.com\/pastoraljuvenil.zaratecampana?fref=tl_fr_box&amp;pnref=lhc.friends<\/a><\/p>\n<p>&nbsp;<\/p>\n<p>&nbsp;<\/p>\n<p>&nbsp;<\/p>\n<!-- AddThis Advanced Settings generic via filter on the_content --><!-- AddThis Share Buttons generic via filter on the_content -->","protected":false},"excerpt":{"rendered":"<p>Les compartimos estas palabras al respecto del Retiro de Silencio, de uno de los estados del perfil de facebook de la Pastoral Juvenil y Vocacional [&hellip;]<!-- AddThis Advanced Settings generic via filter on get_the_excerpt --><!-- AddThis Share Buttons generic via filter on get_the_excerpt --><\/p>\n","protected":false},"author":2,"featured_media":8492,"comment_status":"open","ping_status":"open","sticky":false,"template":"","format":"standard","meta":{"footnotes":""},"categories":[1],"tags":[],"class_list":["post-8491","post","type-post","status-publish","format-standard","has-post-thumbnail","hentry","category-noticiasdiocesanas"],"_links":{"self":[{"href":"https:\/\/obispadodezaratecampana.org\/index.php?rest_route=\/wp\/v2\/posts\/8491","targetHints":{"allow":["GET"]}}],"collection":[{"href":"https:\/\/obispadodezaratecampana.org\/index.php?rest_route=\/wp\/v2\/posts"}],"about":[{"href":"https:\/\/obispadodezaratecampana.org\/index.php?rest_route=\/wp\/v2\/types\/post"}],"author":[{"embeddable":true,"href":"https:\/\/obispadodezaratecampana.org\/index.php?rest_route=\/wp\/v2\/users\/2"}],"replies":[{"embeddable":true,"href":"https:\/\/obispadodezaratecampana.org\/index.php?rest_route=%2Fwp%2Fv2%2Fcomments&post=8491"}],"version-history":[{"count":4,"href":"https:\/\/obispadodezaratecampana.org\/index.php?rest_route=\/wp\/v2\/posts\/8491\/revisions"}],"predecessor-version":[{"id":8496,"href":"https:\/\/obispadodezaratecampana.org\/index.php?rest_route=\/wp\/v2\/posts\/8491\/revisions\/8496"}],"wp:featuredmedia":[{"embeddable":true,"href":"https:\/\/obispadodezaratecampana.org\/index.php?rest_route=\/wp\/v2\/media\/8492"}],"wp:attachment":[{"href":"https:\/\/obispadodezaratecampana.org\/index.php?rest_route=%2Fwp%2Fv2%2Fmedia&parent=8491"}],"wp:term":[{"taxonomy":"category","embeddable":true,"href":"https:\/\/obispadodezaratecampana.org\/index.php?rest_route=%2Fwp%2Fv2%2Fcategories&post=8491"},{"taxonomy":"post_tag","embeddable":true,"href":"https:\/\/obispadodezaratecampana.org\/index.php?rest_route=%2Fwp%2Fv2%2Ftags&post=8491"}],"curies":[{"name":"wp","href":"https:\/\/api.w.org\/{rel}","templated":true}]}}