{"id":8488,"date":"2015-03-10T00:04:41","date_gmt":"2015-03-10T03:04:41","guid":{"rendered":"http:\/\/obispadodezaratecampana.org\/?p=8488"},"modified":"2015-03-10T00:04:41","modified_gmt":"2015-03-10T03:04:41","slug":"24-horas-para-el-senor-13-y-14-de-marzo","status":"publish","type":"post","link":"https:\/\/obispadodezaratecampana.org\/?p=8488","title":{"rendered":"24 horas para el Se\u00f1or &#8211; 13 y 14 de marzo"},"content":{"rendered":"<p><strong>24 HORAS PARA EL SE\u00d1OR &#8211; 13 Y 14 DE MARZO<\/strong><\/p>\n<p>Queridos amigos,<\/p>\n<p>despu\u00e9s la gran acogida en el 2014, el Pontificio Consejo para la Promoci\u00f3n de la Nueva Evangelizaci\u00f3n quiere celebrar la iniciativa &#8220;24 horas para el Se\u00f1or&#8221; tambi\u00e9n este a\u00f1o, los pr\u00f3ximos d\u00edas 13 y 14 de marzo.<\/p>\n<p>En su mensaje de Cuaresma, el Papa Francisco escribe: &#8220;No olvidemos la fuerza de la oraci\u00f3n de tantas personas. La iniciativa &#8217;24 horas para el Se\u00f1or&#8217;, que deseo que se celebre en toda la Iglesia \u2014 tambi\u00e9n a nivel diocesano \u2014 en los d\u00edas 13 y 14 de marzo, es expresi\u00f3n de esta necesidad de la oraci\u00f3n&#8221;.<\/p>\n<p>El tema que orientar\u00e1 la reflexi\u00f3n de este a\u00f1o es: &#8220;Dios rico en misericordia&#8221; (Ef 2,4).<\/p>\n<p>El Papa Francisco presidir\u00e1 este viernes una liturgia penitencial en la Bas\u00edlica de San Pedro, para subrayar que el sacramento de la Reconciliaci\u00f3n est\u00e1 en el centro del camino de la Nueva Evangelizaci\u00f3n en toda la Iglesia.<\/p>\n<p>Cada di\u00f3cesis que se suma a la iniciativa ha organizado sus propias actividades (para participar, pueden consultar el sitio internet de su di\u00f3cesis).<\/p>\n<p>Por si algunos de ustedes de encuentran de visita en Roma, les informamos que desde las 8:00 p.m. en adelante, algunas iglesias del centro estar\u00e1n abiertas para la Adoraci\u00f3n eucar\u00edstica y las Confesiones.<\/p>\n<p>En estas iglesias, numerosos sacerdotes garantizar\u00e1n la acogida tanto de quienes vengan directamente, como de las personas que acepten la invitaci\u00f3n de los j\u00f3venes de algunos movimientos, que ir\u00e1n por las calles motivando a todos, especialmente a otros j\u00f3venes.<\/p>\n<p>Las iglesias que estar\u00e1n abiertas durante la noche son: Sant&#8217;Agnese in Agone (Plaza Navona); Santa Maria in Trastevere; Chiesa delle Sacre Stimmate di San Francesco (Largo di Torre Argentina).<\/p>\n<p>El s\u00e1bado, la di\u00f3cesis de Roma ha organizado, desde las 10.00 a.m. hasta las 4:00 p.m., confesiones y Adoraci\u00f3n eucar\u00edstica en la iglesia de Sant&#8217;Agnese in Agone (Plaza Navona).<\/p>\n<p>A las 5:00 p.m. tendr\u00e1 lugar la Celebraci\u00f3n conclusiva de acci\u00f3n de gracias con el rezo de las primeras V\u00edsperas del IV domingo de Cuaresma en la iglesia de Santo Spirito in Sassia. Dirigir\u00e1 la celebraci\u00f3n Mons. Rino Fisichella, Presidente del Pontificio Consejo para la Promoci\u00f3n de la Nueva Evangelizaci\u00f3n.<\/p>\n<p><img fetchpriority=\"high\" decoding=\"async\" class=\" wp-image-8489 aligncenter\" src=\"http:\/\/obispadodezaratecampana.org\/wp-content\/uploads\/2015\/03\/orar-300x166.jpg\" alt=\"orar\" width=\"433\" height=\"222\" \/><\/p>\n<!-- AddThis Advanced Settings generic via filter on the_content --><!-- AddThis Share Buttons generic via filter on the_content -->","protected":false},"excerpt":{"rendered":"<p>24 HORAS PARA EL SE\u00d1OR &#8211; 13 Y 14 DE MARZO Queridos amigos, despu\u00e9s la gran acogida en el 2014, el Pontificio Consejo para la [&hellip;]<!-- AddThis Advanced Settings generic via filter on get_the_excerpt --><!-- AddThis Share Buttons generic via filter on get_the_excerpt --><\/p>\n","protected":false},"author":2,"featured_media":8489,"comment_status":"open","ping_status":"open","sticky":false,"template":"","format":"standard","meta":{"footnotes":""},"categories":[161],"tags":[],"class_list":["post-8488","post","type-post","status-publish","format-standard","has-post-thumbnail","hentry","category-el-papa-leonxiv"],"_links":{"self":[{"href":"https:\/\/obispadodezaratecampana.org\/index.php?rest_route=\/wp\/v2\/posts\/8488","targetHints":{"allow":["GET"]}}],"collection":[{"href":"https:\/\/obispadodezaratecampana.org\/index.php?rest_route=\/wp\/v2\/posts"}],"about":[{"href":"https:\/\/obispadodezaratecampana.org\/index.php?rest_route=\/wp\/v2\/types\/post"}],"author":[{"embeddable":true,"href":"https:\/\/obispadodezaratecampana.org\/index.php?rest_route=\/wp\/v2\/users\/2"}],"replies":[{"embeddable":true,"href":"https:\/\/obispadodezaratecampana.org\/index.php?rest_route=%2Fwp%2Fv2%2Fcomments&post=8488"}],"version-history":[{"count":1,"href":"https:\/\/obispadodezaratecampana.org\/index.php?rest_route=\/wp\/v2\/posts\/8488\/revisions"}],"predecessor-version":[{"id":8490,"href":"https:\/\/obispadodezaratecampana.org\/index.php?rest_route=\/wp\/v2\/posts\/8488\/revisions\/8490"}],"wp:featuredmedia":[{"embeddable":true,"href":"https:\/\/obispadodezaratecampana.org\/index.php?rest_route=\/wp\/v2\/media\/8489"}],"wp:attachment":[{"href":"https:\/\/obispadodezaratecampana.org\/index.php?rest_route=%2Fwp%2Fv2%2Fmedia&parent=8488"}],"wp:term":[{"taxonomy":"category","embeddable":true,"href":"https:\/\/obispadodezaratecampana.org\/index.php?rest_route=%2Fwp%2Fv2%2Fcategories&post=8488"},{"taxonomy":"post_tag","embeddable":true,"href":"https:\/\/obispadodezaratecampana.org\/index.php?rest_route=%2Fwp%2Fv2%2Ftags&post=8488"}],"curies":[{"name":"wp","href":"https:\/\/api.w.org\/{rel}","templated":true}]}}