{"id":8485,"date":"2015-03-09T23:47:05","date_gmt":"2015-03-10T02:47:05","guid":{"rendered":"http:\/\/obispadodezaratecampana.org\/?p=8485"},"modified":"2015-03-09T23:47:05","modified_gmt":"2015-03-10T02:47:05","slug":"un-mundo-donde-las-mujeres-son-marginadas-es-un-mundo-esteril","status":"publish","type":"post","link":"https:\/\/obispadodezaratecampana.org\/?p=8485","title":{"rendered":"Un mundo donde las mujeres son marginadas es un mundo est\u00e9ril"},"content":{"rendered":"<p>\u201cUn mundo donde las mujeres son marginadas es un mundo est\u00e9ril\u201d, dijo con fuerza el Papa Francisco esta ma\u00f1ana en el Vaticano.<\/p>\n<p>Con motivo del D\u00eda Internacional de la Mujer, que se celebra cada 8 de marzo, el Pont\u00edfice envi\u00f3 un cari\u00f1oso saludo a todas las mujeres despu\u00e9s de rezar el \u00c1ngelus.<\/p>\n<p>\u201c\u00a1Hoy, 8 de marzo, \u00a1un saludo a todas las mujeres!\u201d, exclam\u00f3 desde la ventana del Apartamento Papal que mira a la Plaza de San Pedro.<\/p>\n<p>\u201cA todas las mujeres que cada d\u00eda buscan construir una sociedad m\u00e1s humana y acogedora. Y un agradecimiento fraternal tambi\u00e9n a aquellas que de mil maneras testimonian el Evangelio y trabajan en la Iglesia\u201d.<\/p>\n<p>El Santo Padre asegur\u00f3 a continuaci\u00f3n que \u201cesta es para nosotros una ocasi\u00f3n para confirmar la importancia y la necesidad de su presencia en la vida\u201d.<\/p>\n<p>\u201cUn mundo donde las mujeres son marginadas es un mundo est\u00e9ril porque las mujeres no solo llevan la vida sino que nos transmiten la capacidad de ver m\u00e1s all\u00e1, nos transmiten la capacidad de entender el mundo con ojos distintos, de escuchar las cosas con un coraz\u00f3n m\u00e1s creativo, m\u00e1s paciente, m\u00e1s tierno\u201d, dijo.<\/p>\n<p>El Papa concluy\u00f3 sus palabras ofreciendo \u201cuna oraci\u00f3n y una bendici\u00f3n particular para todas las mujeres aqu\u00ed presentes en la plaza y para todas las mujeres\u201d.<\/p>\n<p>Fuente: www.aciprensa.com<\/p>\n<!-- AddThis Advanced Settings generic via filter on the_content --><!-- AddThis Share Buttons generic via filter on the_content -->","protected":false},"excerpt":{"rendered":"<p>\u201cUn mundo donde las mujeres son marginadas es un mundo est\u00e9ril\u201d, dijo con fuerza el Papa Francisco esta ma\u00f1ana en el Vaticano. Con motivo del [&hellip;]<!-- AddThis Advanced Settings generic via filter on get_the_excerpt --><!-- AddThis Share Buttons generic via filter on get_the_excerpt --><\/p>\n","protected":false},"author":2,"featured_media":8486,"comment_status":"open","ping_status":"open","sticky":false,"template":"","format":"standard","meta":{"footnotes":""},"categories":[161],"tags":[],"class_list":["post-8485","post","type-post","status-publish","format-standard","has-post-thumbnail","hentry","category-el-papa-leonxiv"],"_links":{"self":[{"href":"https:\/\/obispadodezaratecampana.org\/index.php?rest_route=\/wp\/v2\/posts\/8485","targetHints":{"allow":["GET"]}}],"collection":[{"href":"https:\/\/obispadodezaratecampana.org\/index.php?rest_route=\/wp\/v2\/posts"}],"about":[{"href":"https:\/\/obispadodezaratecampana.org\/index.php?rest_route=\/wp\/v2\/types\/post"}],"author":[{"embeddable":true,"href":"https:\/\/obispadodezaratecampana.org\/index.php?rest_route=\/wp\/v2\/users\/2"}],"replies":[{"embeddable":true,"href":"https:\/\/obispadodezaratecampana.org\/index.php?rest_route=%2Fwp%2Fv2%2Fcomments&post=8485"}],"version-history":[{"count":1,"href":"https:\/\/obispadodezaratecampana.org\/index.php?rest_route=\/wp\/v2\/posts\/8485\/revisions"}],"predecessor-version":[{"id":8487,"href":"https:\/\/obispadodezaratecampana.org\/index.php?rest_route=\/wp\/v2\/posts\/8485\/revisions\/8487"}],"wp:featuredmedia":[{"embeddable":true,"href":"https:\/\/obispadodezaratecampana.org\/index.php?rest_route=\/wp\/v2\/media\/8486"}],"wp:attachment":[{"href":"https:\/\/obispadodezaratecampana.org\/index.php?rest_route=%2Fwp%2Fv2%2Fmedia&parent=8485"}],"wp:term":[{"taxonomy":"category","embeddable":true,"href":"https:\/\/obispadodezaratecampana.org\/index.php?rest_route=%2Fwp%2Fv2%2Fcategories&post=8485"},{"taxonomy":"post_tag","embeddable":true,"href":"https:\/\/obispadodezaratecampana.org\/index.php?rest_route=%2Fwp%2Fv2%2Ftags&post=8485"}],"curies":[{"name":"wp","href":"https:\/\/api.w.org\/{rel}","templated":true}]}}