{"id":8411,"date":"2015-02-18T15:49:30","date_gmt":"2015-02-18T18:49:30","guid":{"rendered":"http:\/\/obispadodezaratecampana.org\/?p=8411"},"modified":"2015-02-18T15:49:30","modified_gmt":"2015-02-18T18:49:30","slug":"francisco-miercoles-de-ceniza-2015","status":"publish","type":"post","link":"https:\/\/obispadodezaratecampana.org\/?p=8411","title":{"rendered":"Francisco: Mi\u00e9rcoles de Ceniza 2015"},"content":{"rendered":"<p><span style=\"line-height: 1.6;\"> En su <\/span><strong style=\"line-height: 1.6;\">catequesis<\/strong><span style=\"line-height: 1.6;\"> de la <\/span><strong style=\"line-height: 1.6;\">audiencia general<\/strong><span style=\"line-height: 1.6;\">, celebrada el mi\u00e9rcoles de ceniza en la Plaza de San Pedro, el <\/span><strong style=\"line-height: 1.6;\">Papa Francisco<\/strong><span style=\"line-height: 1.6;\"> continu\u00f3 sus reflexiones sobre la familia, refiri\u00e9ndose en esta ocasi\u00f3n a los<\/span><strong style=\"line-height: 1.6;\"> hermanos<\/strong><span style=\"line-height: 1.6;\">.<\/span><\/p>\n<p><strong style=\"line-height: 1.6;\">Fraternidad valor esencial<\/strong><\/p>\n<p><span style=\"line-height: 1.6;\">Tras recordar que la fraternidad era un <\/span><strong style=\"line-height: 1.6;\">valor esencial<\/strong><span style=\"line-height: 1.6;\"> en el pueblo de Israel, el Papa Bergoglio afirm\u00f3 que su ruptura, sin embargo, abre un abismo profundo en el hombre. De ah\u00ed que la pregunta de Dios a Ca\u00edn: \u201c\u00bf<\/span><strong style=\"line-height: 1.6;\">D\u00f3nde est\u00e1 tu hermano<\/strong><span style=\"line-height: 1.6;\">?\u201d \u2013 dijo \u00a0\u2013 no cesa de resonar a lo largo de la historia.<\/span><\/p>\n<p><span style=\"line-height: 1.6;\">Tambi\u00e9n destac\u00f3 que en la familia aprendemos a <\/span><strong style=\"line-height: 1.6;\">abrirnos a los dem\u00e1s<\/strong><span style=\"line-height: 1.6;\">, a crecer en libertad y en paz, siendo esa primera convivencia fraterna la que se propone como un ideal para cualquier relaci\u00f3n dentro de la sociedad y entre los distintos pueblos.<\/span><\/p>\n<p><span style=\"line-height: 1.6;\">Y a\u00f1adi\u00f3 que con <\/span><strong style=\"line-height: 1.6;\">Jes\u00fas<\/strong><span style=\"line-height: 1.6;\">, este v\u00ednculo de hermandad se dilata hasta superar cualquier diferencia de naci\u00f3n, lengua, cultura o religi\u00f3n.<\/span><\/p>\n<p><span style=\"line-height: 1.6;\">Por eso decir \u201ces como un hermano para m\u00ed\u201d \u2013 afirm\u00f3 el Santo Padre \u2013 \u00a0es el mayor elogio que se puede hacer, puesto que sin este valor, la <\/span><strong style=\"line-height: 1.6;\">libertad<\/strong><span style=\"line-height: 1.6;\"> y la <\/span><strong style=\"line-height: 1.6;\">igualdad<\/strong><span style=\"line-height: 1.6;\"> alcanzadas por muchos pueblos se convierten en <\/span><strong style=\"line-height: 1.6;\">individualismo<\/strong><span style=\"line-height: 1.6;\"> y <\/span><strong style=\"line-height: 1.6;\">conformismo<\/strong><span style=\"line-height: 1.6;\">.<\/span><\/p>\n<p><span style=\"line-height: 1.6;\">Adem\u00e1s el Papa record\u00f3 que esta <\/span><strong style=\"line-height: 1.6;\">virtud<\/strong><span style=\"line-height: 1.6;\"> brilla cuando en la familia hay un hermano m\u00e1s d\u00e9bil del que cuidan los dem\u00e1s miembros. \u00a0Y pidi\u00f3 que tambi\u00e9n los cristianos veamos de este modo a los <\/span><strong style=\"line-height: 1.6;\">pobres <\/strong><span style=\"line-height: 1.6;\">y a los <\/span><strong style=\"line-height: 1.6;\">peque\u00f1os<\/strong><span style=\"line-height: 1.6;\">, dejando que el hermano toque nuestro <\/span><strong style=\"line-height: 1.6;\">coraz\u00f3n<\/strong><span style=\"line-height: 1.6;\">, tal como nos los ense\u00f1\u00f3 el Se\u00f1or.<\/span><\/p>\n<p><strong>Texto completo<\/strong> de la <strong>catequesis <\/strong>del <strong>Papa<\/strong><\/p>\n<p><span style=\"line-height: 1.6;\">La <strong>familia<\/strong>: los <strong>hermanos<\/strong><\/span><\/p>\n<p><span style=\"line-height: 1.6;\">Queridos hermanos y hermanas, \u00a1buenos d\u00edas!<\/span><\/p>\n<p><span style=\"line-height: 1.6;\">En nuestro camino de catequesis sobre la familia, despu\u00e9s de haber considerado el papel de la madre, del padre, de los hijos, hoy es el turno de los hermanos. \u201c<strong>Hermano<\/strong>\u201d, \u201c<strong>hermana<\/strong>\u201d son palabras que el cristianismo ama mucho. Y gracias a la experiencia familiar, son palabras que todas las culturas y todas las \u00e9pocas comprenden.<\/span><\/p>\n<p><span style=\"line-height: 1.6;\">El v\u00ednculo fraterno ocupa un lugar especial en la historia del pueblo de Dios, que recibe su revelaci\u00f3n en lo vivo de la experiencia humana. El salmista canta la belleza del <strong>v\u00ednculo fraterno<\/strong>, y dice as\u00ed: \u201c\u00a1Qu\u00e9 bueno y agradable es que los hermanos vivan unidos! (Sal 132,1). \u00a0Y esto es verdad, la<strong> hermandad<\/strong> es bella. Jesucristo ha llevado a su plenitud tambi\u00e9n esta experiencia humana del ser hermanos y hermanas, asumi\u00e9ndola en el amor trinitario y potenci\u00e1ndola para que vaya m\u00e1s all\u00e1 de los v\u00ednculos de parentela y pueda superar todo muro de ajenidad.<\/span><\/p>\n<p><span style=\"line-height: 1.6;\">Sabemos que cuando la relaci\u00f3n fraterna se arruina, cuando se arruina esta <strong>relaci\u00f3n<\/strong> entre<strong> hermanos<\/strong>, abre el camino a experiencias dolorosas de conflicto, de traici\u00f3n, de odio. El relato b\u00edblico de <strong>Ca\u00edn<\/strong> y <strong>Abel<\/strong> constituye el ejemplo de este resultado negativo. Despu\u00e9s del asesinato de Abel, Dios pregunta a Ca\u00edn: \u201c\u00bfD\u00f3nde est\u00e1 tu hermano Abel?\u201d (Gen 4,9 a). Es una pregunta que el Se\u00f1or contin\u00faa repitiendo a cada generaci\u00f3n. Y lamentablemente, en cada generaci\u00f3n, no cesa de repetirse tambi\u00e9n la dram\u00e1tica respuesta de Ca\u00edn: \u201cNo lo s\u00e9. \u00bfAcaso soy yo el guardi\u00e1n de mi hermano?\u201d (Gen 4,9 b). Pero cuando se rompe la uni\u00f3n entre los hermanos, se transforma en una cosa fea, tambi\u00e9n mala para la humanidad. Y tambi\u00e9n en familia, \u00a1cu\u00e1ntos hermanos han peleado por peque\u00f1as cosas o por una herencia y luego no se hablan m\u00e1s, no se saludan m\u00e1s! Pero esto es feo. La<strong> fraternidad<\/strong> es algo <strong>grande<\/strong>. Pensar que ambos, todos los hermanos han habitado en el vientre de la misma mam\u00e1 durante nueve meses, \u00a1vienen de la carne de la mam\u00e1! Y no se puede romper la fraternidad. Pensemos un poco, todos conocemos familias que tienen hermanos divididos, que han peleado, pensemos un poco y pidamos al Se\u00f1or por estas familias \u2013 quiz\u00e1s en nuestra familia hay algunos casos \u2013 para que el Se\u00f1or nos ayude a reunir a los hermanos, a reconstituir la familia. La hermandad no se debe romper y cuando se rompe sucede lo que acaeci\u00f3 a Ca\u00edn y Abel, cuando el Se\u00f1or pregunta a Ca\u00edn a d\u00f3nde estaba su hermano: \u201cNo lo s\u00e9, no me importa de mi hermano\u201d. \u00a1Esto es feo, es una cosa muy, muy dolorosa de escuchar! En nuestras oraciones recemos siempre por los hermanos que se han dividido.<\/span><\/p>\n<p><span style=\"line-height: 1.6;\">El v\u00ednculo de<strong> fraternidad <\/strong>que se forma en<strong> familia<\/strong> entre los<strong> hijos<\/strong>, si sucede en un clima <strong>apertura<\/strong> hacia los dem\u00e1s, es la gran <strong>escuela<\/strong> de<strong> libertad<\/strong> y de <strong>paz<\/strong>. \u00a0En familia, entre los hermanos se aprende la <strong>convivencia humana<\/strong>, c\u00f3mo se debe convivir en sociedad. Quiz\u00e1s no siempre somos conscientes, \u00a1pero es precisamente la familia que introduce la fraternidad en el mundo! A partir de esta primera experiencia de fraternidad, nutrida por los afectos y por la educaci\u00f3n familiar, el estilo de la fraternidad se irradia como una promesa sobre la sociedad entera y sobre las relaciones entre los pueblos.<\/span><\/p>\n<p><span style=\"line-height: 1.6;\">La bendici\u00f3n que Dios, en Jesucristo, derrama sobre este v\u00ednculo de fraternidad, lo dilata en un modo inimaginable, haci\u00e9ndolo capaz de superar toda diferencia de naci\u00f3n, de lengua, de cultura e incluso de religi\u00f3n.<\/span><\/p>\n<p><span style=\"line-height: 1.6;\">Piensen en lo que se convierte el <strong>v\u00ednculo<\/strong> entre los <strong>hombres<\/strong>, a\u00fan muy <strong>diferentes<\/strong> entre s\u00ed, cuando pueden decir de otro: \u201c\u00a1\u00c9l es como un hermano, ella es como una hermana para m\u00ed!\u201d Esto es bello, \u00a1es bello! La historia ha demostrado suficientemente, adem\u00e1s, que incluso la libertad y la igualdad, sin la fraternidad, pueden llenarse de individualismo y de conformismo, tambi\u00e9n de inter\u00e9s.<\/span><\/p>\n<p><span style=\"line-height: 1.6;\">La fraternidad en la familia brilla de modo especial cuando vemos la <strong>atenci\u00f3n<\/strong>, la <strong>paciencia<\/strong>, el <strong>afecto<\/strong> del cual est\u00e1n rodeados el hermanito o la hermanita m\u00e1s d\u00e9bil, <strong>enfermos<\/strong> o <strong>discapacitados<\/strong>. Los hermanos y hermanas que hacen esto son much\u00edsimos, en todo el mundo, y tal vez no apreciamos lo suficiente su generosidad. Y cuando los hermanos son muchos en familia \u2013 hoy salud\u00e9 una familia, all\u00ed, que tiene nueve hijos: el mayor, o la mayor, ayuda al pap\u00e1, a la mam\u00e1, a cuidar a los m\u00e1s peque\u00f1os. Y esto es bello, este trabajo de ayuda entre los hermanos.<\/span><\/p>\n<p><span style=\"line-height: 1.6;\">Tener un hermano, una hermana que te quiere es una <strong>experiencia fuerte<\/strong>, <strong>impagable<\/strong>, <strong>insustituible<\/strong>. Lo mismo sucede con la fraternidad cristiana. Los m\u00e1s peque\u00f1os, los m\u00e1s d\u00e9biles, los m\u00e1s pobres deben enternecernos: tienen \u201cderecho\u201d a tomarnos el alma y el coraz\u00f3n. S\u00ed, ellos son nuestros hermanos y como tales debemos amarlos y tratarlos. Cuando sucede esto, cuando los pobres son como de casa, nuestra propia fraternidad cristiana vuelve a tomar vida. Los cristianos, de hecho, van al encuentro de los<strong> pobres<\/strong> y de los <strong>d\u00e9biles<\/strong> no para obedecer a un programa ideol\u00f3gico, sino porque la palabra y el ejemplo del Se\u00f1or nos dice todos somos hermanos. \u00c9ste es el principio del amor de Dios y de toda justicia entre los hombres. Les sugiero una cosa: antes de finalizar, me faltan pocas l\u00edneas, en silencio cada uno de nosotros, pensemos en nuestros hermanos, en nuestras hermanas, pensemos en silencio y en silencio desde el coraz\u00f3n recemos por ellos. Un instante de silencio.<\/span><\/p>\n<p><span style=\"line-height: 1.6;\">He aqu\u00ed, con esta oraci\u00f3n hemos tra\u00eddo a todos los hermanos y hermanas, con el pensamiento, con el coraz\u00f3n, aqu\u00ed a la plaza para recibir la bendici\u00f3n. Gracias.<\/span><\/p>\n<p><span style=\"line-height: 1.6;\">Hoy m\u00e1s que nunca es necesario volver a llevar la fraternidad al centro de nuestra <strong>sociedad<\/strong> <strong>tecnocr\u00e1tica<\/strong> y <strong>burocr\u00e1tica<\/strong>: entonces la libertad y la igualdad tambi\u00e9n tomar\u00e1n su entonaci\u00f3n justa. Por eso, no privemos con ligereza a nuestras familias, por temor o por miedo, de la belleza de una amplia experiencia fraterna de hijos e hijas. Y no perdamos nuestra confianza en la amplitud de horizonte que la fe es capaz de sacar de esta experiencia, iluminada por la bendici\u00f3n de Dios. Gracias.<\/span><\/p>\n<p>Fuente: www.news.va<\/p>\n<!-- AddThis Advanced Settings generic via filter on the_content --><!-- AddThis Share Buttons generic via filter on the_content -->","protected":false},"excerpt":{"rendered":"<p>En su catequesis de la audiencia general, celebrada el mi\u00e9rcoles de ceniza en la Plaza de San Pedro, el Papa Francisco continu\u00f3 sus reflexiones sobre [&hellip;]<!-- AddThis Advanced Settings generic via filter on get_the_excerpt --><!-- AddThis Share Buttons generic via filter on get_the_excerpt --><\/p>\n","protected":false},"author":2,"featured_media":8412,"comment_status":"open","ping_status":"open","sticky":false,"template":"","format":"standard","meta":{"footnotes":""},"categories":[161],"tags":[],"class_list":["post-8411","post","type-post","status-publish","format-standard","has-post-thumbnail","hentry","category-el-papa-leonxiv"],"_links":{"self":[{"href":"https:\/\/obispadodezaratecampana.org\/index.php?rest_route=\/wp\/v2\/posts\/8411","targetHints":{"allow":["GET"]}}],"collection":[{"href":"https:\/\/obispadodezaratecampana.org\/index.php?rest_route=\/wp\/v2\/posts"}],"about":[{"href":"https:\/\/obispadodezaratecampana.org\/index.php?rest_route=\/wp\/v2\/types\/post"}],"author":[{"embeddable":true,"href":"https:\/\/obispadodezaratecampana.org\/index.php?rest_route=\/wp\/v2\/users\/2"}],"replies":[{"embeddable":true,"href":"https:\/\/obispadodezaratecampana.org\/index.php?rest_route=%2Fwp%2Fv2%2Fcomments&post=8411"}],"version-history":[{"count":1,"href":"https:\/\/obispadodezaratecampana.org\/index.php?rest_route=\/wp\/v2\/posts\/8411\/revisions"}],"predecessor-version":[{"id":8413,"href":"https:\/\/obispadodezaratecampana.org\/index.php?rest_route=\/wp\/v2\/posts\/8411\/revisions\/8413"}],"wp:featuredmedia":[{"embeddable":true,"href":"https:\/\/obispadodezaratecampana.org\/index.php?rest_route=\/wp\/v2\/media\/8412"}],"wp:attachment":[{"href":"https:\/\/obispadodezaratecampana.org\/index.php?rest_route=%2Fwp%2Fv2%2Fmedia&parent=8411"}],"wp:term":[{"taxonomy":"category","embeddable":true,"href":"https:\/\/obispadodezaratecampana.org\/index.php?rest_route=%2Fwp%2Fv2%2Fcategories&post=8411"},{"taxonomy":"post_tag","embeddable":true,"href":"https:\/\/obispadodezaratecampana.org\/index.php?rest_route=%2Fwp%2Fv2%2Ftags&post=8411"}],"curies":[{"name":"wp","href":"https:\/\/api.w.org\/{rel}","templated":true}]}}