{"id":8404,"date":"2015-02-18T14:52:17","date_gmt":"2015-02-18T17:52:17","guid":{"rendered":"http:\/\/obispadodezaratecampana.org\/?p=8404"},"modified":"2015-02-18T15:18:47","modified_gmt":"2015-02-18T18:18:47","slug":"miercoles-18-de-febrero-inicia-la-cuaresma","status":"publish","type":"post","link":"https:\/\/obispadodezaratecampana.org\/?p=8404","title":{"rendered":"Mi\u00e9rcoles 18 de febrero: Inicia la Cuaresma"},"content":{"rendered":"<p>Palabras de nuestro Obispo Monse\u00f1or Sarlinga al respecto del tiempo de cuaresma que se inicia con el mi\u00e9rcoles de Ceniza.<\/p>\n<p><em>La cuaresma como \u00c9XODO. A partir del MI\u00c9RCOLES de CENIZA.<\/em><\/p>\n<p><em>&#8220;El don de aprender a escuchar, recibir agradecer y dar, en el \u00c9xodo de la Cuaresma&#8221;.<\/em><\/p>\n<p><em>Queridos herm<span class=\"text_exposed_show\">anos y hermanas. Pido al Se\u00f1or para todos nosotros la gracia cuaresmal de recibir de Dios el don de un coraz\u00f3n agradecido, que reconozca, precisamente, \u201chaber recibido\u201d, y no \u201chaber conseguido todo yo solo\u201d. Para descubrir esto, o profundizarlo, pedimos tambi\u00e9n a Dios el don de saber \u201cescuchar\u201d, y tener la humildad de \u201crecibir\u201d y \u201cagradecer\u201d. El perfeccionarnos, desde la oraci\u00f3n y la acci\u00f3n de gracias, y la penitencia, mediante la sabidur\u00eda constituir\u00e1 para nosotros durante este tiempo lit\u00fargico cuaresmal todo un programa de vida, si lo es en tanto apertura al Don divino. Muchas veces no alcanzamos siquiera a ver el sentido del &#8220;don&#8221;, de &#8220;lo donado&#8221;, dado, regalado, por Dios a nosotros. Y no porque \u00c9l tenga obligaci\u00f3n, o porque lo hayamos merecido seg\u00fan un concepto de justicia reivindicativa, en absoluto. <\/span><\/em><\/p>\n<div class=\"text_exposed_show\">\n<p><em>La Iglesia cat\u00f3lica realiza un gesto austero y simb\u00f3lico: la imposici\u00f3n de las cenizas, y este rito es acompa\u00f1ado por dos f\u00f3rmulas llenas de significado: la primera f\u00f3rmula (la cual, es una pena, en la pr\u00e1ctica casi ya no se dice, al menos en nuestro pa\u00eds: \u00abAcu\u00e9rdate de que eres polvo y al polvo volver\u00e1s\u00bb (Cf. G\u00e9nesis 3, 19), y la segunda, maravillosa y llena de fuerza evocadora, \u201cConvi\u00e9rtete y cree en el Evangelio\u201d, proveniente de las palabras pronunciadas por Jes\u00fas al inicio de su ministerio: \u00abConvi\u00e9rtanse y crean en el Evangelio\u00bb (Marcos 1, 15).<\/em><\/p>\n<p><em>As\u00ed, con el tiempo que transcurre tan velozmente, emprendemos hoy ese camino de reflexi\u00f3n y oraci\u00f3n, con todos los cristianos del mundo para ponernos en camino hacia el Calvario, y desde \u00c9l hacia la Resurrecci\u00f3n.<\/em><\/p>\n<p><em>Es un camino en que pediremos a Dios mayores luces sobre nuestra vocaci\u00f3n y elecci\u00f3n, que es lo que \u00c9l quiere de nosotros en este mundo nuestro \u201cmaravilloso\u201d y a la vez \u201cdram\u00e1tico\u201d, como tantas veces hemos evocado (inspirados en el \u00abTestamento espiritual\u00bb del beato Pablo VI), mundo que busca perfecciones, a menudo vanas. La perfecci\u00f3n viene del don y de la virtud de la sabidur\u00eda, que nos hace buscar a Dios, y gozarnos de encontrarlo, con todos sus dones, con la donaci\u00f3n de su Vida en nosotros.<\/em><\/p>\n<p><em>El hecho de la Cuaresma como tiempo lit\u00fargico no \u201csuspende\u201d en nada, como es obvio, los efectos de Pentecost\u00e9s. Nuestra vida cristiana prosigue en un Pentecost\u00e9s renovado. <\/em><br \/>\n<em> Cuaresma, m\u00e1s a\u00fan, puede en nuestra vida un renovado Pentecost\u00e9s, en sentido de que dejemos que el Esp\u00edritu haga en nosotros un coraz\u00f3n nuevo.<\/em><\/p>\n<p><em>La Virgen Madre, que acompa\u00f1\u00f3 a Jesucristo en todos los momentos de su vida, nos ayude en el \u201c\u00c9xodo\u201d de la Cuaresma, a tener liberaci\u00f3n interior, y desde all\u00ed, a ponernos en obra para aquello a lo que el Se\u00f1or nos llame. Estemos abiertos a su Llamada, con fidelidad ( el &#8220;em\u00e9t&#8221; de la Biblia).<\/em><\/p>\n<p><em>Con afecto y bendici\u00f3n.<\/em><\/p>\n<p><em>+Oscar.<\/em><\/p>\n<p><strong>Aniversario de Monse\u00f1or Sarlinga<\/strong><\/p>\n<p>Hoy 18 de febrero del 2015, se cumple un nuevo aniversario de la toma de posesi\u00f3n de la sede episcopal de la di\u00f3cesis de Z\u00e1rate- Campana de nuestro Obispo Oscar<span class=\"text_exposed_show\">.\u00a0 Los invitamos a rezar muy especialmente por el y su ministerio:<\/span><\/p>\n<div class=\"text_exposed_show\">\n<p>&#8220;Gloria al Padre, al Hijo y al Esp\u00edritu Santo, como era en un principio, ahora y siempre, por los siglos de los siglos. Amen.&#8221;<\/p>\n<p>El 3 de febrero de 2006 el Papa Benedicto XVI lo nombra obispo diocesano de Z\u00e1rate-Campana (jurisdicci\u00f3n con m\u00e1s de 950.000 habitantes, la cual, adem\u00e1s de los partidos hom\u00f3nimos, abarca tambi\u00e9n los partidos de Pilar, Escobar, Exaltaci\u00f3n de la Cruz, San Antonio de Areco y Baradero). Tom\u00f3 posesi\u00f3n de su nueva sede en la tarde del s\u00e1bado de 18 de febrero de 2006.<\/p>\n<p><img fetchpriority=\"high\" decoding=\"async\" class=\"size-medium wp-image-8409 aligncenter\" src=\"http:\/\/obispadodezaratecampana.org\/wp-content\/uploads\/2015\/02\/jesus-279x300.jpg\" alt=\"jesus\" width=\"279\" height=\"300\" srcset=\"https:\/\/obispadodezaratecampana.org\/wp-content\/uploads\/2015\/02\/jesus-279x300.jpg 279w, https:\/\/obispadodezaratecampana.org\/wp-content\/uploads\/2015\/02\/jesus.jpg 583w\" sizes=\"(max-width: 279px) 100vw, 279px\" \/><\/p>\n<p style=\"text-align: center;\">Foto: Rostro de Cristo coronado de espinas. Vitral de la Cocatedral de la Natividad del Se\u00f1or en Escobar<\/p>\n<\/div>\n<\/div>\n<!-- AddThis Advanced Settings generic via filter on the_content --><!-- AddThis Share Buttons generic via filter on the_content -->","protected":false},"excerpt":{"rendered":"<p>Palabras de nuestro Obispo Monse\u00f1or Sarlinga al respecto del tiempo de cuaresma que se inicia con el mi\u00e9rcoles de Ceniza. La cuaresma como \u00c9XODO. A [&hellip;]<!-- AddThis Advanced Settings generic via filter on get_the_excerpt --><!-- AddThis Share Buttons generic via filter on get_the_excerpt --><\/p>\n","protected":false},"author":2,"featured_media":8405,"comment_status":"open","ping_status":"open","sticky":false,"template":"","format":"standard","meta":{"footnotes":""},"categories":[1],"tags":[],"class_list":["post-8404","post","type-post","status-publish","format-standard","has-post-thumbnail","hentry","category-noticiasdiocesanas"],"_links":{"self":[{"href":"https:\/\/obispadodezaratecampana.org\/index.php?rest_route=\/wp\/v2\/posts\/8404","targetHints":{"allow":["GET"]}}],"collection":[{"href":"https:\/\/obispadodezaratecampana.org\/index.php?rest_route=\/wp\/v2\/posts"}],"about":[{"href":"https:\/\/obispadodezaratecampana.org\/index.php?rest_route=\/wp\/v2\/types\/post"}],"author":[{"embeddable":true,"href":"https:\/\/obispadodezaratecampana.org\/index.php?rest_route=\/wp\/v2\/users\/2"}],"replies":[{"embeddable":true,"href":"https:\/\/obispadodezaratecampana.org\/index.php?rest_route=%2Fwp%2Fv2%2Fcomments&post=8404"}],"version-history":[{"count":3,"href":"https:\/\/obispadodezaratecampana.org\/index.php?rest_route=\/wp\/v2\/posts\/8404\/revisions"}],"predecessor-version":[{"id":8410,"href":"https:\/\/obispadodezaratecampana.org\/index.php?rest_route=\/wp\/v2\/posts\/8404\/revisions\/8410"}],"wp:featuredmedia":[{"embeddable":true,"href":"https:\/\/obispadodezaratecampana.org\/index.php?rest_route=\/wp\/v2\/media\/8405"}],"wp:attachment":[{"href":"https:\/\/obispadodezaratecampana.org\/index.php?rest_route=%2Fwp%2Fv2%2Fmedia&parent=8404"}],"wp:term":[{"taxonomy":"category","embeddable":true,"href":"https:\/\/obispadodezaratecampana.org\/index.php?rest_route=%2Fwp%2Fv2%2Fcategories&post=8404"},{"taxonomy":"post_tag","embeddable":true,"href":"https:\/\/obispadodezaratecampana.org\/index.php?rest_route=%2Fwp%2Fv2%2Ftags&post=8404"}],"curies":[{"name":"wp","href":"https:\/\/api.w.org\/{rel}","templated":true}]}}