{"id":8397,"date":"2015-02-16T14:06:09","date_gmt":"2015-02-16T17:06:09","guid":{"rendered":"http:\/\/obispadodezaratecampana.org\/?p=8397"},"modified":"2015-02-16T14:06:09","modified_gmt":"2015-02-16T17:06:09","slug":"el-camino-de-la-iglesia-es-el-de-la-misericordia-y-el-de-la-integracion","status":"publish","type":"post","link":"https:\/\/obispadodezaratecampana.org\/?p=8397","title":{"rendered":"El camino de la Iglesia es el de la misericordia y el de la integraci\u00f3n"},"content":{"rendered":"<p><em>Francisco en la misa con los nuevos cardenales: El camino de la Iglesia es el de la misericordia y el de la integraci\u00f3n<\/em><\/p>\n<p>Ciudad del Vaticano, 15 de febrero de 2015(Vis).-El Papa Francisco presidi\u00f3 esta ma\u00f1ana a las 10 en la bas\u00edlica vaticana la concelebraci\u00f3n eucar\u00edstica con los cardenales creados en el consistorio de ayer s\u00e1bado y con todos los purpurados llegados a Roma en esa ocasi\u00f3n.<\/p>\n<p>En la homil\u00eda que dirigi\u00f3 a los miembros del Colegio Cardenalicio, partiendo del relato evang\u00e9lico de la curaci\u00f3n del leproso -marginado, despreciado y abandonado en cuanto &#8221;impuro&#8221;- Francisco inst\u00f3 a los purpurados a seguir la l\u00f3gica misericordiosa de Jes\u00fas record\u00e1ndoles que el camino de la Iglesia era &#8221;no s\u00f3lo acoger y integrar, con valor evang\u00e9lico, aquellos que llaman a la puerta, sino salir, ir a buscar, sin prejuicios y sin miedos, a los lejanos, manifest\u00e1ndoles gratuitamente aquello que tambi\u00e9n nosotros hemos recibido gratuitamente&#8221;.<\/p>\n<p>Ofrecemos a continuaci\u00f3n el texto completo de la homil\u00eda del Santo Padre:<\/p>\n<p>&#8221;Se\u00f1or, si quieres, puedes limpiarme&#8221; Jes\u00fas, sintiendo l\u00e1stima; extendi\u00f3 la mano y lo toc\u00f3 diciendo: &#8221;Quiero: queda l\u00edmpio&#8221;. La compasi\u00f3n de Jes\u00fas. Ese padecer con que lo acercaba a cada persona que sufre. Jes\u00fas, se da completamente, se involucra en el dolor y la necesidad de la gente? simplemente, porque \u00c9l sabe y quiere padecer con, porque tiene un coraz\u00f3n que no se averg\u00fcenza de tener compasi\u00f3n.<\/p>\n<p>&#8221;No pod\u00eda entrar abiertamente en ning\u00fan pueblo; se quedaba fuera, en descampado&#8221; . Esto significa que, adem\u00e1s de curar al leproso, Jes\u00fas ha tomado sobre s\u00ed la marginaci\u00f3n que la ley de Mois\u00e9s impon\u00eda . Jes\u00fas no tiene miedo del riesgo que supone asumir el sufrimiento de otro, pero paga el precio con todas las consecuencias .<\/p>\n<p>La compasi\u00f3n lleva a Jes\u00fas a actuar concretamente: a reintegrar al marginado. Y \u00e9stos son los tres conceptos claves que la Iglesia nos propone hoy en la liturgia de la palabra: la compasi\u00f3n de Jes\u00fas ante la marginaci\u00f3n y su voluntad de integraci\u00f3n.<\/p>\n<p>Marginaci\u00f3n: Mois\u00e9s, tratando jur\u00eddicamente la cuesti\u00f3n de los leprosos, pide que sean alejados y marginados por la comunidad, mientras dure su mal, y los declara: &#8221;Impuros&#8221; .<\/p>\n<p>Imaginad cu\u00e1nto sufrimiento y cu\u00e1nta verg\u00fcenza deb\u00eda de sentir un leproso: f\u00edsicamente, socialmente, psicol\u00f3gicamente y espiritualmente. No es s\u00f3lo v\u00edctima de una enfermedad, sino que tambi\u00e9n se siente culpable, castigado por sus pecados. Es un muerto viviente, como &#8221;si su padre le hubiera escupido en la cara&#8221;.<\/p>\n<p>Adem\u00e1s, el leproso infunde miedo, desprecio, disgusto y por esto viene abandonado por los propios familiares, evitado por las otras personas, marginado por la sociedad, es m\u00e1s, la misma sociedad lo expulsa y lo fuerza a vivir en lugares alejados de los sanos, lo excluye. Y esto hasta el punto de que si un individuo sano se hubiese acercado a un leproso, habr\u00eda sido severamente castigado y, muchas veces, tratado, a su vez, como un leproso.<\/p>\n<p>Es verdad, la finalidad de esa norma de comportamiento era la de salvar a los sanos, proteger a los justos y, para salvaguardarlos de todo riesgo, marginar el peligro, tratando sin piedad al contagiado. De aqu\u00ed, que el Sumo Sacerdote Caif\u00e1s exclamase: &#8221;Conviene que uno muera por el pueblo, y que no perezca la naci\u00f3n entera&#8221; .<\/p>\n<p>Integraci\u00f3n: Jes\u00fas revoluciona y sacude fuertemente aquella mentalidad cerrada por el miedo y recluida en los prejuicios. \u00c9l, sin embargo, no deroga la Ley de Mois\u00e9s, sino que la lleva a plenitud declarando, por ejemplo, la ineficacia contraproducente de la ley del tali\u00f3n; declarando que Dios no se complace en la observancia del S\u00e1bado que desprecia al hombre y lo condena; o cuando ante la mujer pecadora, no la condena, sino que la salva de la intransigencia de aquellos que estaban ya preparados para lapidarla sin piedad, pretendiendo aplicar la Ley de Mois\u00e9s. Jes\u00fas revoluciona tambi\u00e9n las conciencias en el Discurso de la monta\u00f1a abriendo nuevos horizontes para la humanidad y revelando plenamente la l\u00f3gica de Dios. La l\u00f3gica del amor que no se basa en el miedo sino en la libertad, en la caridad, en el sano celo y en el deseo salv\u00edfico de Dios, Nuestro Salvador, &#8221;que quiere que todos se salven y lleguen al conocimiento de la verdad&#8221;. &#8221;Misericordia quiero y no sacrificio&#8221;.<\/p>\n<p>Jes\u00fas, nuevo Mois\u00e9s, ha querido curar al leproso, ha querido tocar, ha querido reintegrar en la comunidad, sin autolimitarse por los prejuicios; sin adecuarse a la mentalidad dominante de la gente; sin preocuparse para nada del contagio. Jes\u00fas responde a la s\u00faplica del leproso sin dilaci\u00f3n y sin los consabidos aplazamientos para estudiar la situaci\u00f3n y todas sus eventuales consecuencias. Para Jes\u00fas lo que cuenta, sobre todo, es alcanzar y salvar a los lejanos, curar las heridas de los enfermos, reintegrar a todos en la familia de Dios. Y eso escandaliza a algunos.<\/p>\n<p>Y Jes\u00fas no tiene miedo de este tipo de esc\u00e1ndalo. \u00c9l no piensa en las personas obtusas que se escandalizan incluso de una curaci\u00f3n, que se escandalizan de cualquier apertura, a cualquier paso que no entre en sus esquemas mentales o espirituales, a cualquier caricia o ternura que no corresponda a su forma de pensar y a su pureza ritualista. \u00c9l ha querido integrar a los marginados, salvar a los que est\u00e1n fuera del campamento.<\/p>\n<p>Son dos l\u00f3gicas de pensamiento y de fe: el miedo de perder a los salvados y el deseo de salvar a los perdidos. Hoy tambi\u00e9n nos encontramos en la encrucijada de estas dos l\u00f3gicas: a veces, la de los doctores de la ley, o sea, alejarse del peligro apart\u00e1ndose de la persona contagiada, y la l\u00f3gica de Dios que, con su misericordia, abraza y acoge reintegrando y transfigurando el mal en bien, la condena en salvaci\u00f3n y la exclusi\u00f3n en anuncio.<\/p>\n<p>Estas dos l\u00f3gicas recorren toda la historia de la Iglesia: marginar y reintegrar. San Pablo, dando cumplimiento al mandamiento del Se\u00f1or de llevar el anuncio del Evangelio hasta los extremos confines de la tierra, escandaliz\u00f3 y encontr\u00f3 una fuerte resistencia y una gran hostilidad sobre todo de parte de aquellos que exig\u00edan una incondicional observancia de la Ley mosaica, incluso a los paganos convertidos. Tambi\u00e9n san Pedro fue duramente criticado por la comunidad cuando entr\u00f3 en la casa de Cornelio, el centuri\u00f3n pagano.<\/p>\n<p>El camino de la Iglesia, desde el concilio de Jerusal\u00e9n en adelante, es siempre el camino de Jes\u00fas, el de la misericordia y de la integraci\u00f3n. Esto no quiere decir menospreciar los peligros o hacer entrar los lobos en el reba\u00f1o, sino acoger al hijo pr\u00f3digo arrepentido; sanar con determinaci\u00f3n y valor las heridas del pecado; actuar decididamente y no quedarse mirando de forma pasiva el sufrimiento del mundo. El camino de la Iglesia es el de no condenar a nadie para siempre y difundir la misericordia de Dios a todas las personas que la piden con coraz\u00f3n sincero; el camino de la Iglesia es precisamente el de salir del propio recinto para ir a buscar a los lejanos en las ?periferias? esenciales de la existencia; es el de adoptar integralmente la l\u00f3gica de Dios; el de seguir al Maestro que dice: &#8221;No necesitan m\u00e9dico los sanos, sino los enfermos. No he venido a llamar a los justos, sino a los pecadores a que se conviertan&#8221;.<\/p>\n<p>Curando al leproso, Jes\u00fas no hace ning\u00fan da\u00f1o al que est\u00e1 sano, es m\u00e1s, lo libra del miedo; no lo expone a un peligro sino que le da un hermano; no desprecia la Ley sino que valora al hombre, para el cual Dios ha inspirado la Ley. En efecto, Jes\u00fas libra a los sanos de la tentaci\u00f3n del &#8221;hermano mayor&#8221; y del peso de la envidia y de la murmuraci\u00f3n de los trabajadores que han soportado el peso de la jornada y el calor.<\/p>\n<p>En consecuencia: la caridad no puede ser neutra, as\u00e9ptica, indiferente, tibia o imparcial. La caridad contagia, apasiona, arriesga y compromete. Porque la caridad verdadera siempre es inmerecida, incondicional y gratuita . La caridad es creativa en la b\u00fasqueda del lenguaje adecuado para comunicar con aquellos que son considerados incurables y, por lo tanto, intocables. Encontrar el lenguaje justo? El contacto es el aut\u00e9ntico lenguaje que transmite, fue el lenguaje afectivo, el que proporcion\u00f3 la curaci\u00f3n al leproso. \u00a1Cu\u00e1ntas curaciones podemos realizar y transmitir aprendiendo este lenguaje del contacto! Era un leproso y se ha hay convertido en mensajero del amor de Dios. Dice el Evangelio: &#8221;Pero cuando se fue, empez\u00f3 a pregonar bien alto y a divulgar el hecho&#8221; .<\/p>\n<p>Queridos nuevos Cardenales, \u00e9sta es la l\u00f3gica de Jes\u00fas, \u00e9ste es el camino de la Iglesia: no s\u00f3lo acoger y integrar, con valor evang\u00e9lico, aquellos que llaman a la puerta, sino salir, ir a buscar, sin prejuicios y sin miedos, a los lejanos, manifest\u00e1ndoles gratuitamente aquello que tambi\u00e9n nosotros hemos recibido gratuitamente. &#8221;Quien dice que permanece en \u00c9l debe caminar como \u00c9l camin\u00f3&#8221; . \u00a1La disponibilidad total para servir a los dem\u00e1s es nuestro signo distintivo, es nuestro \u00fanico t\u00edtulo de honor!<\/p>\n<p>Pensadlo bien en estos d\u00edas en los que hab\u00e9is recibido el t\u00edtulo cardenalicio. En esta Eucarist\u00eda que nos re\u00fane entorno al altar, invocamos Invoquemos la intercesi\u00f3n de Mar\u00eda, Madre de la Iglesia, que sufri\u00f3 en primera persona la marginaci\u00f3n causada por las calumnias y el exilio , para que nos conceda el ser siervos fieles de Dios. Ella, que es la Madre, nos ense\u00f1e a no tener miedo de acoger con ternura a los marginados; a no tener miedo de la ternura. Cu\u00e1ntas veces tenemos miedo de la ternura. Que Ella nos ense\u00f1e a no tener miedo de la ternura y de la compasi\u00f3n; nos revista de paciencia para acompa\u00f1arlos en su camino, sin buscar los resultados del \u00e9xito mundano; nos muestre a Jes\u00fas y nos haga caminar como \u00c9l.<\/p>\n<p>Queridos hermanos nuevos Cardenales, mirando a Jes\u00fas y a nuestra Madre Mar\u00eda, os exhorto a servir a la Iglesia, en modo tal que los cristianos edificados por nuestro testimonio no tengan la tentaci\u00f3n de estar con Jes\u00fas sin querer estar con los marginados, aisl\u00e1ndose en una casta que nada tiene de aut\u00e9nticamente eclesial. Os invito a servir a Jes\u00fas crucificado en toda persona marginada, por el motivo que sea; a ver al Se\u00f1or en cada persona excluida que tiene hambre, que tiene sed, que est\u00e1 desnuda; al Se\u00f1or que est\u00e1 presente tambi\u00e9n en aquellos que han perdido la fe, o que, alejados, no viven la propia fe, o que se declaran ateos; al Se\u00f1or que est\u00e1 en la c\u00e1rcel, que est\u00e1 enfermo, que no tiene trabajo, que es perseguido; al Se\u00f1or que est\u00e1 en el leproso de cuerpo o de alma -, que est\u00e1 discriminado. No descubrimos al Se\u00f1or, si no acogemos aut\u00e9nticamente al marginado. Recordemos siempre la imagen de san Francisco que no tuvo ha tenido miedo de abrazar al leproso y de acoger a aquellos que sufren cualquier tipo de marginaci\u00f3n. En realidad, queridos hermanos, sobre el evangelio de los marginados, se juega y se descubre y se revela nuestra credibilidad.<\/p>\n<p>Fuente: www.news.va<\/p>\n<!-- AddThis Advanced Settings generic via filter on the_content --><!-- AddThis Share Buttons generic via filter on the_content -->","protected":false},"excerpt":{"rendered":"<p>Francisco en la misa con los nuevos cardenales: El camino de la Iglesia es el de la misericordia y el de la integraci\u00f3n Ciudad del [&hellip;]<!-- AddThis Advanced Settings generic via filter on get_the_excerpt --><!-- AddThis Share Buttons generic via filter on get_the_excerpt --><\/p>\n","protected":false},"author":2,"featured_media":8398,"comment_status":"open","ping_status":"open","sticky":false,"template":"","format":"standard","meta":{"footnotes":""},"categories":[161],"tags":[],"class_list":["post-8397","post","type-post","status-publish","format-standard","has-post-thumbnail","hentry","category-el-papa-leonxiv"],"_links":{"self":[{"href":"https:\/\/obispadodezaratecampana.org\/index.php?rest_route=\/wp\/v2\/posts\/8397","targetHints":{"allow":["GET"]}}],"collection":[{"href":"https:\/\/obispadodezaratecampana.org\/index.php?rest_route=\/wp\/v2\/posts"}],"about":[{"href":"https:\/\/obispadodezaratecampana.org\/index.php?rest_route=\/wp\/v2\/types\/post"}],"author":[{"embeddable":true,"href":"https:\/\/obispadodezaratecampana.org\/index.php?rest_route=\/wp\/v2\/users\/2"}],"replies":[{"embeddable":true,"href":"https:\/\/obispadodezaratecampana.org\/index.php?rest_route=%2Fwp%2Fv2%2Fcomments&post=8397"}],"version-history":[{"count":1,"href":"https:\/\/obispadodezaratecampana.org\/index.php?rest_route=\/wp\/v2\/posts\/8397\/revisions"}],"predecessor-version":[{"id":8399,"href":"https:\/\/obispadodezaratecampana.org\/index.php?rest_route=\/wp\/v2\/posts\/8397\/revisions\/8399"}],"wp:featuredmedia":[{"embeddable":true,"href":"https:\/\/obispadodezaratecampana.org\/index.php?rest_route=\/wp\/v2\/media\/8398"}],"wp:attachment":[{"href":"https:\/\/obispadodezaratecampana.org\/index.php?rest_route=%2Fwp%2Fv2%2Fmedia&parent=8397"}],"wp:term":[{"taxonomy":"category","embeddable":true,"href":"https:\/\/obispadodezaratecampana.org\/index.php?rest_route=%2Fwp%2Fv2%2Fcategories&post=8397"},{"taxonomy":"post_tag","embeddable":true,"href":"https:\/\/obispadodezaratecampana.org\/index.php?rest_route=%2Fwp%2Fv2%2Ftags&post=8397"}],"curies":[{"name":"wp","href":"https:\/\/api.w.org\/{rel}","templated":true}]}}