{"id":8394,"date":"2015-02-16T13:49:28","date_gmt":"2015-02-16T16:49:28","guid":{"rendered":"http:\/\/obispadodezaratecampana.org\/?p=8394"},"modified":"2015-02-16T13:49:28","modified_gmt":"2015-02-16T16:49:28","slug":"domingo-15-de-febrero-el-bien-contagia","status":"publish","type":"post","link":"https:\/\/obispadodezaratecampana.org\/?p=8394","title":{"rendered":"Domingo 15 de febrero: &#8220;El bien contagia&#8221;"},"content":{"rendered":"<p>Ciudad del Vaticano, 15 febrero 2015 (VIS).-A mediod\u00eda, al final de la misa celebrada en la bas\u00edlica vaticana con los cardenales, el Papa se asom\u00f3 a la ventana de su estudio en el palacio apost\u00f3lico para rezar el \u00c1ngelus con los fieles y peregrinos reunidos en la Plaza de San Pedro.<\/p>\n<p>Francisco retom\u00f3 el tema tratado en su homil\u00eda, la compasi\u00f3n y la misericordia de Cristo ante todo tipo de mal en el cuerpo y en el esp\u00edritu, partiendo del pasaje evang\u00e9lico de la curaci\u00f3n del leproso<\/p>\n<p>&#8221;La misericordia de Dios -dijo- supera cualquier barrera y la mano de Jes\u00fas toca al leproso. Jes\u00fas no se coloca a una distancia de seguridad y no act\u00faa por poder: se expone directamente al contagio de nuestro mal y, precisamente as\u00ed nuestro mal se convierte en el punto de contacto: \u00c9l, Jes\u00fas, toma de nosotros nuestra humanidad enferma y nosotros tomamos de \u00c9l su humanidad sana y sanadora. Esto ocurre cada vez que recibimos con fe un Sacramento: el Se\u00f1or Jes\u00fas nos toca y nos da su gracia. En este caso pensamos especialmente en el Sacramento de la Reconciliaci\u00f3n, que nos cura de la lepra del pecado&#8221;.<\/p>\n<p>&#8221;Una vez m\u00e1s el Evangelio -prosigui\u00f3- nos ense\u00f1a que hace Dios frente a nuestro mal: Dios no viene a dar una lecci\u00f3n sobre el dolor, ni tampoco a eliminar del mundo el sufrimiento y la muerte; viene, m\u00e1s bien, a cargar sobre s\u00ed el peso de nuestra condici\u00f3n humana, a llevarla hasta el fondo, para librarnos de manera radical y definitiva. Cristo combate los males y los sufrimientos del mundo haci\u00e9ndose cargo de ellos y venci\u00e9ndolos con la fuerza de la misericordia de Dios&#8221;.<\/p>\n<p>A nosotros, hoy, el Evangelio de la curaci\u00f3n del leproso nos dice que, si queremos ser &#8221;verdaderos disc\u00edpulos de Jes\u00fas, estamos llamados a convertirnos, unidos a \u00c9l, en instrumentos de su amor misericordioso, superando todo tipo de marginaci\u00f3n. Para ser imitadores de Cristo frente a un pobre o a un enfermo, no debemos tener miedo de mirarlo a los ojos y de acercarnos con ternura y compasi\u00f3n, y de tocarlo y de abrazarlo&#8221;, explic\u00f3 el Papa, diciendo despu\u00e9s que a menudo ped\u00eda a las personas que ayudaban a los dem\u00e1s que lo hicieran &#8221;mir\u00e1ndolas a los ojos, sin tener miedo de tocarlos&#8221; y que el gesto de ayuda fuera tambi\u00e9n &#8221;un gesto de comunicaci\u00f3n&#8221;.<\/p>\n<p>&#8221;Tambi\u00e9n nosotros necesitamos que ellos nos acojan -concluy\u00f3- Un gesto de ternura, un gesto de compasi\u00f3n&#8221; porque &#8221;Si el mal es contagioso, tambi\u00e9n lo es el bien. Por lo tanto, es necesario que abunde en nosotros, cada vez m\u00e1s, el bien. Dej\u00e9monos contagiar por el bien y \u00a1contagiemos el bien!&#8221;.<\/p>\n<p>Despu\u00e9s de rezar el \u00c1ngelus, el Santo Padre manifest\u00f3 su deseo de serenidad y paz a todos los hombres y mujeres de Extremo Oriente y de diversas partes del mundo que se preparan a celebrar el a\u00f1o nuevo lunar. &#8221;Estas festividades -se\u00f1al\u00f3- os brindan la feliz ocasi\u00f3n de redescubrir y de vivir de modo intenso la fraternidad, que es v\u00ednculo precioso de la vida familiar y fundamento de la vida social. \u00a1Que este retorno anual a las ra\u00edces de la persona y de la familia ayude a esos pueblos a construir una sociedad donde se tejen relaciones interpersonales orientadas al respeto, a la justicia y a la caridad!&#8221;.<\/p>\n<p>Por \u00faltimo, salud\u00f3 en particular a todas las personas que hab\u00edan venido a Roma con motivo del consistorio y para acompa\u00f1ar a los nuevos cardenales y dio las gracias a los pa\u00edses que estuvieron presentes en ese evento con sus delegaciones oficiales. Francisco termin\u00f3 pidiendo a los fieles y peregrinos de la Plaza un aplauso para los nuevos purpurados.<\/p>\n<p>Fuente: www.news.va<\/p>\n<!-- AddThis Advanced Settings generic via filter on the_content --><!-- AddThis Share Buttons generic via filter on the_content -->","protected":false},"excerpt":{"rendered":"<p>Ciudad del Vaticano, 15 febrero 2015 (VIS).-A mediod\u00eda, al final de la misa celebrada en la bas\u00edlica vaticana con los cardenales, el Papa se asom\u00f3 [&hellip;]<!-- AddThis Advanced Settings generic via filter on get_the_excerpt --><!-- AddThis Share Buttons generic via filter on get_the_excerpt --><\/p>\n","protected":false},"author":2,"featured_media":8395,"comment_status":"open","ping_status":"open","sticky":false,"template":"","format":"standard","meta":{"footnotes":""},"categories":[161],"tags":[],"class_list":["post-8394","post","type-post","status-publish","format-standard","has-post-thumbnail","hentry","category-el-papa-leonxiv"],"_links":{"self":[{"href":"https:\/\/obispadodezaratecampana.org\/index.php?rest_route=\/wp\/v2\/posts\/8394","targetHints":{"allow":["GET"]}}],"collection":[{"href":"https:\/\/obispadodezaratecampana.org\/index.php?rest_route=\/wp\/v2\/posts"}],"about":[{"href":"https:\/\/obispadodezaratecampana.org\/index.php?rest_route=\/wp\/v2\/types\/post"}],"author":[{"embeddable":true,"href":"https:\/\/obispadodezaratecampana.org\/index.php?rest_route=\/wp\/v2\/users\/2"}],"replies":[{"embeddable":true,"href":"https:\/\/obispadodezaratecampana.org\/index.php?rest_route=%2Fwp%2Fv2%2Fcomments&post=8394"}],"version-history":[{"count":1,"href":"https:\/\/obispadodezaratecampana.org\/index.php?rest_route=\/wp\/v2\/posts\/8394\/revisions"}],"predecessor-version":[{"id":8396,"href":"https:\/\/obispadodezaratecampana.org\/index.php?rest_route=\/wp\/v2\/posts\/8394\/revisions\/8396"}],"wp:featuredmedia":[{"embeddable":true,"href":"https:\/\/obispadodezaratecampana.org\/index.php?rest_route=\/wp\/v2\/media\/8395"}],"wp:attachment":[{"href":"https:\/\/obispadodezaratecampana.org\/index.php?rest_route=%2Fwp%2Fv2%2Fmedia&parent=8394"}],"wp:term":[{"taxonomy":"category","embeddable":true,"href":"https:\/\/obispadodezaratecampana.org\/index.php?rest_route=%2Fwp%2Fv2%2Fcategories&post=8394"},{"taxonomy":"post_tag","embeddable":true,"href":"https:\/\/obispadodezaratecampana.org\/index.php?rest_route=%2Fwp%2Fv2%2Ftags&post=8394"}],"curies":[{"name":"wp","href":"https:\/\/api.w.org\/{rel}","templated":true}]}}