{"id":8385,"date":"2015-02-11T15:25:46","date_gmt":"2015-02-11T18:25:46","guid":{"rendered":"http:\/\/obispadodezaratecampana.org\/?p=8385"},"modified":"2015-02-11T15:25:46","modified_gmt":"2015-02-11T18:25:46","slug":"enfermos-camino-privilegiado-para-encontrar-a-cristo","status":"publish","type":"post","link":"https:\/\/obispadodezaratecampana.org\/?p=8385","title":{"rendered":"Enfermos: camino privilegiado para encontrar a Cristo"},"content":{"rendered":"<p><span style=\"line-height: 1.6;\">Al rezar la oraci\u00f3n del \u00c1ngelus en el V domingo del tiempo ordinario, con los miles de fieles y peregrinos reunidos en la Plaza de San Pedro, el Papa Francisco se refiri\u00f3 al pasaje del Evangelio de Marcos que nos muestra a Jes\u00fas dedicado a curar a tantos enfermos.<\/span><\/p>\n<div class=\"distribuidor01\">\n<div class=\"wrap\">\n<section id=\"mainContent\">\n<section id=\"newsInt\">\n<div class=\"txt\">\n<p>Predicar y curar: \u00e9sta es la actividad principal de Jes\u00fas en su vida p\u00fablica, afirm\u00f3 el Pont\u00edfice, de este modo \u201c\u00c9l anuncia el Reino de Dios y con las curaciones demuestra que nos est\u00e1 cerca, est\u00e1 en medio de nosotros\u201d.<\/p>\n<p>Francisco destac\u00f3 que Jes\u00fas, que vino al mundo para anunciar y salvar a todos los hombres \u201cmuestra una particular predilecci\u00f3n por aquellos que est\u00e1n heridos en el cuerpo y en el esp\u00edritu: los pobres, los pecadores, lo endemoniados, enfermos y emarginados rebel\u00e1ndose medico de almas y cuerpo, buen samaritano del hombre\u201d<\/p>\n<p>\u201cTal realidad de la curaci\u00f3n de los enfermos por parte de Cristo \u2013 dijo \u2013 nos invita a reflexionar sobre el sentido y el valor de la enfermedad. A esto nos llama la Jornada Mundial del Enfermo, que celebraremos el pr\u00f3ximo mi\u00e9rcoles 11 de febrero, memoria liturgia de la Beata Virgen Mar\u00eda de Lourdes\u201d. Y prosigui\u00f3: \u201cBendigo las iniciativas preparadas para esta Jornada, en particular la Vigilia que tendr\u00e1 lugar en Roma en la tarde del 10 de febrero\u201d.<\/p>\n<p>El Obispo de Roma explic\u00f3 que esta obra salv\u00edfica de Cristo \u201ccontin\u00faa mediante la Iglesia, sacramento del amor y de la ternura de Dios por los hombres. Jes\u00fas, enviando en misi\u00f3n a sus disc\u00edpulos \u2013 continu\u00f3 \u2013 les confiere un doble mandato: anunciar el Evangelio de la salvaci\u00f3n y curar a los enfermos (cfr Mt 10,7-8). Por ello, \u201cla Iglesia siempre ha considerado la asistencia a los enfermos parte integrante de su misi\u00f3n\u201d y \u201cconsidera a las personas enfermas como una v\u00eda privilegiada para encontrar a Cristo, para acogerlo y servirlo\u201d.<\/p>\n<p>Cada uno de nosotros, dijo el Pont\u00edfice, est\u00e1 llamado a llevar la luz del Evangelio y la fuerza de la gracia a aquellos que sufren y a cuantos los asisten, familiares, m\u00e9dicos, enfermeros, para que su servicio al enfermo sea cumplido siempre con m\u00e1s humanidad, con dedicaci\u00f3n generosa, con amor evang\u00e9lico.<\/p>\n<p>Francisco concluy\u00f3 pidiendo a la Madre de Dios, \u201cSalud de los enfermos\u201d, para que toda persona en la enfermedad pueda experimentar, gracias a la atenci\u00f3n de quien le est\u00e1 cerca, la potencia del amor de Dios y la consolaci\u00f3n de su ternura paternal.<\/p>\n<p>Fuente: www.news.va<\/p><\/div>\n<\/section>\n<\/section>\n<\/div>\n<\/div>\n<!-- AddThis Advanced Settings generic via filter on the_content --><!-- AddThis Share Buttons generic via filter on the_content -->","protected":false},"excerpt":{"rendered":"<p>Al rezar la oraci\u00f3n del \u00c1ngelus en el V domingo del tiempo ordinario, con los miles de fieles y peregrinos reunidos en la Plaza de [&hellip;]<!-- AddThis Advanced Settings generic via filter on get_the_excerpt --><!-- AddThis Share Buttons generic via filter on get_the_excerpt --><\/p>\n","protected":false},"author":2,"featured_media":8386,"comment_status":"open","ping_status":"open","sticky":false,"template":"","format":"standard","meta":{"footnotes":""},"categories":[161],"tags":[],"class_list":["post-8385","post","type-post","status-publish","format-standard","has-post-thumbnail","hentry","category-el-papa-leonxiv"],"_links":{"self":[{"href":"https:\/\/obispadodezaratecampana.org\/index.php?rest_route=\/wp\/v2\/posts\/8385","targetHints":{"allow":["GET"]}}],"collection":[{"href":"https:\/\/obispadodezaratecampana.org\/index.php?rest_route=\/wp\/v2\/posts"}],"about":[{"href":"https:\/\/obispadodezaratecampana.org\/index.php?rest_route=\/wp\/v2\/types\/post"}],"author":[{"embeddable":true,"href":"https:\/\/obispadodezaratecampana.org\/index.php?rest_route=\/wp\/v2\/users\/2"}],"replies":[{"embeddable":true,"href":"https:\/\/obispadodezaratecampana.org\/index.php?rest_route=%2Fwp%2Fv2%2Fcomments&post=8385"}],"version-history":[{"count":1,"href":"https:\/\/obispadodezaratecampana.org\/index.php?rest_route=\/wp\/v2\/posts\/8385\/revisions"}],"predecessor-version":[{"id":8387,"href":"https:\/\/obispadodezaratecampana.org\/index.php?rest_route=\/wp\/v2\/posts\/8385\/revisions\/8387"}],"wp:featuredmedia":[{"embeddable":true,"href":"https:\/\/obispadodezaratecampana.org\/index.php?rest_route=\/wp\/v2\/media\/8386"}],"wp:attachment":[{"href":"https:\/\/obispadodezaratecampana.org\/index.php?rest_route=%2Fwp%2Fv2%2Fmedia&parent=8385"}],"wp:term":[{"taxonomy":"category","embeddable":true,"href":"https:\/\/obispadodezaratecampana.org\/index.php?rest_route=%2Fwp%2Fv2%2Fcategories&post=8385"},{"taxonomy":"post_tag","embeddable":true,"href":"https:\/\/obispadodezaratecampana.org\/index.php?rest_route=%2Fwp%2Fv2%2Ftags&post=8385"}],"curies":[{"name":"wp","href":"https:\/\/api.w.org\/{rel}","templated":true}]}}