{"id":8381,"date":"2015-02-11T14:03:40","date_gmt":"2015-02-11T17:03:40","guid":{"rendered":"http:\/\/obispadodezaratecampana.org\/?p=8381"},"modified":"2015-02-11T14:03:40","modified_gmt":"2015-02-11T17:03:40","slug":"francisco-custodiar-la-creacion-responsabilidad-del-cristiano","status":"publish","type":"post","link":"https:\/\/obispadodezaratecampana.org\/?p=8381","title":{"rendered":"Francisco: &#8220;Custodiar la Creaci\u00f3n, responsabilidad del Cristiano.&#8221;"},"content":{"rendered":"<div class=\"_5pbx userContent\" data-ft=\"{&quot;tn&quot;:&quot;K&quot;}\">\n<p>HOMIL\u00cdA DEL LUNES: CUSTODIAR LA CREACI\u00d3N, RESPONSABILIDAD DEL CRISTIANO<\/p>\n<p>El Papa: \u00bfCustodiar la Creaci\u00f3n es de los \u2018verdes\u2019? \u00a1No, es cristiano!<\/p>\n<p>Los cristianos est\u00e1n llamados a custodiar la Creaci\u00f3n. Lo subray\u00f3 el Papa Francisco en la misa matutina &#8211; del lunes 9 de febrero &#8211; en la casa de Santa Marta. El Pont\u00edfice reflexion\u00f3 sobre la \u201csegunda creaci\u00f3n\u201d obrada por Jes\u00fas que ha \u201cre-creado\u201d lo que hab\u00eda sido arruinado por el pecado.<\/p>\n<p>Dios crea el universo y \u201ccontinuamente sostiene lo que ha creado\u201d. El Papa ha desarrollado su homil\u00eda deteni\u00e9ndose en el pasaje del G\u00e9nesis, en la Primera Lectura, que narra la creaci\u00f3n del universo. En el Evangelio del d\u00eda, dijo, vemos \u201cla otra creaci\u00f3n de Dios\u201d, \u201caqu\u00e9lla de Jes\u00fas, que viene a re-crear lo que hab\u00eda sido arruinado por el pecado\u201d.<\/p>\n<p>\u00bfC\u00f3mo respondemos a la creaci\u00f3n de Dios?<\/p>\n<p>Vemos a Jes\u00fas entre la gente, dijo, y \u201cquienes lo tocaban estaban salvados\u201d: es la \u201cre-creaci\u00f3n\u201d. \u201cEsta \u2018segunda creaci\u00f3n\u2019 \u2013 explic\u00f3 Francisco \u2013 es m\u00e1s maravillosa que la primera; este segundo trabajo es m\u00e1s maravilloso\u201d.<\/p>\n<p>Al final, el Esp\u00edritu Santo realiza \u201cotro trabajo\u201d, la \u201cperseverancia en la fe\u201d:<\/p>\n<p>\u201cDios trabaja, contin\u00faa trabajando y nosotros podemos preguntarnos c\u00f3mo debemos responder a esta creaci\u00f3n de Dios, que naci\u00f3 del amor, porque \u00c9l trabaja por amor. A la \u2018primera creaci\u00f3n\u2019 debemos responder con la responsabilidad que el Se\u00f1or nos da: \u2018La Tierra es suya, ll\u00e9venla adelante, dom\u00ednenla, h\u00e1ganla crecer\u2019. Tambi\u00e9n nosotros tenemos la responsabilidad de hacer crecer la Tierra, de hacer crecer la Creaci\u00f3n, de custodiarla y hacerla crecer seg\u00fan sus leyes. Nosotros somos se\u00f1ores de la Creaci\u00f3n, no due\u00f1os\u201d.<\/p>\n<p>Custodiar la Creaci\u00f3n es deber del cristiano<\/p>\n<p>El Papa advirti\u00f3 que debemos \u201ctener cuidado de no adue\u00f1arnos de la Creaci\u00f3n, sino de hacerla seguir adelante, fiel a sus leyes\u201d. Por lo tanto \u2013 agreg\u00f3 \u2013 \u201c\u00e9sta es la primera respuesta al trabajo de Dios: trabajar para custodiar la Creaci\u00f3n\u201d:<\/p>\n<p>\u201cCuando nosotros escuchamos que la gente hace reuniones para pensar en c\u00f3mo custodiar la Creaci\u00f3n, podemos decir: &#8216;\u00a1Son los verdes!\u2019. \u00a1No, no son los \u2018verdes\u2019! \u00a1Esto es cristiano! Es nuestra respuesta a la \u2018primera creaci\u00f3n de Dios. Es nuestra responsabilidad&#8221;.<\/p>\n<p>&#8220;Un cristiano que no custodia la Creaci\u00f3n, que no la hace crecer, es un cristiano al cual no le importa el trabajo de Dios, ese trabajo nacido del amor de Dios por nosotros. Y \u00e9sta es la primera respuesta a la primera Creaci\u00f3n: custodiar la Creaci\u00f3n, hacerla crecer\u201d.<\/p>\n<p>Dej\u00e9monos reconciliar con Jes\u00fas<\/p>\n<p>Francisco se pregunt\u00f3 c\u00f3mo respondemos \u201ca la segunda creaci\u00f3n\u201d. San Pablo \u2013 record\u00f3 \u2013 nos dijo que nos dejemos \u201creconciliar con Dios\u201d, \u201crecorrer el camino de la reconciliaci\u00f3n, de la reconciliaci\u00f3n comunitaria, porque la reconciliaci\u00f3n es obra de Cristo\u201d.<\/p>\n<p>Y luego, recordando al Ap\u00f3stol de los Gentiles, el Pont\u00edfice dijo que no debemos entristecer al Esp\u00edritu Santo que est\u00e1 en nosotros, que est\u00e1 dentro de nosotros y trabaja dentro de nosotros. Y agreg\u00f3: nosotros \u201ccreemos en un Dios personal\u201d: \u201ces persona Padre, persona Hijo y persona Esp\u00edritu Santo\u201d:<\/p>\n<p>\u201cY los tres est\u00e1n involucrados en esta Creaci\u00f3n, en esta re-creaci\u00f3n, en esta perseverancia en la re-creaci\u00f3n. Y a los tres respondemos: custodiar y hacer crecer la Creaci\u00f3n, dejarnos reconciliar con Jes\u00fas, con Dios en Jes\u00fas, en Cristo, cada d\u00eda, y no entristecer al Esp\u00edritu Santo, no echarlo: es el hu\u00e9sped de nuestro coraz\u00f3n que nos acompa\u00f1a y nos hace crecer\u201d.<\/p>\n<p>\u201cQue el Se\u00f1or \u2013 concluy\u00f3 el Obispo de Roma \u2013 nos d\u00e9 la gracia de entender que \u00c9l est\u00e1 obrando y nos d\u00e9 la gracia de responder justamente a este trabajo de amor\u201d.<\/p>\n<p>Fuente: www.news.va<\/p>\n<\/div>\n<!-- AddThis Advanced Settings generic via filter on the_content --><!-- AddThis Share Buttons generic via filter on the_content -->","protected":false},"excerpt":{"rendered":"<p>HOMIL\u00cdA DEL LUNES: CUSTODIAR LA CREACI\u00d3N, RESPONSABILIDAD DEL CRISTIANO El Papa: \u00bfCustodiar la Creaci\u00f3n es de los \u2018verdes\u2019? \u00a1No, es cristiano! Los cristianos est\u00e1n llamados [&hellip;]<!-- AddThis Advanced Settings generic via filter on get_the_excerpt --><!-- AddThis Share Buttons generic via filter on get_the_excerpt --><\/p>\n","protected":false},"author":2,"featured_media":8383,"comment_status":"open","ping_status":"open","sticky":false,"template":"","format":"standard","meta":{"footnotes":""},"categories":[161],"tags":[],"class_list":["post-8381","post","type-post","status-publish","format-standard","has-post-thumbnail","hentry","category-el-papa-leonxiv"],"_links":{"self":[{"href":"https:\/\/obispadodezaratecampana.org\/index.php?rest_route=\/wp\/v2\/posts\/8381","targetHints":{"allow":["GET"]}}],"collection":[{"href":"https:\/\/obispadodezaratecampana.org\/index.php?rest_route=\/wp\/v2\/posts"}],"about":[{"href":"https:\/\/obispadodezaratecampana.org\/index.php?rest_route=\/wp\/v2\/types\/post"}],"author":[{"embeddable":true,"href":"https:\/\/obispadodezaratecampana.org\/index.php?rest_route=\/wp\/v2\/users\/2"}],"replies":[{"embeddable":true,"href":"https:\/\/obispadodezaratecampana.org\/index.php?rest_route=%2Fwp%2Fv2%2Fcomments&post=8381"}],"version-history":[{"count":1,"href":"https:\/\/obispadodezaratecampana.org\/index.php?rest_route=\/wp\/v2\/posts\/8381\/revisions"}],"predecessor-version":[{"id":8384,"href":"https:\/\/obispadodezaratecampana.org\/index.php?rest_route=\/wp\/v2\/posts\/8381\/revisions\/8384"}],"wp:featuredmedia":[{"embeddable":true,"href":"https:\/\/obispadodezaratecampana.org\/index.php?rest_route=\/wp\/v2\/media\/8383"}],"wp:attachment":[{"href":"https:\/\/obispadodezaratecampana.org\/index.php?rest_route=%2Fwp%2Fv2%2Fmedia&parent=8381"}],"wp:term":[{"taxonomy":"category","embeddable":true,"href":"https:\/\/obispadodezaratecampana.org\/index.php?rest_route=%2Fwp%2Fv2%2Fcategories&post=8381"},{"taxonomy":"post_tag","embeddable":true,"href":"https:\/\/obispadodezaratecampana.org\/index.php?rest_route=%2Fwp%2Fv2%2Ftags&post=8381"}],"curies":[{"name":"wp","href":"https:\/\/api.w.org\/{rel}","templated":true}]}}