{"id":8378,"date":"2015-02-11T13:32:53","date_gmt":"2015-02-11T16:32:53","guid":{"rendered":"http:\/\/obispadodezaratecampana.org\/?p=8378"},"modified":"2015-02-11T13:32:53","modified_gmt":"2015-02-11T16:32:53","slug":"si-un-cristiano-quiere-conocer-a-dios-no-puede-quedarse-comodamente-sentado","status":"publish","type":"post","link":"https:\/\/obispadodezaratecampana.org\/?p=8378","title":{"rendered":"Si un cristiano quiere conocer a Dios, no puede quedarse c\u00f3modamente sentado"},"content":{"rendered":"<div class=\"_5pbx userContent\" data-ft=\"{&quot;tn&quot;:&quot;K&quot;}\">\n<p>Para encontrar a Dios hay que correr el riesgo de ponerse en camino, porque un cristiano \u201cquieto\u201d jam\u00e1s podr\u00e1 conocer el rostro del Padre. Fue la reflexi\u00f3n que desarroll\u00f3 el Papa Francisco en su homil\u00eda de la Misa matutina (del martes 10 de febrero).<\/p>\n<p>Si un cristiano quiere conocer su identidad, no puede quedarse c\u00f3modamente sentado en el sill\u00f3n ojeando un libro, porque en el mundo \u201cno existe un cat\u00e1logo\u201d con la imagen de Dios. Y tampoco se puede trazar un Dios &#8220;c\u00f3modo&#8221; obedeciendo a reglas que no tienen nada que ver con Dios .<\/p>\n<p>Los inquietos ver\u00e1n a Dios<\/p>\n<p>La lectura del G\u00e9nesis, que relata la creaci\u00f3n del hombre \u201ca imagen de Dios\u201d sugiri\u00f3 al Papa Francisco una meditaci\u00f3n sobre el camino justo y los muchos caminos equivocados que se abren ante un cristiano que quiera conocer su origen.<\/p>\n<p>La imagen de Dios \u2013 afirm\u00f3 Francisco \u2013 ciertamente no la encuentro en la computadora o en las enciclopedias. Para encontrarla y, por lo tanto, para comprender \u201cmi identidad\u201d, s\u00f3lo hay una \u00fanica manera: \u201cponi\u00e9ndose en camino\u201d. De lo contrario \u2013 dijo el Papa \u2013 \u201cjam\u00e1s podremos conocer el rostro de Dios\u201d:<\/p>\n<p>\u201cQuien no se pone en camino, jam\u00e1s conocer\u00e1 la imagen de Dios, jam\u00e1s encontrar\u00e1 el rostro de Dios. Los cristianos sentados, los cristianos quietos, no conocer\u00e1n el rostro de Dios: no lo conocen. Dicen: \u2018Dios es as\u00ed, as\u00ed\u2026\u2019, pero no lo conocen. Los quietos. Para caminar es necesaria esa inquietud que el mismo Dios ha puesto en nuestro coraz\u00f3n y que te lleva adelante a buscarlo\u201d.<\/p>\n<p>Francisco afirm\u00f3 que \u201cponerse en camino es dejar que Dios nos ponga a prueba, ponerse en camino es correr un riesgo\u201d. As\u00ed lo hicieron, desafiando peligros y sinti\u00e9ndose extenuados por la fatiga y el des\u00e1nimo, algunos gigantes como el profeta El\u00edas, o Jerem\u00edas, o Job&#8221;.<\/p>\n<p>La \u201ccaricatura\u201d de Dios<\/p>\n<p>Un modo de estar quietos y, por tanto, de falsear la b\u00fasqueda de Dios, aparece en el episodio del Evangelio en el que los escribas y los fariseos reprochan a Jes\u00fas porque sus disc\u00edpulos comen sin haber realizado las abluciones rituales:<\/p>\n<p>\u201cEn el Evangelio, Jes\u00fas encuentra gente que tiene miedo de ponerse en camino y que se da por satisfecha con una caricatura de Dios. Estos no-inquietos han hecho callar la inquietud del coraz\u00f3n, pintan a Dios con mandamientos y se olvidan de Dios: \u2018Ustedes, descuidando el mandamiento de Dios, observan la tradici\u00f3n de los hombres\u2019, y as\u00ed se alejan de Dios, no caminan hacia Dios y cuando les falta la seguridad, inventan o hacen otro mandamiento\u201d.<\/p>\n<p>Quien se comporta de este modo realiza un \u201ccamino entre comillas\u201d, un \u201ccamino que no camina, un camino quieto\u201d:<\/p>\n<p>As\u00ed pues, tenemos dos alternativas: &#8220;Ponte en camino y conocer\u00e1s tu identidad, porque t\u00fa eres imagen de Dios, est\u00e1s hecho a imagen de Dios. Ponte en camino y busca a Dios\u2019.<\/p>\n<p>Y la otra, la equivocada: &#8220;No, tranquilo: cumple todos estos mandamientos y esto es Dios. \u00c9ste es el rostro de Dios&#8221;.<\/p>\n<p>Que el Se\u00f1or nos d\u00e9 a todos la gracia del coraje de ponernos siempre en camino para buscar el rostro del Se\u00f1or, aquel rostro que un d\u00eda veremos pero que aqu\u00ed, en la Tierra, debemos buscar\u201d.<\/p>\n<p>Fuente: www.news.va<\/p>\n<\/div>\n<div class=\"_5pbx userContent\" data-ft=\"{&quot;tn&quot;:&quot;K&quot;}\"><\/div>\n<div>\n<div data-ft=\"{&quot;tn&quot;:&quot;H&quot;}\">\n<div class=\"mtm\">\n<div class=\"_5cq3\" data-ft=\"{&quot;tn&quot;:&quot;E&quot;}\">\n<div id=\"u_0_q\" class=\"_46-h _4-ep\" style=\"width: 470px; height: 313px;\"><\/div>\n<\/div>\n<\/div>\n<\/div>\n<\/div>\n<div id=\"u_0_w\">\n<form id=\"u_0_t\" class=\"commentable_item autoexpand_mode\" action=\"\/ajax\/ufi\/modify.php\" method=\"post\" data-ft=\"{&quot;tn&quot;:&quot;]&quot;}\">\n<div class=\"clearfix\">\n<div class=\"_4bl7 _4bl8\">\n<div id=\"u_0_x\" class=\"_mq0\">\n<div class=\"_6vi _6a _6b\" data-hover=\"tooltip\" data-reactid=\".0.1\">\n<div class=\"uiPopover _6a _6b\" data-reactid=\".0.1.0\"><a class=\"_p _55pi _5vto _55_p _2agf _p _55pi _5vto _55_p _4jy0 _4jy3 _517h _51sy _59pe _42ft\" style=\"max-width: 16px;\" href=\"https:\/\/www.facebook.com\/news.va.es\/posts\/960859203925118:0#\" data-reactid=\".0.1.0.$=10:0\"><span class=\"_55pe\" style=\"max-width: 16px;\" data-reactid=\".0.1.0.$=10:0.1\"><span data-reactid=\".0.1.0.$=10:0.1.1\">\u00a0<\/span><\/span><\/a><\/div>\n<\/div>\n<\/div>\n<\/div>\n<\/div>\n<\/form>\n<\/div>\n<p>&nbsp;<\/p>\n<!-- AddThis Advanced Settings generic via filter on the_content --><!-- AddThis Share Buttons generic via filter on the_content -->","protected":false},"excerpt":{"rendered":"<p>Para encontrar a Dios hay que correr el riesgo de ponerse en camino, porque un cristiano \u201cquieto\u201d jam\u00e1s podr\u00e1 conocer el rostro del Padre. Fue [&hellip;]<!-- AddThis Advanced Settings generic via filter on get_the_excerpt --><!-- AddThis Share Buttons generic via filter on get_the_excerpt --><\/p>\n","protected":false},"author":2,"featured_media":8379,"comment_status":"open","ping_status":"open","sticky":false,"template":"","format":"standard","meta":{"footnotes":""},"categories":[161],"tags":[],"class_list":["post-8378","post","type-post","status-publish","format-standard","has-post-thumbnail","hentry","category-el-papa-leonxiv"],"_links":{"self":[{"href":"https:\/\/obispadodezaratecampana.org\/index.php?rest_route=\/wp\/v2\/posts\/8378","targetHints":{"allow":["GET"]}}],"collection":[{"href":"https:\/\/obispadodezaratecampana.org\/index.php?rest_route=\/wp\/v2\/posts"}],"about":[{"href":"https:\/\/obispadodezaratecampana.org\/index.php?rest_route=\/wp\/v2\/types\/post"}],"author":[{"embeddable":true,"href":"https:\/\/obispadodezaratecampana.org\/index.php?rest_route=\/wp\/v2\/users\/2"}],"replies":[{"embeddable":true,"href":"https:\/\/obispadodezaratecampana.org\/index.php?rest_route=%2Fwp%2Fv2%2Fcomments&post=8378"}],"version-history":[{"count":1,"href":"https:\/\/obispadodezaratecampana.org\/index.php?rest_route=\/wp\/v2\/posts\/8378\/revisions"}],"predecessor-version":[{"id":8380,"href":"https:\/\/obispadodezaratecampana.org\/index.php?rest_route=\/wp\/v2\/posts\/8378\/revisions\/8380"}],"wp:featuredmedia":[{"embeddable":true,"href":"https:\/\/obispadodezaratecampana.org\/index.php?rest_route=\/wp\/v2\/media\/8379"}],"wp:attachment":[{"href":"https:\/\/obispadodezaratecampana.org\/index.php?rest_route=%2Fwp%2Fv2%2Fmedia&parent=8378"}],"wp:term":[{"taxonomy":"category","embeddable":true,"href":"https:\/\/obispadodezaratecampana.org\/index.php?rest_route=%2Fwp%2Fv2%2Fcategories&post=8378"},{"taxonomy":"post_tag","embeddable":true,"href":"https:\/\/obispadodezaratecampana.org\/index.php?rest_route=%2Fwp%2Fv2%2Ftags&post=8378"}],"curies":[{"name":"wp","href":"https:\/\/api.w.org\/{rel}","templated":true}]}}