{"id":8375,"date":"2015-02-11T13:12:36","date_gmt":"2015-02-11T16:12:36","guid":{"rendered":"http:\/\/obispadodezaratecampana.org\/?p=8375"},"modified":"2015-02-11T13:12:37","modified_gmt":"2015-02-11T16:12:37","slug":"audiencia-general-miercoles-11-de-febrero","status":"publish","type":"post","link":"https:\/\/obispadodezaratecampana.org\/?p=8375","title":{"rendered":"Audiencia General mi\u00e9rcoles 11 de febrero"},"content":{"rendered":"<p>(RV).- En su audiencia general, en el momento dedicado a la oraci\u00f3n, el <strong>Papa Francisco hizo un llamamiento ante la nueva tragedia<\/strong>, en la que han muerto al menos 200 inmigrantes, mientras intentaban llegar a la isla italiana de Lampedusa. Lugar, recordamos, donde el Papa Bergoglio realiz\u00f3 su primera visita como Pont\u00edfice, al ser s\u00edmbolo de otros tantos lugares del mundo, que conocen las tragedias de la emigraci\u00f3n. All\u00ed &#8211; \u00a0el 8 de julio de 2013 &#8211; \u00a0rez\u00f3 por los hermanos que han muerto buscando una vida mejor, bendijo la caridad y acogida de los que reciben a los m\u00e1s necesitados, alentando a no caer en la indiferencia ante semejante sufrimiento y rogando la conversi\u00f3n de los corazones de quienes los explotan y esclavizan. \u00c9stas fueron las palabras este 11 de febrero:<\/p>\n<div class=\"distribuidor01\">\n<div class=\"wrap\">\n<section id=\"mainContent\">\n<section id=\"newsInt\">\n<div class=\"txt\">\n<p>\u00ab<strong>Sigo con preocupaci\u00f3n las noticias que llegan de Lampedusa<\/strong>, donde se cuentan otros muertos entre los inmigrados a causa del fr\u00edo a lo largo de la traves\u00eda del Mediterr\u00e1neo. Deseo asegurar mi oraci\u00f3n por las v\u00edctimas y alentar nuevamente a la solidaridad, para que a nadie le falte el necesario socorro\u00bb.<\/p>\n<p>El Obispo de Roma invit\u00f3 asimismo a rezar por el Consistorio del 14 de febrero:<\/p>\n<p>\u00ab<strong>Invito a rezar por el Consistorio, que tendr\u00e1 lugar los pr\u00f3ximos d\u00edas<\/strong>. Que el Esp\u00edritu Santo asista los trabajos del Colegio Cardenalicio e ilumine a los nuevos Cardenales y su servicio a la Iglesia\u00bb.<\/p>\n<p>En el d\u00eda de Nuestra Se\u00f1ora de Lourdes y Jornada Mundial del Enfermo instituida por <strong>San Juan Pablo II<\/strong>, el Papa Francisco dirigi\u00f3 un saludo especial a los j\u00f3venes, a los enfermos y a los reci\u00e9n casados, alentando con el t\u00edtulo de su Mensaje para esta Jornada &#8211; a la \u00abSapientia cordis. \u2018Era yo los ojos del ciego y del cojo los pies\u00bb (Jb 29,15)<\/p>\n<p>\u00abHoy celebramos la memoria de la <strong>Bienaventurada Virgen Mar\u00eda de Lourdes <\/strong>y la XXIII <strong>Jornada Mundial del Enfermo<\/strong>. Queridos j\u00f3venes, disp\u00f3nganse a ser \u2018ojos del ciego y del cojo los pies\u2019. Queridos enfermos si\u00e9ntanse siempre sostenidos por la oraci\u00f3n de la Iglesia. Queridos reci\u00e9n casados, amen la vida que es siempre sagrada, aun cuando est\u00e1 marcada por la fragilidad y la enfermedad\u00bb.<\/p>\n<p><em><strong>Texto completo de la catequesis del Santo Padre<\/strong><\/em><\/p>\n<section id=\"homeCarousel\">\n<div class=\"wrap\">\n<div>\n<div class=\"jcarousel-container jcarousel-container-horizontal\" style=\"position: relative; display: block;\">\n<div class=\"jcarousel-next jcarousel-next-horizontal\" style=\"display: block;\">\n<p><span style=\"line-height: 1.6;\">La familia: los hijos<\/span><\/p>\n<p>Queridos hermanos y hermanas, \u00a1buenos d\u00edas!<\/p>\n<p><span style=\"line-height: 1.6;\">Despu\u00e9s de haber reflexionado sobre las figuras de la madre y del padre, en esta catequesis sobre la familia quisiera hablar del hijo, o mejor dicho, de los hijos. <strong>Me inspiro en una bella imagen de Isa\u00edas.<\/strong> El profeta escribe: \u00abMira a tu alrededor y observa: todos se han reunido y vienen hacia ti; tus hijos llegan desde lejos y tus hijas son llevadas en brazos. Al ver esto, estar\u00e1s radiante, palpitar\u00e1 y se ensanchar\u00e1 tu coraz\u00f3n\u00bb (60,4-5a). Es una espl\u00e9ndida imagen, una imagen de la felicidad que se realiza en el encuentro entre padres e hijos, que caminan juntos hacia un futuro de libertad y paz, despu\u00e9s de mucho tiempo de privaciones y separaciones, como fue, en aquel tiempo, esa historia, cuando estaban lejos de su patria.<\/span><\/p>\n<p><span style=\"line-height: 1.6;\">De hecho, <strong>hay una estrecha relaci\u00f3n entre la esperanza de un pueblo y la armon\u00eda entre generaciones<\/strong>. Esto tenemos que pensarlo bien \u00bfeh? Hay un v\u00ednculo estrecho entre la esperanza de un pueblo y la armon\u00eda entre generaciones. La alegr\u00eda de los hijos hace palpitar el coraz\u00f3n de los padres y vuelve a abrir el futuro. Los hijos son la alegr\u00eda de la familia y de la sociedad. No son un problema de biolog\u00eda reproductiva, ni uno de los muchos modos de realizarse. Y mucho menos son una posesi\u00f3n de los padres&#8230; No, no. Los hijos son un don. Son un regalo: \u00bfentendido? <strong>Los hijos son un don<\/strong>. Cada uno es \u00fanico e irrepetible; y al mismo tiempo, inconfundiblemente ligado a sus ra\u00edces. Ser hijo e hija, de hecho, seg\u00fan el designio de Dios, significa llevar en s\u00ed la memoria y la esperanza de un amor que se ha realizado a s\u00ed mismo encendiendo la vida de otro ser humano, original y nuevo. Y para los padres cada hijo es s\u00ed mismo, es diferente, diverso. Perm\u00edtanme un recuerdo de familia. Recuerdo que mi mam\u00e1 dec\u00eda sobre nosotros, \u00e9ramos cinco: \u201cYo tengo cinco hijos\u201d, \u201c\u00bfcu\u00e1l es tu preferido?\u201d, le pregunt\u00e1bamos. Y ella: \u201cYo tengo cinco hijos, como tengo cinco dedos. Si me golpean \u00e9ste me hace mal; si me golpean \u00e9ste me hace mal. Me hacen mal los cinco, \u00a1todos son m\u00edos! Pero todos diferentes como los dedos de una mano\u201d. \u00a1Y as\u00ed es la familia! La diferencia de los hijos, pero todos hijos.<\/span><\/p>\n<p><span style=\"line-height: 1.6;\">Un hijo se ama porque es hijo: no porque sea bello, o porque sea as\u00ed o as\u00e1, \u00a1no! \u00a1Porque es hijo! No porque piensa como yo, o encarna mis deseos. Un hijo es un hijo: una vida generada por nosotros, pero destinada a \u00e9l, a su bien, para el bien de la familia, de la sociedad, de toda la humanidad.<\/span><\/p>\n<p><span style=\"line-height: 1.6;\">De ah\u00ed viene tambi\u00e9n la profundidad de la experiencia humana del ser hijo e hija, que nos permite descubrir la dimensi\u00f3n m\u00e1s gratuita del amor, que nunca deja de sorprendernos. Es la belleza de ser amados antes: los hijos son amados antes de que lleguen. Cu\u00e1ntas veces encuentro a las mam\u00e1s aqu\u00ed que me hacen ver la panza y me piden la bendici\u00f3n\u2026 porque son amados estos ni\u00f1os antes de venir al mundo. Y \u00e9sta es <strong>gratuidad<\/strong>, esto es amor; son amados antes, como el amor de Dios, que nos ama siempre antes. Son amados antes de haber hecho nada para merecerlo, antes de saber hablar o pensar, \u00a1incluso antes de venir al mundo! Ser hijos es la condici\u00f3n fundamental para conocer el amor de Dios, que es la fuente \u00faltima de este aut\u00e9ntico milagro. <strong>En el alma de cada hijo<\/strong>, por m\u00e1s vulnerable que sea, <strong>Dios pone el sello de este amor<\/strong>, que est\u00e1 en la base de su dignidad personal, una dignidad que nada ni nadie podr\u00e1 destruir.<\/span><\/p>\n<p><span style=\"line-height: 1.6;\">Hoy en d\u00eda parece m\u00e1s dif\u00edcil para los hijos imaginar su futuro. Los padres &#8211; como mencion\u00e9 en las catequesis anteriores &#8211; quiz\u00e1s han dado un paso atr\u00e1s y los hijos se han vuelto m\u00e1s inciertos en el dar pasos hacia adelante. <strong>Podemos aprender la buena relaci\u00f3n entre generaciones de nuestro Padre Celestial<\/strong>, que nos deja libres a cada uno de nosotros, pero nunca nos deja solos. Y si nos equivocamos, \u00c9l contin\u00faa sigui\u00e9ndonos con paciencia sin disminuir su amor por nosotros. El Padre Celestial no da pasos hacia atr\u00e1s en su amor por nosotros, \u00a1jam\u00e1s! Va siempre hacia adelante y si no se puede ir adelante, nos espera, pero nunca va hacia atr\u00e1s; quiere que sus hijos sean valientes y den pasos hacia adelante.<\/span><\/p>\n<p><span style=\"line-height: 1.6;\">Los hijos, por su parte, no deben tener miedo del compromiso de construir un mundo nuevo: \u00a1es justo desear que sea mejor del que han recibido! Pero esto debe hacerse sin arrogancia, sin presunci\u00f3n.<strong> A los hijos hay que saber reconocerles su valor, y a los padres siempre se los debe honrar.<\/strong><\/span><\/p>\n<p><span style=\"line-height: 1.6;\">El cuarto mandamiento pide a los hijos \u2013 \u00a1y todos lo somos! \u2013 honra a tu padre y a tu madre (cf. Ex 20:12). Este mandamiento viene inmediatamente despu\u00e9s de los que tienen que ver con Dios mismo; despu\u00e9s de los tres mandamientos que tienen que ver con Dios mismo, viene el cuarto. De hecho contiene algo de sagrado, algo de divino, algo que est\u00e1 en la ra\u00edz de cualquier otro tipo de respeto entre los hombres. Y en la formulaci\u00f3n b\u00edblica del cuarto mandamiento se a\u00f1ade: <strong>\u00abHonra a tu padre y a tu madre para que tengas una larga vida en la tierra que el Se\u00f1or, tu Dios, te da\u00bb.<\/strong> El v\u00ednculo virtuoso entre generaciones es una garant\u00eda de futuro, y es garant\u00eda de una historia verdaderamente humana. Una sociedad de hijos que no honran a sus padres es una sociedad sin honor; \u00a1cuando no se honran a los padres se pierde el propio honor! Es una sociedad destinada a llenarse de j\u00f3venes \u00e1ridos y \u00e1vidos. Pero tambi\u00e9n una sociedad avara de generaciones, que no ama rodearse de hijos, que los considera sobre todo una preocupaci\u00f3n, un peso, un riesgo, es una sociedad deprimida. Pensemos en tantas sociedades que conocemos aqu\u00ed en Europa: son sociedades deprimidas porque no quieren hijos, no tienen hijos, el nivel de nacimientos no llega al uno por ciento. \u00bfPor qu\u00e9? Que cada uno piense y se responda. Si una familia generosa de hijos se ve como si fuera un peso, \u00a1hay algo mal!<\/span><\/p>\n<p><span style=\"line-height: 1.6;\">La concepci\u00f3n de los hijos debe ser responsable, como ense\u00f1a tambi\u00e9n la Enc\u00edclica <strong><em>Humanae Vitae<\/em> del Beato Papa Pablo VI<\/strong>, pero el tener muchos hijos no puede ser visto autom\u00e1ticamente como una elecci\u00f3n irresponsable. Es m\u00e1s, no tener hijos es una elecci\u00f3n ego\u00edsta. La vida rejuvenece y cobra nuevas fuerzas multiplic\u00e1ndose: \u00a1se enriquece, no se empobrece! Los hijos aprenden a hacerse cargo de su familia, maduran compartiendo sus sacrificios, crecen en la apreciaci\u00f3n de sus dones. La experiencia alegre de la fraternidad anima el respeto y cuidado de los padres, a quienes debemos nuestra gratitud. Muchos de ustedes aqu\u00ed presentes tienen hijos y todos somos hijos. Hagamos una cosa, un minutito, no nos extenderemos mucho. Que cada uno de nosotros piense en su coraz\u00f3n en sus hijos, si los tiene, piense en silencio. Y todos pensemos en nuestros padres y agradezcamos a Dios por el don de la vida. En silencio, quienes tienen hijos piensen en ellos, y todos pensemos en nuestros padres. Que el Se\u00f1or bendiga a nuestros padres y bendiga a sus hijos.<\/span><\/p>\n<p>Que Jes\u00fas, el Hijo eterno, hecho hijo en el tiempo, nos ayude a encontrar el camino de una nueva irradiaci\u00f3n de esta experiencia humana tan simple y tan grande que es ser hijos.<strong> En el multiplicarse de las generaciones hay un misterio de enriquecimiento <\/strong>de la vida de todos, que proviene de Dios mismo. Debemos redescubrirlo, desafiando los prejuicios; y vivirlo, en la fe, en la perfecta alegr\u00eda. Y les digo: \u00a1Qu\u00e9 hermoso es cuando paso entre ustedes y veo a los pap\u00e1s y a las mam\u00e1s que alzan a sus hijos para que sean bendecidos! Es un gesto casi divino. \u00a1Gracias por hacerlo!<\/p>\n<\/div>\n<\/div>\n<\/div>\n<\/div>\n<\/section>\n<div class=\"distribuidor01\"><\/div>\n<p>Fuente: www.news.va<\/p>\n<\/div>\n<\/section>\n<\/section>\n<\/div>\n<\/div>\n<!-- AddThis Advanced Settings generic via filter on the_content --><!-- AddThis Share Buttons generic via filter on the_content -->","protected":false},"excerpt":{"rendered":"<p>(RV).- En su audiencia general, en el momento dedicado a la oraci\u00f3n, el Papa Francisco hizo un llamamiento ante la nueva tragedia, en la que [&hellip;]<!-- AddThis Advanced Settings generic via filter on get_the_excerpt --><!-- AddThis Share Buttons generic via filter on get_the_excerpt --><\/p>\n","protected":false},"author":2,"featured_media":8376,"comment_status":"open","ping_status":"open","sticky":false,"template":"","format":"standard","meta":{"footnotes":""},"categories":[161],"tags":[],"class_list":["post-8375","post","type-post","status-publish","format-standard","has-post-thumbnail","hentry","category-el-papa-leonxiv"],"_links":{"self":[{"href":"https:\/\/obispadodezaratecampana.org\/index.php?rest_route=\/wp\/v2\/posts\/8375","targetHints":{"allow":["GET"]}}],"collection":[{"href":"https:\/\/obispadodezaratecampana.org\/index.php?rest_route=\/wp\/v2\/posts"}],"about":[{"href":"https:\/\/obispadodezaratecampana.org\/index.php?rest_route=\/wp\/v2\/types\/post"}],"author":[{"embeddable":true,"href":"https:\/\/obispadodezaratecampana.org\/index.php?rest_route=\/wp\/v2\/users\/2"}],"replies":[{"embeddable":true,"href":"https:\/\/obispadodezaratecampana.org\/index.php?rest_route=%2Fwp%2Fv2%2Fcomments&post=8375"}],"version-history":[{"count":1,"href":"https:\/\/obispadodezaratecampana.org\/index.php?rest_route=\/wp\/v2\/posts\/8375\/revisions"}],"predecessor-version":[{"id":8377,"href":"https:\/\/obispadodezaratecampana.org\/index.php?rest_route=\/wp\/v2\/posts\/8375\/revisions\/8377"}],"wp:featuredmedia":[{"embeddable":true,"href":"https:\/\/obispadodezaratecampana.org\/index.php?rest_route=\/wp\/v2\/media\/8376"}],"wp:attachment":[{"href":"https:\/\/obispadodezaratecampana.org\/index.php?rest_route=%2Fwp%2Fv2%2Fmedia&parent=8375"}],"wp:term":[{"taxonomy":"category","embeddable":true,"href":"https:\/\/obispadodezaratecampana.org\/index.php?rest_route=%2Fwp%2Fv2%2Fcategories&post=8375"},{"taxonomy":"post_tag","embeddable":true,"href":"https:\/\/obispadodezaratecampana.org\/index.php?rest_route=%2Fwp%2Fv2%2Ftags&post=8375"}],"curies":[{"name":"wp","href":"https:\/\/api.w.org\/{rel}","templated":true}]}}