{"id":8370,"date":"2015-02-06T15:03:51","date_gmt":"2015-02-06T18:03:51","guid":{"rendered":"http:\/\/obispadodezaratecampana.org\/?p=8370"},"modified":"2015-02-06T15:03:51","modified_gmt":"2015-02-06T18:03:51","slug":"los-ninos-tienen-un-tesoro-para-compartir","status":"publish","type":"post","link":"https:\/\/obispadodezaratecampana.org\/?p=8370","title":{"rendered":"&#8220;Los ni\u00f1os tienen un tesoro para compartir &#8220;"},"content":{"rendered":"<p>El papa Francisco particip\u00f3 nuevamente de una videoconferencia al cierre del cuarto congreso de la Red Mundial de Escuelas para el Encuentro \u201cScholas Ocurrentes\u201d, que llevan adelante los argentinos Jos\u00e9 Mar\u00eda del Corral y Enrique Palmeyro, con apoyo del pont\u00edfice. El Santo Padre dialog\u00f3 con j\u00f3venes discapacitados, a quienes invit\u00f3 a reconocer que cada uno tiene un tesoro que deben empe\u00f1arse en descubrir y compartirlo con los dem\u00e1s. \u201cLo que ustedes hacen nos ayuda a comprender que la vida es un lindo tesoro si la damos\u201d, expres\u00f3 el Papa.<\/p>\n<p>La videoconferencia uni\u00f3 a j\u00f3venes de Europa, Am\u00e9rica y Asia. La conductora present\u00f3 a Isabel, Alicia, Elvira y Bautista, de Espa\u00f1a; a Pedro, de Brasil; a Abraham y Taylor, de los Estados Unidos, y a Manush, de la India. Cada joven cont\u00f3 al Santo Padre c\u00f3mo utiliza la tecnolog\u00eda para superar las dificultades de su discapacidad y le transmiti\u00f3 una inquietud al pont\u00edfice. Francisco, siempre sonriente, charl\u00f3 con los chicos y les dej\u00f3 algunos consejos.<\/p>\n<p>Isabel, una chica ciega de Fuenlabrada, Espa\u00f1a, cont\u00f3 al Papa que utiliza un teclado adaptado al braile para comunicarse por internet con sus compa\u00f1eros. Tambi\u00e9n le dijo que le encanta hacer atletismo. Francisco le pidi\u00f3 que diera un mensaje para el auditorio, y la joven pidi\u00f3 que las dem\u00e1s personas con discapacidad no se rindan ante las dificultades. \u201cCon un poco de esfuerzo pueden llegar adonde quieran\u201d, asegur\u00f3.<\/p>\n<p>Luego habl\u00f3 Pedro, un joven de San Pablo al que le falta un brazo. Acompa\u00f1ado de su madre, relat\u00f3 c\u00f3mo una pr\u00f3tesis le permite andar en bicicleta y al mismo tiempo usar la computadora para chatear y navegar en busca de contenidos. Tambi\u00e9n le revel\u00f3 al Papa que es fan\u00e1tico del f\u00fatbol y que le gusta jugar de arquero. Francisco le dijo: \u201cPedro, \u00a1nos est\u00e1s dando una lecci\u00f3n! Lo importante no es ganar, sino estar junto con los amigos\u201d.<\/p>\n<p>Luego fue el turno de Alicia, una adolescente espa\u00f1ola con s\u00edndrome de Down. Le ense\u00f1\u00f3 la c\u00e1mara de filmaci\u00f3n con la que trabaja en un taller de cine. \u201cQuer\u00eda decirte que me gusta mucho usar la claqueta, los sonidos, las luces. Me gusta ver el resultado de las grabaciones que hacemos. A veces me canso\u201d, dijo. El Papa destac\u00f3 lo valioso de pensar antes de actuar.<\/p>\n<p>Enseguida habl\u00f3 Elvira, tambi\u00e9n del mismo taller de cine que Alicia. La ni\u00f1a le pregunt\u00f3 a Francisco si utiliza la computadora, a lo que el Papa respondi\u00f3 entre risas: \u201cYo soy un tronco con la m\u00e1quina. No s\u00e9 manejar el ordenador. \u00bfQu\u00e9 mal, no?\u201d. Elvira tambi\u00e9n le cont\u00f3 que le gusta leer y cantar canciones. \u201c\u00a1Que sigas cantando bien!\u201d, le dijo Francisco antes de despedirse.<\/p>\n<p>La videoconferencia se traslad\u00f3 luego a Nebraska, donde estaban Abraham y Taylor. Uno de los chicos, con retraso mental, le pregunt\u00f3 a Francisco qu\u00e9 hace cuando tiene una dificultad. El pont\u00edfice le recomend\u00f3 no enojarse y no asustarse. \u201cPrimero no enojarse, estar tranquilo. Y buscar la manera de superar esa dificultad, y si no puede superarse, aguantarla hasta que se d\u00e9 la posibilidad de superarla. No hay que asustarse nunca con las dificultades. Somos capaces de superarlas todas. Solamente necesitamos tiempo para comprender, inteligencia para buscar el camino y coraje para andar adelante. \u00a1Nunca asustarse!\u201d, insisti\u00f3 Francisco.<\/p>\n<p>El pen\u00faltimo joven en charlar con el Papa fue un joven hipoac\u00fasico, Manush, de la India. Ayudado por una traductora, cont\u00f3 a Francisco que la tecnolog\u00eda le permiti\u00f3 entender mejor el contenido curricular y buscar m\u00e1s informaci\u00f3n sobre los temas que aprende. Le pregunt\u00f3 al Papa: \u00bfC\u00f3mo cre\u00e9s que Scholas puede ayudarnos?<\/p>\n<p>\u201cCreo que Scholas \u2013respondi\u00f3 el Papa- puede ayudarlos tendiendo puentes, comunic\u00e1ndolos a ustedes. Cuando ustedes se comunican, dan lo mejor que tienen dentro, y reciben de los dem\u00e1s lo mejor que tienen dentro. Eso es muy importante. Cuando no nos comunicamos, nos quedamos con nuestras limitaciones. Lo m\u00e1s importante es el dar y el recibir, y eso nos hace bien. Scholas puede ayudarnos en la comunicaci\u00f3n\u201d.<\/p>\n<p>Bautista, de Espa\u00f1a, le cont\u00f3 al Papa c\u00f3mo usa su tableta y su computadora. Cont\u00f3 que le gusta ver videos sobre las ciencias naturales y hacer colages de fotos. Aunque un poco t\u00edmido, termin\u00f3 regal\u00e1ndole al Papa un coraz\u00f3n hecho con sus manos.<\/p>\n<p>Un mensaje para los ni\u00f1os<br \/>\nFrancisco concluy\u00f3 la videconferencia dejando un mensaje a los j\u00f3venes con los que habl\u00f3. Les dijo que la vida es un gran tesoro que debe compartirse y los anim\u00f3 a tender puentes de di\u00e1logo.<\/p>\n<p>\u201cTodos ustedes tienen un cofre en el que hay un tesoro. El trabajo de ustedes es abrir el cofre, sacar el tesoro y hacerlo crecer y darlo a los dem\u00e1s, y recibir de los dem\u00e1s. Cada uno tiene un tesoro dentro. Si lo guardamos encerrado, queda ah\u00ed. Pero si lo compartimos, el tesoro se multiplica con los tesoros que vienen de los dem\u00e1s\u201d, dijo el Papa.<\/p>\n<p>\u201cLo que les quiero decir es que no escondan el tesoro que cada uno tiene. A veces, se encuentra enseguida. A veces, hay que hacer como en el juego de \u201cla b\u00fasqueda del tesoro\u201d. Pero una vez que lo encuentres, compartilo. Porque recib\u00eds del otro, y se multiplica. Vayan adelante. Lo que ustedes hacen, desde el sitio en que est\u00e1n, nos ayuda tambi\u00e9n a todos nosotros, a comprender que la vida es un lindo tesoro si la damos. Muchas gracias\u201d, concluy\u00f3 Francisco.<\/p>\n<p>La videoconferencia termin\u00f3 con las manos abiertas saludando, haciendo alusi\u00f3n al lema del encuentro: \u201cTu mano por la paz\u201d. Luego, a trav\u00e9s de una comunicaci\u00f3n por internet, Francisco inaugur\u00f3 la sede de Scholas en Mozambique, donde misiona el presb\u00edtero Juan Gabriel Arias, sacerdote diocesano de Buenos Aires.<\/p>\n<p>Al final del acto, muchos empresarios y figuras que firmaron convenios para apoyar la tarea de Scholas se acercaron a saludar al Papa. &#8220;Que esta chispa de Scholas ayude a reactivar el pacto educativo. Porque son los chicos los que ganan. Y decir chicos es decir futuro&#8221;, les dijo Francisco.<\/p>\n<p>Entre los presentes en el Aula Nueva del S\u00ednodo, estaba el embajador argentino ante la Santa Sede, Eduardo Vald\u00e9s.+<\/p>\n<p>Fuente: www.aica.org<\/p>\n<!-- AddThis Advanced Settings generic via filter on the_content --><!-- AddThis Share Buttons generic via filter on the_content -->","protected":false},"excerpt":{"rendered":"<p>El papa Francisco particip\u00f3 nuevamente de una videoconferencia al cierre del cuarto congreso de la Red Mundial de Escuelas para el Encuentro \u201cScholas Ocurrentes\u201d, que [&hellip;]<!-- AddThis Advanced Settings generic via filter on get_the_excerpt --><!-- AddThis Share Buttons generic via filter on get_the_excerpt --><\/p>\n","protected":false},"author":2,"featured_media":8372,"comment_status":"open","ping_status":"open","sticky":false,"template":"","format":"standard","meta":{"footnotes":""},"categories":[161],"tags":[],"class_list":["post-8370","post","type-post","status-publish","format-standard","has-post-thumbnail","hentry","category-el-papa-leonxiv"],"_links":{"self":[{"href":"https:\/\/obispadodezaratecampana.org\/index.php?rest_route=\/wp\/v2\/posts\/8370","targetHints":{"allow":["GET"]}}],"collection":[{"href":"https:\/\/obispadodezaratecampana.org\/index.php?rest_route=\/wp\/v2\/posts"}],"about":[{"href":"https:\/\/obispadodezaratecampana.org\/index.php?rest_route=\/wp\/v2\/types\/post"}],"author":[{"embeddable":true,"href":"https:\/\/obispadodezaratecampana.org\/index.php?rest_route=\/wp\/v2\/users\/2"}],"replies":[{"embeddable":true,"href":"https:\/\/obispadodezaratecampana.org\/index.php?rest_route=%2Fwp%2Fv2%2Fcomments&post=8370"}],"version-history":[{"count":1,"href":"https:\/\/obispadodezaratecampana.org\/index.php?rest_route=\/wp\/v2\/posts\/8370\/revisions"}],"predecessor-version":[{"id":8373,"href":"https:\/\/obispadodezaratecampana.org\/index.php?rest_route=\/wp\/v2\/posts\/8370\/revisions\/8373"}],"wp:featuredmedia":[{"embeddable":true,"href":"https:\/\/obispadodezaratecampana.org\/index.php?rest_route=\/wp\/v2\/media\/8372"}],"wp:attachment":[{"href":"https:\/\/obispadodezaratecampana.org\/index.php?rest_route=%2Fwp%2Fv2%2Fmedia&parent=8370"}],"wp:term":[{"taxonomy":"category","embeddable":true,"href":"https:\/\/obispadodezaratecampana.org\/index.php?rest_route=%2Fwp%2Fv2%2Fcategories&post=8370"},{"taxonomy":"post_tag","embeddable":true,"href":"https:\/\/obispadodezaratecampana.org\/index.php?rest_route=%2Fwp%2Fv2%2Ftags&post=8370"}],"curies":[{"name":"wp","href":"https:\/\/api.w.org\/{rel}","templated":true}]}}