{"id":8349,"date":"2015-02-06T13:49:51","date_gmt":"2015-02-06T16:49:51","guid":{"rendered":"http:\/\/obispadodezaratecampana.org\/?p=8349"},"modified":"2015-02-06T13:49:51","modified_gmt":"2015-02-06T16:49:51","slug":"nuevo-destino-pastoral-para-mons-herrera","status":"publish","type":"post","link":"https:\/\/obispadodezaratecampana.org\/?p=8349","title":{"rendered":"Nuevo destino Pastoral para Mons. Herrera"},"content":{"rendered":"<p>Querida comunidad \u00a0les compartimos este evento de facebook donde Monse\u00f1or Santiago Herrera invita a la misa que dar\u00e1 comienzo formal a su servicio como cura p\u00e1rroco de la parroquia\u00a0<span style=\"color: #141823;\">\u201cNuestra Se\u00f1ora de Luj\u00e1n y Santa Teresita del Ni\u00f1o Jes\u00fas\u201d en la localidad de Bel\u00e9n de Escobar &#8211; domingo 8 de febrero a las 10:30 hs-\u00a0<\/span><\/p>\n<p><a title=\"escobar\" href=\"https:\/\/www.facebook.com\/events\/1539412026314379\/?sid_reminder=7039563879042514944\" target=\"_blank\">https:\/\/www.facebook.com\/events\/1539412026314379\/?sid_reminder=7039563879042514944<\/a><\/p>\n<p>Publicaci\u00f3n del padre Santiago aparecida en su perfil de facebook al respecto de este evento:<\/p>\n<p><em>Estimados en Cristo<\/em><\/p>\n<p><em>Hace unos D\u00edas algunos de ustedes recibieron la noticia de la creaci\u00f3n de la parroquia (jurisdicci\u00f3n parroquial) de \u201cNuestra Se\u00f1ora de Luj\u00e1n y Santa Teresita del Ni\u00f1o Jes\u00fas\u201d en la localidad de Bel\u00e9n de Escobar, y de mi designaci\u00f3n como P\u00e1rroco de la misma.<\/em><\/p>\n<p><em>Hago extensiva la invitaci\u00f3n del Obispado a todos los que ya la recibieron y a otros m\u00e1s.<\/em><\/p>\n<p><em>El inicio del ministerio ser\u00e1 en \u201cIglesia de Nuestra Se\u00f1ora de Luj\u00e1n\u201d de la citada jurisdicci\u00f3n parroquial, el pr\u00f3ximo DOMINGO 8 DE FEBRERO A LAS 10.30.<\/em><\/p>\n<p><em>La misma se encuentra en<\/em><\/p>\n<p><em>Luis Gonz\u00e1lez 899<\/em><\/p>\n<p><em>Barrio Las Lomas<\/em><\/p>\n<p><em>Escobar<\/em><\/p>\n<p><em>Se llega por la continuaci\u00f3n de la Avenida Eugenia Tapia de Cruz que es la Avenida San Martin, hasta llegar a la calle Luis Gonz\u00e1lez d\u00f3nde se gira a la izquierda y a las 3 cuadras se encuentra la Iglesia de Luj\u00e1n.<\/em><\/p>\n<p><em>Desde ya muchas gracias, cuento con sus oraciones<\/em><\/p>\n<p><em>Santiago Herrera<\/em><\/p>\n<!-- AddThis Advanced Settings generic via filter on the_content --><!-- AddThis Share Buttons generic via filter on the_content -->","protected":false},"excerpt":{"rendered":"<p>Querida comunidad \u00a0les compartimos este evento de facebook donde Monse\u00f1or Santiago Herrera invita a la misa que dar\u00e1 comienzo formal a su servicio como cura [&hellip;]<!-- AddThis Advanced Settings generic via filter on get_the_excerpt --><!-- AddThis Share Buttons generic via filter on get_the_excerpt --><\/p>\n","protected":false},"author":2,"featured_media":8350,"comment_status":"open","ping_status":"open","sticky":false,"template":"","format":"standard","meta":{"footnotes":""},"categories":[3],"tags":[],"class_list":["post-8349","post","type-post","status-publish","format-standard","has-post-thumbnail","hentry","category-noticiasparroquiales"],"_links":{"self":[{"href":"https:\/\/obispadodezaratecampana.org\/index.php?rest_route=\/wp\/v2\/posts\/8349","targetHints":{"allow":["GET"]}}],"collection":[{"href":"https:\/\/obispadodezaratecampana.org\/index.php?rest_route=\/wp\/v2\/posts"}],"about":[{"href":"https:\/\/obispadodezaratecampana.org\/index.php?rest_route=\/wp\/v2\/types\/post"}],"author":[{"embeddable":true,"href":"https:\/\/obispadodezaratecampana.org\/index.php?rest_route=\/wp\/v2\/users\/2"}],"replies":[{"embeddable":true,"href":"https:\/\/obispadodezaratecampana.org\/index.php?rest_route=%2Fwp%2Fv2%2Fcomments&post=8349"}],"version-history":[{"count":1,"href":"https:\/\/obispadodezaratecampana.org\/index.php?rest_route=\/wp\/v2\/posts\/8349\/revisions"}],"predecessor-version":[{"id":8351,"href":"https:\/\/obispadodezaratecampana.org\/index.php?rest_route=\/wp\/v2\/posts\/8349\/revisions\/8351"}],"wp:featuredmedia":[{"embeddable":true,"href":"https:\/\/obispadodezaratecampana.org\/index.php?rest_route=\/wp\/v2\/media\/8350"}],"wp:attachment":[{"href":"https:\/\/obispadodezaratecampana.org\/index.php?rest_route=%2Fwp%2Fv2%2Fmedia&parent=8349"}],"wp:term":[{"taxonomy":"category","embeddable":true,"href":"https:\/\/obispadodezaratecampana.org\/index.php?rest_route=%2Fwp%2Fv2%2Fcategories&post=8349"},{"taxonomy":"post_tag","embeddable":true,"href":"https:\/\/obispadodezaratecampana.org\/index.php?rest_route=%2Fwp%2Fv2%2Ftags&post=8349"}],"curies":[{"name":"wp","href":"https:\/\/api.w.org\/{rel}","templated":true}]}}