{"id":8345,"date":"2015-02-04T14:38:47","date_gmt":"2015-02-04T17:38:47","guid":{"rendered":"http:\/\/obispadodezaratecampana.org\/?p=8345"},"modified":"2015-02-04T14:38:47","modified_gmt":"2015-02-04T17:38:47","slug":"un-buen-padre-es-mediador-y-custodio-de-la-fe","status":"publish","type":"post","link":"https:\/\/obispadodezaratecampana.org\/?p=8345","title":{"rendered":"&#8220;Un buen padre es mediador y custodio de la fe&#8221;"},"content":{"rendered":"<p>En su catequesis de la audiencia general, celebrada el primer mi\u00e9rcoles de febrero en el Aula Pablo VI del Vaticano, el Papa Francisco prosigui\u00f3 sus reflexiones sobre la figura del padre, deteni\u00e9ndose en su aspecto positivo y decisivo.<\/p>\n<p>El Obispo de Roma record\u00f3 que toda familia necesita un padre; un padre que no se vanaglorie de que el hijo sea como \u00e9l, sino que se alegre de que aprenda la rectitud y la sensatez, que es lo que cuenta en la vida; lo que constituir\u00e1 \u2013 dijo \u2013 la mejor herencia que podr\u00e1 transmitir al hijo.<\/p>\n<p>De hecho el Papa destac\u00f3 que un padre trata de ense\u00f1ar lo que el hijo a\u00fan no sabe, corregir los errores que a\u00fan no ve, orientar su coraz\u00f3n, protegerlo en el des\u00e1nimo y la dificultad. Y todo esto \u2013 dijo Francisco \u2013 con cercan\u00eda, dulzura y una firmeza que no humilla.<\/p>\n<p>El Pont\u00edfice tambi\u00e9n afirm\u00f3 que para ser buen padre, ante todo hay que estar presente en la familia, compartiendo los gozos y las penas y acompa\u00f1ando a los hijos a medida que van creciendo.<\/p>\n<p>Por eso record\u00f3 que la par\u00e1bola evang\u00e9lica del hijo pr\u00f3digo nos muestra al padre que espera en la puerta de casa el regreso del hijo. Sabiendo esperar y perdonar. De ah\u00ed que hoy los hijos, al volver a casa con sus fracasos, necesiten a un padre que los espere, los proteja, los anime y les ense\u00f1e c\u00f3mo seguir por el buen camino, aunque muchas veces no lo admitan.<\/p>\n<p>Al saludar a los fieles y peregrinos procedentes de Am\u00e9rica Latina y de Espa\u00f1a, el Papa Bergoglio invit\u00f3 a pedir al Se\u00f1or que nunca falte en las familias la presencia de un buen padre, que sea mediador y custodio de la fe en la bondad, la justicia y la protecci\u00f3n de Dios, como san Jos\u00e9.<\/p>\n<p>Fuente: www.news.va<\/p>\n<!-- AddThis Advanced Settings generic via filter on the_content --><!-- AddThis Share Buttons generic via filter on the_content -->","protected":false},"excerpt":{"rendered":"<p>En su catequesis de la audiencia general, celebrada el primer mi\u00e9rcoles de febrero en el Aula Pablo VI del Vaticano, el Papa Francisco prosigui\u00f3 sus [&hellip;]<!-- AddThis Advanced Settings generic via filter on get_the_excerpt --><!-- AddThis Share Buttons generic via filter on get_the_excerpt --><\/p>\n","protected":false},"author":2,"featured_media":8346,"comment_status":"open","ping_status":"open","sticky":false,"template":"","format":"standard","meta":{"footnotes":""},"categories":[161],"tags":[],"class_list":["post-8345","post","type-post","status-publish","format-standard","has-post-thumbnail","hentry","category-el-papa-leonxiv"],"_links":{"self":[{"href":"https:\/\/obispadodezaratecampana.org\/index.php?rest_route=\/wp\/v2\/posts\/8345","targetHints":{"allow":["GET"]}}],"collection":[{"href":"https:\/\/obispadodezaratecampana.org\/index.php?rest_route=\/wp\/v2\/posts"}],"about":[{"href":"https:\/\/obispadodezaratecampana.org\/index.php?rest_route=\/wp\/v2\/types\/post"}],"author":[{"embeddable":true,"href":"https:\/\/obispadodezaratecampana.org\/index.php?rest_route=\/wp\/v2\/users\/2"}],"replies":[{"embeddable":true,"href":"https:\/\/obispadodezaratecampana.org\/index.php?rest_route=%2Fwp%2Fv2%2Fcomments&post=8345"}],"version-history":[{"count":1,"href":"https:\/\/obispadodezaratecampana.org\/index.php?rest_route=\/wp\/v2\/posts\/8345\/revisions"}],"predecessor-version":[{"id":8347,"href":"https:\/\/obispadodezaratecampana.org\/index.php?rest_route=\/wp\/v2\/posts\/8345\/revisions\/8347"}],"wp:featuredmedia":[{"embeddable":true,"href":"https:\/\/obispadodezaratecampana.org\/index.php?rest_route=\/wp\/v2\/media\/8346"}],"wp:attachment":[{"href":"https:\/\/obispadodezaratecampana.org\/index.php?rest_route=%2Fwp%2Fv2%2Fmedia&parent=8345"}],"wp:term":[{"taxonomy":"category","embeddable":true,"href":"https:\/\/obispadodezaratecampana.org\/index.php?rest_route=%2Fwp%2Fv2%2Fcategories&post=8345"},{"taxonomy":"post_tag","embeddable":true,"href":"https:\/\/obispadodezaratecampana.org\/index.php?rest_route=%2Fwp%2Fv2%2Ftags&post=8345"}],"curies":[{"name":"wp","href":"https:\/\/api.w.org\/{rel}","templated":true}]}}