{"id":8300,"date":"2015-01-20T09:27:34","date_gmt":"2015-01-20T12:27:34","guid":{"rendered":"http:\/\/obispadodezaratecampana.org\/?p=8300"},"modified":"2015-01-20T09:27:34","modified_gmt":"2015-01-20T12:27:34","slug":"mons-sarlinga-el-nos-amo-primero","status":"publish","type":"post","link":"https:\/\/obispadodezaratecampana.org\/?p=8300","title":{"rendered":"Mons. Sarlinga: &#8221; El nos amo primero&#8221;"},"content":{"rendered":"<p>Publicaci\u00f3n de nuestro Obispo el 19 de enero en su perfil de facebook:<\/p>\n<p><a title=\"jesus\" href=\"https:\/\/www.facebook.com\/monsoscardsarlinga?ref=hl\" target=\"_blank\">https:\/\/www.facebook.com\/monsoscardsarlinga?ref=hl<\/a><\/p>\n<p><em><span style=\"color: #141823;\">&#8220;\u00c9l nos am\u00f3 primero, y despu\u00e9s de haber amado a \u201clos suyos\u201d que estaban en el mundo, a los que \u201cam\u00f3 hasta el fin\u201d (Cf Jn 13,1),el \u00e1pice sacrificial despunt\u00f3 visiblemente \u201cen el d\u00eda que hizo el Se\u00f1or\u201d (Cf Sal 117 [118], 24), cuando cobr\u00f3 ple<\/span><span class=\"text_exposed_show\" style=\"color: #141823;\">no sentido la prefigura del paso de Israel por el Mar Rojo y el signo de las aguas embravecidas que se tragaron a las fuerzas del Fara\u00f3n, lo cual representaba la opresi\u00f3n del pecado y la invadente tristeza causada por la obstinada maldad y el miedo infligido. El miedo, en cuanto a \u00e9l, rod\u00f3 fuera de modo definitivo con la piedra que cubr\u00eda el sepulcro (Cf Mc 16, 3-8). As\u00ed \u201csurgi\u00f3\u201d, \u201cpas\u00f3\u201d triunfante el Se\u00f1or, vencedor de la muerte y del pecado&#8221;. +Oscar.<\/span><\/em><\/p>\n<!-- AddThis Advanced Settings generic via filter on the_content --><!-- AddThis Share Buttons generic via filter on the_content -->","protected":false},"excerpt":{"rendered":"<p>Publicaci\u00f3n de nuestro Obispo el 19 de enero en su perfil de facebook: https:\/\/www.facebook.com\/monsoscardsarlinga?ref=hl &#8220;\u00c9l nos am\u00f3 primero, y despu\u00e9s de haber amado a \u201clos [&hellip;]<!-- AddThis Advanced Settings generic via filter on get_the_excerpt --><!-- AddThis Share Buttons generic via filter on get_the_excerpt --><\/p>\n","protected":false},"author":2,"featured_media":8301,"comment_status":"open","ping_status":"open","sticky":false,"template":"","format":"standard","meta":{"footnotes":""},"categories":[1],"tags":[],"class_list":["post-8300","post","type-post","status-publish","format-standard","has-post-thumbnail","hentry","category-noticiasdiocesanas"],"_links":{"self":[{"href":"https:\/\/obispadodezaratecampana.org\/index.php?rest_route=\/wp\/v2\/posts\/8300","targetHints":{"allow":["GET"]}}],"collection":[{"href":"https:\/\/obispadodezaratecampana.org\/index.php?rest_route=\/wp\/v2\/posts"}],"about":[{"href":"https:\/\/obispadodezaratecampana.org\/index.php?rest_route=\/wp\/v2\/types\/post"}],"author":[{"embeddable":true,"href":"https:\/\/obispadodezaratecampana.org\/index.php?rest_route=\/wp\/v2\/users\/2"}],"replies":[{"embeddable":true,"href":"https:\/\/obispadodezaratecampana.org\/index.php?rest_route=%2Fwp%2Fv2%2Fcomments&post=8300"}],"version-history":[{"count":1,"href":"https:\/\/obispadodezaratecampana.org\/index.php?rest_route=\/wp\/v2\/posts\/8300\/revisions"}],"predecessor-version":[{"id":8302,"href":"https:\/\/obispadodezaratecampana.org\/index.php?rest_route=\/wp\/v2\/posts\/8300\/revisions\/8302"}],"wp:featuredmedia":[{"embeddable":true,"href":"https:\/\/obispadodezaratecampana.org\/index.php?rest_route=\/wp\/v2\/media\/8301"}],"wp:attachment":[{"href":"https:\/\/obispadodezaratecampana.org\/index.php?rest_route=%2Fwp%2Fv2%2Fmedia&parent=8300"}],"wp:term":[{"taxonomy":"category","embeddable":true,"href":"https:\/\/obispadodezaratecampana.org\/index.php?rest_route=%2Fwp%2Fv2%2Fcategories&post=8300"},{"taxonomy":"post_tag","embeddable":true,"href":"https:\/\/obispadodezaratecampana.org\/index.php?rest_route=%2Fwp%2Fv2%2Ftags&post=8300"}],"curies":[{"name":"wp","href":"https:\/\/api.w.org\/{rel}","templated":true}]}}