{"id":8296,"date":"2015-01-20T09:03:28","date_gmt":"2015-01-20T12:03:28","guid":{"rendered":"http:\/\/obispadodezaratecampana.org\/?p=8296"},"modified":"2015-01-20T09:22:38","modified_gmt":"2015-01-20T12:22:38","slug":"el-papa-agradecio-a-maria-los-frutos-de-su-viaje-por-asia","status":"publish","type":"post","link":"https:\/\/obispadodezaratecampana.org\/?p=8296","title":{"rendered":"El Papa agradeci\u00f3 a Maria los frutos de su viaje por Asia"},"content":{"rendered":"<p><em>El papa Francisco lleg\u00f3 a Roma procedente de Manila, Filipinas, en la tarde del lunes 19 de enero y lo primero que hizo al abandonar el aeropuerto de Ciampino fue agradecer a la Virgen y pedir por los frutos de su reciente viaje apost\u00f3lico. Lo hizo con una oraci\u00f3n y una ofrenda floral en la bas\u00edlica de Santa Mar\u00eda la Mayor, de la capital italiana.<\/em><\/p>\n<p>Francisco agradeci\u00f3 a Mar\u00eda los frutos de su viaje apost\u00f3licoprimero que hizo al abandonar el aeropuerto de Ciampino fue agradecer a la Virgen y pedir por los frutos de su reciente viaje apost\u00f3lico. Lo hizo con una oraci\u00f3n y una ofrenda floral en la bas\u00edlica de Santa Mar\u00eda la Mayor, de la capital italiana.<\/p>\n<p>Francisco realiz\u00f3 una visita privada y rez\u00f3 por unos minutos frente al cuadro de la Virgen Mar\u00eda Salus populi romani (Salvaci\u00f3n del pueblo romano) por la protecci\u00f3n concedida y por los frutos de este viaje apost\u00f3lico. Lleg\u00f3 a la iglesia del centro romano a bordo del ya conocido Ford Focus azul y algunos agentes de seguridad. Durante su estad\u00eda, lo acompa\u00f1\u00f3 el cardenal Santos Abril y Castel\u00f3, arcipreste de la bas\u00edlica romana.<\/p>\n<p>A pesar de los intensos d\u00edas vividos en Sri Lanka y Filipinas, el Santo Padre llega con una agenda repleta de actividades. Luego de reposar durante el martes 20, se espera que brinde su tradicional catequesis el mi\u00e9rcoles 21, en la que har\u00e1 un resumen de las experiencias que transcurrieron durante los \u00faltimos d\u00edas. El domingo 25, en tanto, presidir\u00e1 una oraci\u00f3n ecum\u00e9nica en la bas\u00edlica de San Pablo Extramuros, como cierre de la Semana de Oraci\u00f3n por la Unidad de los Cristianos.<\/p>\n<p>En febrero, el Papa mantendr\u00e1 una nueva reuni\u00f3n con el consejo de nueve cardenales que estudian y aconsejan sobre la reforma de la Curia Romana. Luego vendr\u00e1 el consistorio a mediados de febrero, en el que crear\u00e1 nuevos cardenales y reflexionar\u00e1 sobre la orientaci\u00f3n y las propuestas de reforma de la Curia.<\/p>\n<p>Con este viaje, Francisco refuerza la tarea de evangelizaci\u00f3n de Asia. El pont\u00edfice visit\u00f3 Corea del Sur del 14 al 18 de agosto del a\u00f1o de 2014 y ahora, del 12 al 19 de enero, a Sri Lanka y Filipinas. En su \u00faltimo mensaje al pueblo filipino, exhort\u00f3 a los cat\u00f3licos de ese pa\u00eds a responder a la vocaci\u00f3n de evangelizar el continente.+<\/p>\n<p>Fuente: www.aica.org<\/p>\n<!-- AddThis Advanced Settings generic via filter on the_content --><!-- AddThis Share Buttons generic via filter on the_content -->","protected":false},"excerpt":{"rendered":"<p>El papa Francisco lleg\u00f3 a Roma procedente de Manila, Filipinas, en la tarde del lunes 19 de enero y lo primero que hizo al abandonar [&hellip;]<!-- AddThis Advanced Settings generic via filter on get_the_excerpt --><!-- AddThis Share Buttons generic via filter on get_the_excerpt --><\/p>\n","protected":false},"author":2,"featured_media":8299,"comment_status":"open","ping_status":"open","sticky":false,"template":"","format":"standard","meta":{"footnotes":""},"categories":[161],"tags":[],"class_list":["post-8296","post","type-post","status-publish","format-standard","has-post-thumbnail","hentry","category-el-papa-leonxiv"],"_links":{"self":[{"href":"https:\/\/obispadodezaratecampana.org\/index.php?rest_route=\/wp\/v2\/posts\/8296","targetHints":{"allow":["GET"]}}],"collection":[{"href":"https:\/\/obispadodezaratecampana.org\/index.php?rest_route=\/wp\/v2\/posts"}],"about":[{"href":"https:\/\/obispadodezaratecampana.org\/index.php?rest_route=\/wp\/v2\/types\/post"}],"author":[{"embeddable":true,"href":"https:\/\/obispadodezaratecampana.org\/index.php?rest_route=\/wp\/v2\/users\/2"}],"replies":[{"embeddable":true,"href":"https:\/\/obispadodezaratecampana.org\/index.php?rest_route=%2Fwp%2Fv2%2Fcomments&post=8296"}],"version-history":[{"count":1,"href":"https:\/\/obispadodezaratecampana.org\/index.php?rest_route=\/wp\/v2\/posts\/8296\/revisions"}],"predecessor-version":[{"id":8297,"href":"https:\/\/obispadodezaratecampana.org\/index.php?rest_route=\/wp\/v2\/posts\/8296\/revisions\/8297"}],"wp:featuredmedia":[{"embeddable":true,"href":"https:\/\/obispadodezaratecampana.org\/index.php?rest_route=\/wp\/v2\/media\/8299"}],"wp:attachment":[{"href":"https:\/\/obispadodezaratecampana.org\/index.php?rest_route=%2Fwp%2Fv2%2Fmedia&parent=8296"}],"wp:term":[{"taxonomy":"category","embeddable":true,"href":"https:\/\/obispadodezaratecampana.org\/index.php?rest_route=%2Fwp%2Fv2%2Fcategories&post=8296"},{"taxonomy":"post_tag","embeddable":true,"href":"https:\/\/obispadodezaratecampana.org\/index.php?rest_route=%2Fwp%2Fv2%2Ftags&post=8296"}],"curies":[{"name":"wp","href":"https:\/\/api.w.org\/{rel}","templated":true}]}}