{"id":8294,"date":"2015-01-20T08:57:46","date_gmt":"2015-01-20T11:57:46","guid":{"rendered":"http:\/\/obispadodezaratecampana.org\/?p=8294"},"modified":"2015-01-20T09:17:46","modified_gmt":"2015-01-20T12:17:46","slug":"francisco-a-los-jovenes-de-filipinas-sed-integros-y-honestos-no-tengais-miedo-a-amar","status":"publish","type":"post","link":"https:\/\/obispadodezaratecampana.org\/?p=8294","title":{"rendered":"Francisco a los j\u00f3venes de Filipinas: Sed \u00edntegros y honestos, no teng\u00e1is miedo a amar"},"content":{"rendered":"<p>Ciudad del Vaticano, 18 enero 2015 (VIS).-Seis kil\u00f3metros recorri\u00f3 el Papa esta ma\u00f1ana en coche para llegar a la Pontificia y Real Universidad Santo Tom\u00e1s donde encontr\u00f3 a los l\u00edderes de las principales confesiones religiosas del pa\u00eds. La Universidad Santo Tom\u00e1s, dirigida por los padres Dominicos, es el Ateneo m\u00e1s grande y antiguo de Asia. En \u00e9l estudian unos cuarenta mil universitarios. Recientemente ha celebrado su 400 aniversario de fundaci\u00f3n y goza del patrocinio de la Corona espa\u00f1ola desde 1680.<br \/>\nAl llegar, el Papa fue recibido por el canciller y el rector de la Universidad y salud\u00f3 a los l\u00edderes religiosos. Poco despu\u00e9s, se subi\u00f3 al papam\u00f3vil y recorri\u00f3 los alrededores del Campus para saludar a los diez mil estudiantes que le esperaban. Desde all\u00ed se desplaz\u00f3 al campo deportivo, que tiene una capacidad para treinta mil personas, y encontr\u00f3 a una multitud de j\u00f3venes a los que dirigi\u00f3 unas palabras espontaneas en espa\u00f1ol respondiendo a varias preguntas que le hicieron sobre \u00bfpor qu\u00e9 sufren los ni\u00f1os?, \u00bfc\u00f3mo se vive el verdadero amor? y \u00bfc\u00f3mo contribuir profesionalmente a la compasi\u00f3n y a la misericordia sin caer en el materialismo?.<br \/>\nAntes, Francisco dedic\u00f3 unos minutos para compartir con los presentes la triste noticia, sucedida ayer en Tacloban, del fallecimiento de la joven voluntaria Cristal. &#8221;Ten\u00eda 27 a\u00f1os, -dijo- era joven como vosotros y trabajaba para una asociaci\u00f3n&#8230; Quisiera que todos nosotros juntos recemos en silencio un minuto y despu\u00e9s invoquemos a nuestra Madre del cielo\u2026 oremos tambi\u00e9n por sus padres&#8221;.<br \/>\nSeguidamente, publicamos el texto inicial.<br \/>\n&#8221;Queridos j\u00f3venes amigos:<br \/>\nMe alegro de estar con vosotros esta ma\u00f1ana. Mi saludo afectuoso a cada uno, y mi agradecimiento a todos los que han hecho posible este encuentro. En mi visita a Filipinas, he querido reunirme especialmente con vosotros los j\u00f3venes, para escucharos y hablar con vosotros. Quiero transmitiros el amor y las esperanzas que la Iglesia tiene puestas en vosotros. Y quiero animaros, como cristianos ciudadanos de este pa\u00eds, a que os entregu\u00e9is con pasi\u00f3n y sinceridad a la gran tarea de la renovaci\u00f3n de vuestra sociedad y ayud\u00e9is a construir un mundo mejor.<br \/>\nDoy las gracias de modo especial a los j\u00f3venes que me han dirigido las palabras de bienvenida. Hablando en nombre de todos, han expresado con claridad vuestras inquietudes y preocupaciones, vuestra fe y vuestras esperanzas. Han hablado de las dificultades y las expectativas de los j\u00f3venes. Aunque no puedo responder detalladamente a cada una de estas cuestiones, s\u00e9 que, junto con vuestros pastores, las considerar\u00e9is atentamente y har\u00e9is propuestas concretas de acci\u00f3n para vuestras vidas.<br \/>\nMe gustar\u00eda sugerir tres \u00e1reas clave en las que pod\u00e9is hacer una importante contribuci\u00f3n a la vida de vuestro pa\u00eds. En primer lugar, el desaf\u00edo de la integridad. La palabra &#8221;desaf\u00edo&#8221; puede entenderse de dos maneras. En primer lugar, puede entenderse negativamente, como la tentaci\u00f3n de actuar en contra de vuestras convicciones morales, de lo que sab\u00e9is que es verdad, bueno y justo. Nuestra integridad puede ser amenazada por intereses ego\u00edstas, la codicia, la falta de honradez, o el deseo de utilizar a los dem\u00e1s.<br \/>\nLa palabra &#8221;desaf\u00edo&#8221; puede entenderse tambi\u00e9n en un sentido positivo. Se puede ver como una invitaci\u00f3n a ser valientes, una llamada a dar testimonio prof\u00e9tico de aquello en lo que crees y consideras sagrado. En este sentido, el reto de la integridad es algo a lo que ten\u00e9is que enfrentaros ahora, en este momento de vuestras vidas. No es algo que pod\u00e1is diferir para cuando se\u00e1is mayores y teng\u00e1is m\u00e1s responsabilidades. Tambi\u00e9n ahora ten\u00e9is el desaf\u00edo de actuar con honestidad y equidad en vuestro trato con los dem\u00e1s, sean j\u00f3venes o ancianos. \u00a1No huy\u00e1is de este desaf\u00edo! Uno de los mayores desaf\u00edos a los que se enfrentan los j\u00f3venes es el de aprender a amar. Amar significa asumir un riesgo: el riesgo del rechazo, el riesgo de que se aprovechen de ti, o peor a\u00fan, de aprovecharse del otro. \u00a1No teng\u00e1is miedo de amar! Pero tambi\u00e9n en el amor mantened vuestra integridad. Tambi\u00e9n en esto sed honestos y justos.<br \/>\nEn la lectura que acabamos de escuchar, Pablo dice a Timoteo: &#8221;Que nadie te menosprecie por tu juventud; s\u00e9, en cambio, un modelo para los creyentes en la palabra, la conducta, el amor, la fe y la pureza&#8221;. Est\u00e1is, pues, llamados a dar un buen ejemplo, un ejemplo de integridad. Naturalmente, al actuar as\u00ed sufrir\u00e9is la oposici\u00f3n, el rechazo, el desaliento, y hasta el rid\u00edculo. Pero vosotros hab\u00e9is recibido un don que os permite estar por encima de esas dificultades. Es el don del Esp\u00edritu Santo. Si aliment\u00e1is este don con la oraci\u00f3n diaria y sac\u00e1is fuerzas de vuestra participaci\u00f3n en la Eucarist\u00eda, ser\u00e9is capaces de alcanzar la grandeza moral a la que Jes\u00fas os llama. Tambi\u00e9n ser\u00e9is un punto de referencia para aquellos amigos vuestros que est\u00e1n luchando. Pienso especialmente en los j\u00f3venes que se sienten tentados de perder la esperanza, de renunciar a sus altos ideales, de abandonar los estudios o de vivir al d\u00eda en las calles.<br \/>\nPor lo tanto, es esencial que no perd\u00e1is vuestra integridad. No pong\u00e1is en riesgo vuestros ideales. No ced\u00e1is a las tentaciones contra la bondad, la santidad, el valor y la pureza. Aceptad el reto. Con Cristo ser\u00e9is, de hecho ya los sois, los art\u00edfices de una nueva y m\u00e1s justa cultura filipina.<br \/>\nUna segunda \u00e1rea clave en la que est\u00e1is llamados a contribuir es la preocupaci\u00f3n por el medio ambiente. Y esto no s\u00f3lo porque vuestro pa\u00eds est\u00e9 probablemente m\u00e1s afectado que otros por el cambio clim\u00e1tico. Est\u00e1is llamados a cuidar de la creaci\u00f3n, en cuanto ciudadanos responsables, pero tambi\u00e9n como seguidores de Cristo. El respeto por el medio ambiente es algo m\u00e1s que el simple uso de productos no contaminantes o el reciclaje de los usados. \u00c9stos son aspectos importantes, pero no es suficiente. Tenemos que ver con los ojos de la fe la belleza del plan de salvaci\u00f3n de Dios, el v\u00ednculo entre el medio natural y la dignidad de la persona humana. Hombres y mujeres est\u00e1n hechos a imagen y semejanza de Dios, y han recibido el dominio sobre la creaci\u00f3n. Como administradores de la creaci\u00f3n de Dios, estamos llamados a hacer de la tierra un hermoso jard\u00edn para la familia humana. Cuando destruimos nuestros bosques, devastamos nuestro suelo y contaminamos nuestros mares, traicionamos esa noble vocaci\u00f3n.<br \/>\nHace tres meses, vuestros obispos abordaron estas cuestiones en una Carta pastoral prof\u00e9tica. Pidieron a todos que pensaran en la dimensi\u00f3n moral de nuestras actividades y estilo de vida, nuestro consumo y nuestro uso de los recursos del planeta. Os pido que lo apliqu\u00e9is al contexto de vuestras propias vidas y vuestro compromiso con la construcci\u00f3n del reino de Cristo. Queridos j\u00f3venes, el justo uso y gesti\u00f3n de los recursos de la tierra es una tarea urgente, y vosotros ten\u00e9is mucho que aportar. Vosotros sois el futuro de Filipinas. Interesaos por lo que le sucede a vuestra hermosa tierra.<br \/>\nUna \u00faltima \u00e1rea en la que pod\u00e9is contribuir es muy querida por todos nosotros: la ayuda a los pobres. Somos cristianos. Somos miembros de la familia de Dios. No importa lo mucho o lo poco que tengamos individualmente, cada uno de nosotros est\u00e1 llamado a acercarse y servir a nuestros hermanos y hermanas necesitados. Siempre hay alguien cerca de nosotros que tiene necesidades, ya sea materiales, emocionales o espirituales. El mayor regalo que le podemos dar es nuestra amistad, nuestro inter\u00e9s, nuestra ternura, nuestro amor por Jes\u00fas. Quien lo recibe lo tiene todo; quien lo da hace el mejor regalo.<br \/>\nMuchos de vosotros sab\u00e9is lo que es ser pobres. Pero muchos tambi\u00e9n hab\u00e9is podido experimentar la bienaventuranza que Jes\u00fas prometi\u00f3 a los &#8221;pobres de esp\u00edritu&#8221;. Quisiera dirigir una palabra de aliento y gratitud a todos los que hab\u00e9is elegido seguir a nuestro Se\u00f1or en su pobreza mediante la vocaci\u00f3n al sacerdocio y a la vida religiosa. Con esa pobreza enriquecer\u00e9is a muchos. Os pido a todos, especialmente a los que pod\u00e9is hacer y dar m\u00e1s: Por favor, \u00a1haced m\u00e1s! Por favor, \u00a1dad m\u00e1s! Qu\u00e9 distinto es todo cuando sois capaces de dar vuestro tiempo, vuestros talentos y recursos a la multitud de personas que luchan y que viven en la marginaci\u00f3n. Hay una absoluta necesidad de este cambio, y por ello ser\u00e9is abundantemente recompensados por el Se\u00f1or. Porque, como \u00e9l ha dicho: &#8221;Tendr\u00e1s un tesoro en el cielo&#8221;.<br \/>\nHace veinte a\u00f1os, en este mismo lugar, san Juan Pablo II dijo que el mundo necesita &#8221;un tipo nuevo de joven&#8221;, comprometido con los m\u00e1s altos ideales y con ganas de construir la civilizaci\u00f3n del amor. \u00a1Sed vosotros de esos j\u00f3venes! \u00a1Que nunca perd\u00e1is vuestros ideales! Sed testigos gozosos del amor de Dios y de su maravilloso proyecto para nosotros, para este pa\u00eds y para el mundo en que vivimos. Por favor, rezad por m\u00ed. Que Dios os bendiga&#8221;.<br \/>\nAl finalizar el encuentro, el Papa regres\u00f3 directamente a la nunciatura apost\u00f3lica en Manila.<\/p>\n<p>Fuente:www.news.va<\/p>\n<!-- AddThis Advanced Settings generic via filter on the_content --><!-- AddThis Share Buttons generic via filter on the_content -->","protected":false},"excerpt":{"rendered":"<p>Ciudad del Vaticano, 18 enero 2015 (VIS).-Seis kil\u00f3metros recorri\u00f3 el Papa esta ma\u00f1ana en coche para llegar a la Pontificia y Real Universidad Santo Tom\u00e1s [&hellip;]<!-- AddThis Advanced Settings generic via filter on get_the_excerpt --><!-- AddThis Share Buttons generic via filter on get_the_excerpt --><\/p>\n","protected":false},"author":2,"featured_media":8298,"comment_status":"open","ping_status":"open","sticky":false,"template":"","format":"standard","meta":{"footnotes":""},"categories":[161],"tags":[],"class_list":["post-8294","post","type-post","status-publish","format-standard","has-post-thumbnail","hentry","category-el-papa-leonxiv"],"_links":{"self":[{"href":"https:\/\/obispadodezaratecampana.org\/index.php?rest_route=\/wp\/v2\/posts\/8294","targetHints":{"allow":["GET"]}}],"collection":[{"href":"https:\/\/obispadodezaratecampana.org\/index.php?rest_route=\/wp\/v2\/posts"}],"about":[{"href":"https:\/\/obispadodezaratecampana.org\/index.php?rest_route=\/wp\/v2\/types\/post"}],"author":[{"embeddable":true,"href":"https:\/\/obispadodezaratecampana.org\/index.php?rest_route=\/wp\/v2\/users\/2"}],"replies":[{"embeddable":true,"href":"https:\/\/obispadodezaratecampana.org\/index.php?rest_route=%2Fwp%2Fv2%2Fcomments&post=8294"}],"version-history":[{"count":1,"href":"https:\/\/obispadodezaratecampana.org\/index.php?rest_route=\/wp\/v2\/posts\/8294\/revisions"}],"predecessor-version":[{"id":8295,"href":"https:\/\/obispadodezaratecampana.org\/index.php?rest_route=\/wp\/v2\/posts\/8294\/revisions\/8295"}],"wp:featuredmedia":[{"embeddable":true,"href":"https:\/\/obispadodezaratecampana.org\/index.php?rest_route=\/wp\/v2\/media\/8298"}],"wp:attachment":[{"href":"https:\/\/obispadodezaratecampana.org\/index.php?rest_route=%2Fwp%2Fv2%2Fmedia&parent=8294"}],"wp:term":[{"taxonomy":"category","embeddable":true,"href":"https:\/\/obispadodezaratecampana.org\/index.php?rest_route=%2Fwp%2Fv2%2Fcategories&post=8294"},{"taxonomy":"post_tag","embeddable":true,"href":"https:\/\/obispadodezaratecampana.org\/index.php?rest_route=%2Fwp%2Fv2%2Ftags&post=8294"}],"curies":[{"name":"wp","href":"https:\/\/api.w.org\/{rel}","templated":true}]}}