{"id":8290,"date":"2015-01-17T14:15:13","date_gmt":"2015-01-17T17:15:13","guid":{"rendered":"http:\/\/obispadodezaratecampana.org\/?p=8290"},"modified":"2015-01-17T14:15:13","modified_gmt":"2015-01-17T17:15:13","slug":"santuario-de-ntra-sra-de-madhu","status":"publish","type":"post","link":"https:\/\/obispadodezaratecampana.org\/?p=8290","title":{"rendered":"Santuario de Ntra. Sra. de Madhu"},"content":{"rendered":"<p>Ciudad del Vaticano, 14 enero 2015(VIS).-El santuario de Nuestra Se\u00f1ora de Madhu, a 250 kil\u00f3metros de Colombo y al que el Papa se desplaz\u00f3 en helic\u00f3ptero fue la segunda etapa del viaje de Francisco a Sri Lanka este mi\u00e9rcoles. El santuario se encuentra en el norte de la isla, habitada prevalentemente por poblaci\u00f3n Tamil, y su historia abarca m\u00e1s de cuatro siglos. En 1544 algunos cristianos escapados a la masacre ordenada en Mannar por el rey de Jaffna que tem\u00eda la expansi\u00f3n de la influencia portuguesa se refugian en la jungla y construyen un rudimental lugar de oraci\u00f3n colocando la imagen que ahora se encuentra en el santuario. En 1583, de nuevo huyendo de Mannar, otros cristianos comienzan a construir iglesias en las zonas cercanas; una de ellas en Mantai que es la primera casa de la imagen de Nuestra Se\u00f1ora de Madhu. Despu\u00e9s de las persecuciones de los holandeses, desembarcados en Ceil\u00e1n en 1656, treinta familias cat\u00f3licas que buscaban refugio de aldea en aldea llevando consigo la imagen se establecen en Maruthamadhu, el lugar donde surge actualmente el santuario. Se unir\u00e1n m\u00e1s tarde a ellos otros cat\u00f3licos de origen portugu\u00e9s a los que se debe la construcci\u00f3n de la primera peque\u00f1a iglesia dedicada a Nuestra Se\u00f1ora de Madhu.<br \/>\nLa fama de la Virgen de Madhu, protectora contra las serpientes, se difunde por toda la isla y con la llegada de san Jos\u00e9 Vaz en 1687 el catolicismo vuelve a florecer y Madhu en 1706 se convierte en centro misionero. La construcci\u00f3n del edificio actual comienza en 1872 , el legado pontificio corona la imagen en 1924 en nombre de P\u00edo XI y la iglesia se consagra en 1944. El santuario mariano es lugar de oraci\u00f3n muy respetado y frecuentado por fieles cat\u00f3licos y de otras religiones, a pesar de lo cual fue escenario de combates entre los tamiles y las fuerzas del gobierno. Los obispos de Sri Lanka han conseguido que Madhu sea una zona desmilitarizada garantizando la seguridad de los peregrinos y de los numerosos pr\u00f3fugos que se refugiaron all\u00ed para escapar de la guerra. Desde 1990, las 160 hect\u00e1reas de terreno que rodean el santuario han acogido a miles de desplazados de guerra, convirti\u00e9ndose en un verdadero y propio campo de refugiados, reconocido por las partes en lucha. En abril de 2008 el santuario fue entregado de nuevo a la di\u00f3cesis de Mannar y reabierto al culto en diciembre de 2010.<br \/>\nM\u00e1s de 500.000 personas esperaban al Papa para rezar juntos a la Virgen por la consolidaci\u00f3n de la paz alcanzada en 2009 al final de un conflicto que se prolong\u00f3 durante m\u00e1s de tres d\u00e9cadas. Estaban presentes familias tamiles y cingalesas sometidas a duras pruebas por las hostilidades.<br \/>\n&#8221;Estamos en la casa de nuestra Madre -dijo Francisco- Aqu\u00ed ella nos da la bienvenida. En este santuario de Nuestra Se\u00f1ora de Madhu, todo peregrino se puede sentir en su casa, porque aqu\u00ed Mar\u00eda nos lleva a la presencia de su Hijo Jes\u00fas. Aqu\u00ed vienen los habitantes de Sri Lanka, tamiles y cingaleses por igual, como miembros de una sola familia. Encomiendan a Mar\u00eda sus alegr\u00edas y tristezas, sus esperanzas y necesidades. Aqu\u00ed, en su casa, se sienten seguros. Saben que Dios est\u00e1 muy cerca; sienten su amor; conocen su ternura y misericordia, la tierna misericordia de Dios&#8221;.<br \/>\n&#8221;Se encuentran hoy aqu\u00ed familias que han sufrido mucho en el largo conflicto que rasg\u00f3 el coraz\u00f3n de Sri Lanka. Muchas personas, tanto del norte como del sur, fueron asesinadas en la terrible violencia y derramamiento de sangre de aquellos a\u00f1os. Los habitantes de Sri Lanka no pueden olvidar los tr\u00e1gicos acontecimientos ocurridos en este mismo lugar, o el triste d\u00eda en que la venerada imagen de Mar\u00eda, que data de la llegada de los primeros cristianos a Sri Lanka, fue arrancada de su santuario&#8221;.<br \/>\n&#8221;Pero la Virgen permanece siempre con vosotros. Ella es la madre de todo hogar, de toda familia herida, de todos los que est\u00e1n tratando de volver a una existencia pac\u00edfica. Hoy le damos las gracias por haber protegido a la poblaci\u00f3n de Sri Lanka de tantos peligros pasados y presentes. Mar\u00eda nunca olvida a sus hijos en esta isla resplandeciente. Al igual que nunca se apart\u00f3 del lado de su Hijo en la cruz, as\u00ed nunca se aparta de sus hijos que sufren en Sri Lanka&#8221;.<br \/>\n&#8221;Hoy queremos dar las gracias a la Virgen por su presencia. Ante tanto odio, violencia y destrucci\u00f3n, queremos darle las gracias porque sigue llev\u00e1ndonos a Jes\u00fas, el \u00fanico que tiene el poder para curar las heridas abiertas y devolver la paz a los corazones desgarrados. Pero tambi\u00e9n queremos pedirle que implore para nosotros la gracia de la misericordia de Dios. Pedimos tambi\u00e9n la gracia de reparar por nuestros pecados y por todo el mal que esta tierra ha conocido&#8221;.<br \/>\n&#8221;No es f\u00e1cil hacer esto -reconoci\u00f3 el Santo Padre- Sin embargo, cuando llegamos a entender, a la luz de la Cruz, el mal que somos capaces de hacer, y del que incluso formamos parte, podremos experimentar el aut\u00e9ntico remordimiento y el verdadero arrepentimiento. S\u00f3lo entonces podremos recibir la gracia de acercarnos unos a otros, con una verdadera contrici\u00f3n, dando y recibiendo el perd\u00f3n verdadero. En esta dif\u00edcil tarea de perdonar y tener paz, Mar\u00eda siempre est\u00e1 presente para animarnos, para guiarnos, para mostrarnos el camino. De la misma manera que perdon\u00f3 a los verdugos de su Hijo al pie de la cruz, y luego recibi\u00f3 su cuerpo ex\u00e1nime entre sus manos, as\u00ed ahora quiere guiar al pueblo de Sri Lanka a una mayor reconciliaci\u00f3n, para que el b\u00e1lsamo del perd\u00f3n y la misericordia de Dios proporcione una verdadera curaci\u00f3n para todos&#8221;.<br \/>\n&#8221;Por \u00faltimo, queremos pedir a Mar\u00eda Madre que acompa\u00f1e con su intercesi\u00f3n los esfuerzos de ambas comunidades de Sri Lanka, tamiles y cingaleses, por reconstruir la unidad que se hab\u00eda perdido. Al igual que su imagen volvi\u00f3 a su santuario de Madhu despu\u00e9s de la guerra, pedimos al Se\u00f1or que todos sus hijos e hijas de Sri Lanka puedan volver ahora a la casa de Dios con un renovado esp\u00edritu de reconciliaci\u00f3n y comuni\u00f3n&#8221;.<br \/>\n&#8221;Queridos hermanos y hermanas, me siento feliz de estar con vosotros en la casa de Mar\u00eda. Oremos unos por otros. Sobre todo, pidamos que este santuario sea siempre una casa de oraci\u00f3n y un remanso de paz. Que, por intercesi\u00f3n de Nuestra Se\u00f1ora de Madhu, todos los hombres encuentren aqu\u00ed el \u00e1nimo y la fuerza para construir un futuro de reconciliaci\u00f3n, justicia y paz para todos los hijos de esta querida tierra. Am\u00e9n&#8221;.<br \/>\nDespu\u00e9s de rezar el Padre Nuestra y de bendecir a la asamblea con la imagen de Nuestra Se\u00f1ora, el Papa aclamado nuevamente por la multitud recorri\u00f3 en papam\u00f3vil el kil\u00f3metro y medio que lo separaba del helipuerto de Madhu desde donde regres\u00f3 a Colombo.<\/p>\n<p>Fuente: www.news.va<\/p>\n<!-- AddThis Advanced Settings generic via filter on the_content --><!-- AddThis Share Buttons generic via filter on the_content -->","protected":false},"excerpt":{"rendered":"<p>Ciudad del Vaticano, 14 enero 2015(VIS).-El santuario de Nuestra Se\u00f1ora de Madhu, a 250 kil\u00f3metros de Colombo y al que el Papa se desplaz\u00f3 en [&hellip;]<!-- AddThis Advanced Settings generic via filter on get_the_excerpt --><!-- AddThis Share Buttons generic via filter on get_the_excerpt --><\/p>\n","protected":false},"author":2,"featured_media":8292,"comment_status":"open","ping_status":"open","sticky":false,"template":"","format":"standard","meta":{"footnotes":""},"categories":[161],"tags":[],"class_list":["post-8290","post","type-post","status-publish","format-standard","has-post-thumbnail","hentry","category-el-papa-leonxiv"],"_links":{"self":[{"href":"https:\/\/obispadodezaratecampana.org\/index.php?rest_route=\/wp\/v2\/posts\/8290","targetHints":{"allow":["GET"]}}],"collection":[{"href":"https:\/\/obispadodezaratecampana.org\/index.php?rest_route=\/wp\/v2\/posts"}],"about":[{"href":"https:\/\/obispadodezaratecampana.org\/index.php?rest_route=\/wp\/v2\/types\/post"}],"author":[{"embeddable":true,"href":"https:\/\/obispadodezaratecampana.org\/index.php?rest_route=\/wp\/v2\/users\/2"}],"replies":[{"embeddable":true,"href":"https:\/\/obispadodezaratecampana.org\/index.php?rest_route=%2Fwp%2Fv2%2Fcomments&post=8290"}],"version-history":[{"count":2,"href":"https:\/\/obispadodezaratecampana.org\/index.php?rest_route=\/wp\/v2\/posts\/8290\/revisions"}],"predecessor-version":[{"id":8293,"href":"https:\/\/obispadodezaratecampana.org\/index.php?rest_route=\/wp\/v2\/posts\/8290\/revisions\/8293"}],"wp:featuredmedia":[{"embeddable":true,"href":"https:\/\/obispadodezaratecampana.org\/index.php?rest_route=\/wp\/v2\/media\/8292"}],"wp:attachment":[{"href":"https:\/\/obispadodezaratecampana.org\/index.php?rest_route=%2Fwp%2Fv2%2Fmedia&parent=8290"}],"wp:term":[{"taxonomy":"category","embeddable":true,"href":"https:\/\/obispadodezaratecampana.org\/index.php?rest_route=%2Fwp%2Fv2%2Fcategories&post=8290"},{"taxonomy":"post_tag","embeddable":true,"href":"https:\/\/obispadodezaratecampana.org\/index.php?rest_route=%2Fwp%2Fv2%2Ftags&post=8290"}],"curies":[{"name":"wp","href":"https:\/\/api.w.org\/{rel}","templated":true}]}}