{"id":8287,"date":"2015-01-17T13:40:29","date_gmt":"2015-01-17T16:40:29","guid":{"rendered":"http:\/\/obispadodezaratecampana.org\/?p=8287"},"modified":"2015-01-17T13:40:29","modified_gmt":"2015-01-17T16:40:29","slug":"formacion-discipulos-y-misioneros","status":"publish","type":"post","link":"https:\/\/obispadodezaratecampana.org\/?p=8287","title":{"rendered":"Formaci\u00f3n: &#8220;Disc\u00edpulos y misioneros&#8221;"},"content":{"rendered":"<p>Queridos lectores les compartimos esta invitaci\u00f3n de la comunidad de la Pquia. Ntra. Sra. de las Gracias de Pilar para el jueves 22 de enero a las 16:00hs.<\/p>\n<p><em>Vamos a compartir una jornada de formaci\u00f3n para catequistas especialmente, pero est\u00e1 invitado todo aquel que desee participar. Esta jornada estar\u00e1 a cargo de nuestro Di\u00e1cono Jeronimo Martinez.<\/em><br \/>\n<em>Finalizamos con Celebraci\u00f3n de la Palabra.<\/em><\/p>\n<p><em>Es libre y gratuito!!! Los esperamos!!!<\/em><\/p>\n<p>Lugar: Parroquia Ntra Sra de las Gracias, Goleta Constituci\u00f3n 1771, B\u00b0 Peruzzotti, Pilar. Tel\u00e9fono 0230-4422879<\/p>\n<p>Evento en facebook:\u00a0<a title=\"gracias\" href=\"https:\/\/www.facebook.com\/events\/668448943276763\/?fref=ts\" target=\"_blank\">https:\/\/www.facebook.com\/events\/668448943276763\/?fref=ts<\/a><\/p>\n<!-- AddThis Advanced Settings generic via filter on the_content --><!-- AddThis Share Buttons generic via filter on the_content -->","protected":false},"excerpt":{"rendered":"<p>Queridos lectores les compartimos esta invitaci\u00f3n de la comunidad de la Pquia. Ntra. Sra. de las Gracias de Pilar para el jueves 22 de enero [&hellip;]<!-- AddThis Advanced Settings generic via filter on get_the_excerpt --><!-- AddThis Share Buttons generic via filter on get_the_excerpt --><\/p>\n","protected":false},"author":2,"featured_media":8288,"comment_status":"open","ping_status":"open","sticky":false,"template":"","format":"standard","meta":{"footnotes":""},"categories":[3],"tags":[],"class_list":["post-8287","post","type-post","status-publish","format-standard","has-post-thumbnail","hentry","category-noticiasparroquiales"],"_links":{"self":[{"href":"https:\/\/obispadodezaratecampana.org\/index.php?rest_route=\/wp\/v2\/posts\/8287","targetHints":{"allow":["GET"]}}],"collection":[{"href":"https:\/\/obispadodezaratecampana.org\/index.php?rest_route=\/wp\/v2\/posts"}],"about":[{"href":"https:\/\/obispadodezaratecampana.org\/index.php?rest_route=\/wp\/v2\/types\/post"}],"author":[{"embeddable":true,"href":"https:\/\/obispadodezaratecampana.org\/index.php?rest_route=\/wp\/v2\/users\/2"}],"replies":[{"embeddable":true,"href":"https:\/\/obispadodezaratecampana.org\/index.php?rest_route=%2Fwp%2Fv2%2Fcomments&post=8287"}],"version-history":[{"count":1,"href":"https:\/\/obispadodezaratecampana.org\/index.php?rest_route=\/wp\/v2\/posts\/8287\/revisions"}],"predecessor-version":[{"id":8289,"href":"https:\/\/obispadodezaratecampana.org\/index.php?rest_route=\/wp\/v2\/posts\/8287\/revisions\/8289"}],"wp:featuredmedia":[{"embeddable":true,"href":"https:\/\/obispadodezaratecampana.org\/index.php?rest_route=\/wp\/v2\/media\/8288"}],"wp:attachment":[{"href":"https:\/\/obispadodezaratecampana.org\/index.php?rest_route=%2Fwp%2Fv2%2Fmedia&parent=8287"}],"wp:term":[{"taxonomy":"category","embeddable":true,"href":"https:\/\/obispadodezaratecampana.org\/index.php?rest_route=%2Fwp%2Fv2%2Fcategories&post=8287"},{"taxonomy":"post_tag","embeddable":true,"href":"https:\/\/obispadodezaratecampana.org\/index.php?rest_route=%2Fwp%2Fv2%2Ftags&post=8287"}],"curies":[{"name":"wp","href":"https:\/\/api.w.org\/{rel}","templated":true}]}}