{"id":8284,"date":"2015-01-17T12:27:16","date_gmt":"2015-01-17T15:27:16","guid":{"rendered":"http:\/\/obispadodezaratecampana.org\/?p=8284"},"modified":"2015-01-17T12:27:16","modified_gmt":"2015-01-17T15:27:16","slug":"proceso-de-canonizacion-de-brochero","status":"publish","type":"post","link":"https:\/\/obispadodezaratecampana.org\/?p=8284","title":{"rendered":"Proceso de Canonizaci\u00f3n de Brochero"},"content":{"rendered":"<p>El papa Francisco asegur\u00f3 su &#8220;vivo deseo&#8221; de una &#8220;pronta canonizaci\u00f3n&#8221; del beato Jos\u00e9 Gabriel del Rosario Brochero, cuya glorificaci\u00f3n podr\u00eda darse luego de que el obispo de Cruz del Eje, monse\u00f1or Santiago Olivera, postulador de la causa del venerable sacerdote cordob\u00e9s, presentara en Roma las pericias realizadas en la provincia de San Juan.<\/p>\n<p>Monse\u00f1or Olivera visit\u00f3 la Pontificia Congregaci\u00f3n para las Causas de los Santos, en Roma, y se entrevist\u00f3 con sus oficiales para presentar los avances de las causas de canonizaci\u00f3n del beato Brochero y de las venerables Mar\u00eda Antonia de Paz y Figueroa -Mama Antula-, que inspir\u00f3 los retiros promovidos por el Cura Gaucho, y la madre Catalina Rodr\u00edguez, fundadora de las Esclavas del Sagrado Coraz\u00f3n Argentinas, que tanto colaboraron con la evangelizaci\u00f3n de la regi\u00f3n serrana de C\u00f3rdoba.<\/p>\n<p>M\u00e1s tarde, el obispo de Cruz del Eje se encontr\u00f3 con el pont\u00edfice, que le firm\u00f3 una postal en la que transmiti\u00f3 su bendici\u00f3n a la di\u00f3cesis y el deseo de poder canonizar pronto al Cura Brochero.<\/p>\n<p>&#8220;A la di\u00f3cesis de Cruz del Eje, con mi bendici\u00f3n y pidi\u00e9ndole a sus fieles que recen por m\u00ed. Con el vivo deseo de una pronta canonizaci\u00f3n del Cura Brochero, Francisco. 8-1-2015&#8221;, escribi\u00f3 el Santo Padre.<\/p>\n<p>El obispo Olivera, en tanto, invit\u00f3 a continuar rezando por la glorificaci\u00f3n de m\u00e1s argentinos. \u201cLes pido que recemos para que todo marche bien, porque la oraci\u00f3n es lo \u00fanico verdadero\u201d, expres\u00f3 el prelado.<\/p>\n<p>El posible milagro de Brochero<br \/>\nPara ser declarado santo, la Congregaci\u00f3n para las Causas de los Santos deber\u00e1 considerar que el venerable sacerdote cordob\u00e9s intercedi\u00f3 ante Dios para obrar un milagro. El primer milagro, que permiti\u00f3 su beatificaci\u00f3n, tuvo como protagonista a Nicol\u00e1s Flores Violino, cuya recuperaci\u00f3n luego de un terrible accidente automovil\u00edstico no pudo ser explicada por la ciencia.<\/p>\n<p>En julio, el arzobispo de San Juan de Cuyo, monse\u00f1or Alfonso Delgado, constituy\u00f3 un tribunal eclesi\u00e1stico para el estudio de un supuesto milagro atribuido a la intercesi\u00f3n del beato. Se trata de un cuerpo can\u00f3nico que se encarg\u00f3 de estudiar y recopilar datos sobre la posible curaci\u00f3n extraordinaria de una ni\u00f1a que fue gravemente golpeada y cuya recuperaci\u00f3n asombr\u00f3 a los m\u00e9dicos que la trataron.+<\/p>\n<p>Fuente: www.aica.org \u00a0 15-1-2015<\/p>\n<!-- AddThis Advanced Settings generic via filter on the_content --><!-- AddThis Share Buttons generic via filter on the_content -->","protected":false},"excerpt":{"rendered":"<p>El papa Francisco asegur\u00f3 su &#8220;vivo deseo&#8221; de una &#8220;pronta canonizaci\u00f3n&#8221; del beato Jos\u00e9 Gabriel del Rosario Brochero, cuya glorificaci\u00f3n podr\u00eda darse luego de que [&hellip;]<!-- AddThis Advanced Settings generic via filter on get_the_excerpt --><!-- AddThis Share Buttons generic via filter on get_the_excerpt --><\/p>\n","protected":false},"author":2,"featured_media":8285,"comment_status":"open","ping_status":"open","sticky":false,"template":"","format":"standard","meta":{"footnotes":""},"categories":[161],"tags":[],"class_list":["post-8284","post","type-post","status-publish","format-standard","has-post-thumbnail","hentry","category-el-papa-leonxiv"],"_links":{"self":[{"href":"https:\/\/obispadodezaratecampana.org\/index.php?rest_route=\/wp\/v2\/posts\/8284","targetHints":{"allow":["GET"]}}],"collection":[{"href":"https:\/\/obispadodezaratecampana.org\/index.php?rest_route=\/wp\/v2\/posts"}],"about":[{"href":"https:\/\/obispadodezaratecampana.org\/index.php?rest_route=\/wp\/v2\/types\/post"}],"author":[{"embeddable":true,"href":"https:\/\/obispadodezaratecampana.org\/index.php?rest_route=\/wp\/v2\/users\/2"}],"replies":[{"embeddable":true,"href":"https:\/\/obispadodezaratecampana.org\/index.php?rest_route=%2Fwp%2Fv2%2Fcomments&post=8284"}],"version-history":[{"count":1,"href":"https:\/\/obispadodezaratecampana.org\/index.php?rest_route=\/wp\/v2\/posts\/8284\/revisions"}],"predecessor-version":[{"id":8286,"href":"https:\/\/obispadodezaratecampana.org\/index.php?rest_route=\/wp\/v2\/posts\/8284\/revisions\/8286"}],"wp:featuredmedia":[{"embeddable":true,"href":"https:\/\/obispadodezaratecampana.org\/index.php?rest_route=\/wp\/v2\/media\/8285"}],"wp:attachment":[{"href":"https:\/\/obispadodezaratecampana.org\/index.php?rest_route=%2Fwp%2Fv2%2Fmedia&parent=8284"}],"wp:term":[{"taxonomy":"category","embeddable":true,"href":"https:\/\/obispadodezaratecampana.org\/index.php?rest_route=%2Fwp%2Fv2%2Fcategories&post=8284"},{"taxonomy":"post_tag","embeddable":true,"href":"https:\/\/obispadodezaratecampana.org\/index.php?rest_route=%2Fwp%2Fv2%2Ftags&post=8284"}],"curies":[{"name":"wp","href":"https:\/\/api.w.org\/{rel}","templated":true}]}}