{"id":8281,"date":"2015-01-17T11:55:18","date_gmt":"2015-01-17T14:55:18","guid":{"rendered":"http:\/\/obispadodezaratecampana.org\/?p=8281"},"modified":"2015-01-17T11:55:18","modified_gmt":"2015-01-17T14:55:18","slug":"el-papa-habla-con-los-periodistas-en-el-vuelo-hacia-manila","status":"publish","type":"post","link":"https:\/\/obispadodezaratecampana.org\/?p=8281","title":{"rendered":"El Papa habla con los periodistas en el vuelo hacia Manila"},"content":{"rendered":"<p>Ciudad del Vaticano, 15 enero 2015 (VIS).- Finalizada la primera parte del viaje apost\u00f3lico, en el vuelo que lo conduc\u00eda de Colombo a Manila, el Papa Francisco convers\u00f3 durante 40 minutos con los periodistas que lo acompa\u00f1aban en el avi\u00f3n respondiendo a sus preguntas sobre diversas cuestiones relativas no solamente a su viaje a Sri Lanka y Filipinas, sino tambi\u00e9n sobre los atentados ocurridos en Par\u00eds, la libertad religiosa y de expresi\u00f3n, la seguridad en los viajes papales y su nueva enc\u00edclica. De esta \u00faltima dijo que posiblemente a finales de marzo estar\u00e1 terminada y que podr\u00e1 salir en junio o julio.<\/p>\n<p>Ofrecemos a continuaci\u00f3n una s\u00edntesis de algunas de las respuestas del Papa.<\/p>\n<p>Sobre los atentados suicidas y kamikazes que vivimos en la actualidad.<\/p>\n<p>&#8221;Detr\u00e1s de cada atentado suicida -dijo- hay un elemento de desequilibrio humano, no s\u00e9 si mental, pero humano. Hay algo que no funciona en esa persona. No tiene el equilibrio del sentido de su vida y la de los otros. Estas personas ofrecen su vida, pero no la ofrecen bien. Hay mucha gente que trabaja, como por ejemplo los misioneros que dan la vida, pero para construir. Aqu\u00ed se da la vida auto destruy\u00e9ndose, para destruir&#8221;.<\/p>\n<p>Sobre la seguridad en los viajes pontificios y las amenazas terroristas.<\/p>\n<p>&#8221;La mejor manera de responder es la amabilidad. Ser amable y humilde&#8230; A mi me preocupan los fieles y sobre esto ya he hablado con la Seguridad vaticana&#8230; \u00bfSi tengo miedo? Tengo un defecto, una gran dosis de inconsciencia&#8230; pero se que se toman medidas de seguridad prudentes y seguras&#8221;.<\/p>\n<p>Sobre la libertad religiosa y la libertad de expresi\u00f3n.<\/p>\n<p>&#8221;Las dos son derechos fundamentales -destac\u00f3- ? veamos Par\u00eds, hablemos claro. Cada uno tiene el derecho de practicar la propia religi\u00f3n, sin ofender, libremente&#8230; no se puede ofender, hacer una guerra, matar en nombre de la propia religi\u00f3n, en nombre de Dios. A nosotros lo que sucede ahora nos asombra. Pero siempre, pensemos a nuestra historia, cuantas guerras de religiones hemos tenido&#8230; Tambi\u00e9n nosotros somos pecadores en esto. Pero no se puede matar en nombre de Dios. Es una aberraci\u00f3n&#8230; Cada uno no solo tiene la libertad, el derecho sino tambi\u00e9n la obligaci\u00f3n de decir lo que piensa para ayudar al bien com\u00fan&#8230; pero sin ofender. Es verdad que no se puede reaccionar violentamente, pero si mi amigo insulta a mi madre \u00a1Se lleva un pu\u00f1etazo!. Es normal, no se puede provocar, no se puede insultar la fe de los dem\u00e1s&#8230; Hay un limite, y en la libertad de expresi\u00f3n tambi\u00e9n hay limites&#8221;.<\/p>\n<p>El Papa elogia la fuerza heroica de los filipinos frente a los desastres naturales<\/p>\n<p>Ciudad del Vaticano, 16 enero 2015 (VIS).- A primera hora de la ma\u00f1ana, el Papa dej\u00f3 la nunciatura apost\u00f3lica en Manila y se desplaz\u00f3 al Palacio Presidencial. All\u00ed, Francisco firm\u00f3 el libro de oro y se dirigi\u00f3 a la &#8221;Habitaci\u00f3n de la M\u00fasica&#8221;, donde fue recibido por Benigno Simeon Conjuangco Aquino III, presidente de la Rep\u00fablica de Filipinas y su familia. Cuarenta y cinco minutos m\u00e1s tarde, en el Rizal Ceremonial Hall, el Papa encontr\u00f3 a las autoridades y a los miembros del Cuerpo diplom\u00e1tico a los que dirigi\u00f3 unas palabras.<\/p>\n<p>&#8221;De manera particular, esta visita quiere expresar mi cercan\u00eda a nuestros hermanos y hermanas que tuvieron que soportar el sufrimiento, la p\u00e9rdida de seres queridos y la devastaci\u00f3n causada por el tif\u00f3n Yolanda. Al igual que tantas personas en todo el mundo, he admirado la fuerza heroica, la fe y la resistencia demostrada por muchos filipinos frente a \u00e9ste y otros desastres naturales. Esas virtudes, enraizadas en la esperanza y la solidaridad inculcadas por la fe cristiana, dieron lugar a una manifestaci\u00f3n de bondad y generosidad, sobre todo por parte de muchos j\u00f3venes. En esos momentos de crisis nacional, un gran n\u00famero de personas acudieron en ayuda de sus vecinos necesitados. Con gran sacrificio, dieron su tiempo y recursos, creando redes de ayuda mutua y trabajando por el bien com\u00fan.<\/p>\n<p>Este ejemplo de solidaridad en el trabajo de reconstrucci\u00f3n nos ense\u00f1a una lecci\u00f3n importante. Al igual que una familia, toda sociedad echa mano de sus recursos m\u00e1s profundos para hacer frente a los nuevos desaf\u00edos. En la actualidad, Filipinas, junto con muchos otros pa\u00edses de Asia, se enfrenta al reto de construir sobre bases s\u00f3lidas una sociedad moderna, una sociedad respetuosa de los aut\u00e9nticos valores humanos, que tutele nuestra dignidad y los derechos humanos dados por Dios, y lista para enfrentar las nuevas y complejas cuestiones pol\u00edticas y \u00e9ticas. Como muchas voces en vuestro pa\u00eds han se\u00f1alado, es m\u00e1s necesario ahora que nunca que los l\u00edderes pol\u00edticos se distingan por su honestidad, integridad y compromiso con el bien com\u00fan. De esta manera ayudar\u00e1n a preservar los abundantes recursos naturales y humanos con que Dios ha bendecido este pa\u00eds. Y as\u00ed ser\u00e1n capaces de gestionar los recursos morales necesarios para hacer frente a las exigencias del presente, y transmitir a las generaciones venideras una sociedad de aut\u00e9ntica justicia, solidaridad y paz.<\/p>\n<p>Para el logro de estos objetivos nacionales es esencial el imperativo moral de garantizar la justicia social y el respeto por la dignidad humana. La gran tradici\u00f3n b\u00edblica prescribe a todos los pueblos el deber de escuchar la voz de los pobres y de romper las cadenas de la injusticia y la opresi\u00f3n que dan lugar a flagrantes e incluso escandolosas desigualdades sociales. La reforma de las estructuras sociales que perpet\u00faan la pobreza y la exclusi\u00f3n de los pobres requiere en primer lugar la conversi\u00f3n de la mente y el coraz\u00f3n. Los Obispos de Filipinas han pedido que este a\u00f1o sea proclamado el \u00abA\u00f1o de los Pobres\u00bb. Espero que esta prof\u00e9tica convocatoria haga que en todos los \u00e1mbitos de la sociedad se rechace cualquier forma de corrupci\u00f3n que sustrae recursos a los pobres. Que impulse tambi\u00e9n un esfuerzo concertado para garantizar la inclusi\u00f3n de todo hombre, mujer y ni\u00f1o en la vida de la comunidad.<\/p>\n<p>La familia, y sobre todo los j\u00f3venes, desempe\u00f1an un papel fundamental en la renovaci\u00f3n de la sociedad. Un momento destacado de mi visita ser\u00e1 el encuentro con las familias y los j\u00f3venes, aqu\u00ed en Manila. Las familias tienen una misi\u00f3n indispensable en la sociedad. Es en la familia donde los ni\u00f1os aprenden valores s\u00f3lidos, altos ideales y sincera preocupaci\u00f3n por los dem\u00e1s. Pero al igual que todos los dones de Dios, la familia tambi\u00e9n puede ser desfigurada y destruida. Necesita nuestro apoyo. Sabemos lo dif\u00edcil que es hoy para nuestras democracias preservar y defender valores humanos b\u00e1sicos como el respeto a la dignidad inviolable de toda persona humana, el respeto de los derechos de conciencia y de libertad religiosa, as\u00ed como el derecho inalienable a la vida, desde la de los no nacidos hasta la de los ancianos y enfermos. Por esta raz\u00f3n, hay que ayudar y alentar a las familias y las comunidades locales en su tarea de transmitir a nuestros j\u00f3venes los valores y la visi\u00f3n que permita lograr una cultura de la integridad: aquella que promueve la bondad, la veracidad, la fidelidad y la solidaridad como base firme y aglutinante moral para mantener unida a la sociedad.<\/p>\n<p>Se\u00f1or Presidente, distinguidas autoridades, queridos amigos:<\/p>\n<p>Al comenzar mi visita a este pa\u00eds, no puedo dejar de mencionar el papel importante de Filipinas para fomentar el entendimiento y la cooperaci\u00f3n entre los pa\u00edses de Asia, as\u00ed como la contribuci\u00f3n eficaz, y a menudo no reconocida, de los filipinos de la di\u00e1spora a la vida y el bienestar de las sociedades en las que viven. A la luz de la rica herencia cultural y religiosa, que enorgullece a su pa\u00eds, les dejo un desaf\u00edo y una palabra de aliento. Que los valores espirituales m\u00e1s profundos del pueblo filipino sigan manifest\u00e1ndose en sus esfuerzos por proporcionar a sus conciudadanos un desarrollo humano integral. De esta forma, toda persona ser\u00e1 capaz de realizar sus potencialidades, y as\u00ed contribuir de manera sabia y eficaz al futuro de este pa\u00eds. Espero que las meritorias iniciativas para promover el di\u00e1logo y la cooperaci\u00f3n entre los fieles de distintas religiones consigan su noble objetivo. De modo particular, conf\u00edo en que el progreso que ha supuesto la consecuci\u00f3n de la paz en el sur del Pa\u00eds promueva soluciones justas que respeten los principios fundantes de la naci\u00f3n y los derechos inalienables de todos, incluidas las poblaciones ind\u00edgenas y las minor\u00edas religiosas. &#8221;.<\/p>\n<p>Al finalizar, Francisco se dirigi\u00f3 en coche hacia la Catedral de Manila.<\/p>\n<p>Fuente: www.news.va<\/p>\n<!-- AddThis Advanced Settings generic via filter on the_content --><!-- AddThis Share Buttons generic via filter on the_content -->","protected":false},"excerpt":{"rendered":"<p>Ciudad del Vaticano, 15 enero 2015 (VIS).- Finalizada la primera parte del viaje apost\u00f3lico, en el vuelo que lo conduc\u00eda de Colombo a Manila, el [&hellip;]<!-- AddThis Advanced Settings generic via filter on get_the_excerpt --><!-- AddThis Share Buttons generic via filter on get_the_excerpt --><\/p>\n","protected":false},"author":2,"featured_media":8282,"comment_status":"open","ping_status":"open","sticky":false,"template":"","format":"standard","meta":{"footnotes":""},"categories":[161],"tags":[],"class_list":["post-8281","post","type-post","status-publish","format-standard","has-post-thumbnail","hentry","category-el-papa-leonxiv"],"_links":{"self":[{"href":"https:\/\/obispadodezaratecampana.org\/index.php?rest_route=\/wp\/v2\/posts\/8281","targetHints":{"allow":["GET"]}}],"collection":[{"href":"https:\/\/obispadodezaratecampana.org\/index.php?rest_route=\/wp\/v2\/posts"}],"about":[{"href":"https:\/\/obispadodezaratecampana.org\/index.php?rest_route=\/wp\/v2\/types\/post"}],"author":[{"embeddable":true,"href":"https:\/\/obispadodezaratecampana.org\/index.php?rest_route=\/wp\/v2\/users\/2"}],"replies":[{"embeddable":true,"href":"https:\/\/obispadodezaratecampana.org\/index.php?rest_route=%2Fwp%2Fv2%2Fcomments&post=8281"}],"version-history":[{"count":1,"href":"https:\/\/obispadodezaratecampana.org\/index.php?rest_route=\/wp\/v2\/posts\/8281\/revisions"}],"predecessor-version":[{"id":8283,"href":"https:\/\/obispadodezaratecampana.org\/index.php?rest_route=\/wp\/v2\/posts\/8281\/revisions\/8283"}],"wp:featuredmedia":[{"embeddable":true,"href":"https:\/\/obispadodezaratecampana.org\/index.php?rest_route=\/wp\/v2\/media\/8282"}],"wp:attachment":[{"href":"https:\/\/obispadodezaratecampana.org\/index.php?rest_route=%2Fwp%2Fv2%2Fmedia&parent=8281"}],"wp:term":[{"taxonomy":"category","embeddable":true,"href":"https:\/\/obispadodezaratecampana.org\/index.php?rest_route=%2Fwp%2Fv2%2Fcategories&post=8281"},{"taxonomy":"post_tag","embeddable":true,"href":"https:\/\/obispadodezaratecampana.org\/index.php?rest_route=%2Fwp%2Fv2%2Ftags&post=8281"}],"curies":[{"name":"wp","href":"https:\/\/api.w.org\/{rel}","templated":true}]}}