{"id":8277,"date":"2015-01-17T11:32:17","date_gmt":"2015-01-17T14:32:17","guid":{"rendered":"http:\/\/obispadodezaratecampana.org\/?p=8277"},"modified":"2015-01-17T11:32:17","modified_gmt":"2015-01-17T14:32:17","slug":"jesus-comparte-nuestros-dolores","status":"publish","type":"post","link":"https:\/\/obispadodezaratecampana.org\/?p=8277","title":{"rendered":"&#8220;Jesus comparte nuestros dolores&#8221;"},"content":{"rendered":"<p>En Ciudad Tacloban, Isla de Leyte, lugar m\u00e1s azotado por el \u00faltimo tif\u00f3n, el Obispo de Roma dijo en una homil\u00eda improvisada, bajo el viento y la lluvia, desde el altar junto al mar en el que rez\u00f3 la misa:<\/p>\n<p>\u201cEn la primera lectura escuchamos que se dice que tenemos un gran sacerdote que es capaz. Jes\u00fas es como nosotros. Jes\u00fas vivi\u00f3 como nosotros. Es igual a nosotros en todo. En todo menos en el pecado, porque \u00e9l no era pecador. Pero para ser m\u00e1s igual a nosotros se visti\u00f3, asumi\u00f3 nuestros pecados. \u00a1Se hizo pecado! Y eso lo dice Pablo que lo conoc\u00eda muy bien. Y Jes\u00fas va delante nuestro siempre y cuando nosotros pasamos por alguna cruz, el ya pas\u00f3 primero. Y si hoy todos nosotros nos reunimos aqu\u00ed 14 meses despu\u00e9s que paso el Tif\u00f3n Yolanda, es porque tenemos la seguridad de que no nos vamos a frustrar en la fe, porque Jes\u00fas pas\u00f3 primero. En su pasi\u00f3n \u00e9l asumi\u00f3 todos nuestros dolores, y \u2013perm\u00edtanme esta confidencia- cuando yo vi desde Roma esta cat\u00e1strofe, sent\u00ed que ten\u00eda que estar aqu\u00ed. Esos d\u00edas decid\u00ed hacer el viaje aqu\u00ed. Quise venir para estar con ustedes, un poco tarde me dir\u00e1n, es verdad, pero estoy (aplausos). Estoy para decirles que Jes\u00fas es el Se\u00f1or; que Jes\u00fas no defrauda (aplausos). Padre, me puede decir uno de ustedes, a mi me dafraud\u00f3 porque perdi mi casa, perd\u00ed lo que ten\u00eda, estoy enfermo. Es verdad eso que me dec\u00eds y yo respeto tus sentimientos, pero lo veo ah\u00ed clavado y desde ah\u00ed no nos defrauda (aplausos). \u00c9l fue consagrado Se\u00f1or en ese trono y ah\u00ed pas\u00f3 por todas las calamidades que nosotros tenemos. \u00a1Jes\u00fas es el Se\u00f1or! y es Se\u00f1or desde la cruz, ah\u00ed rein\u00f3. Por eso \u00e9l es capaz de entendernos, como escuchamos en la primera lectura: Se hizo en todo igual a nosotros. Por eso tenemos un Se\u00f1or que es capaz de llorar con nosotros; que es capaz de acompa\u00f1arnos en los momentos m\u00e1s dif\u00edciles de la vida. Tantos de ustedes han perdido todo. Yo no s\u00e9 qu\u00e9 decirles. \u00a1\u00c9l s\u00ed sabe qu\u00e9 decirles! Tantos de ustedes han perdido parte de la familia. Solamente guardo silencio, los acompa\u00f1o con mi coraz\u00f3n en silencio\u2026<\/p>\n<p>Tantos de ustedes se han preguntado mirando a Cristo: \u00bfpor qu\u00e9 Se\u00f1or? Y el Se\u00f1or responde al coraz\u00f3n de cada uno, desde su coraz\u00f3n. Yo no tengo otras palabras que decirles. Miremos a Cristo, \u00e9l es el Se\u00f1or y \u00e9l nos comprende porque pas\u00f3 por todas las pruebas que nos sobrevienen a nosotros.<\/p>\n<p>Y junto a \u00e9l en la cruz estaba la madre. Nosotros somos como ese chico que est\u00e1 ah\u00ed abajo, que en los momentos de dolor, de pena; en los momentos que no entendemos nada, en los momentos que queremos revelarnos, solamente nos viene estirar la mano y agarrarnos de su pollera y decirle: \u201c\u00a1Mam\u00e1!\u201d. Como un chico que cuando tiene miedo dice: \u201c\u00a1Mam\u00e1!\u201d. Es quiz\u00e1s la \u00fanica palabra que puede expresar lo que sentimos en los momentos oscuros: \u00a1madre!, \u00a1mam\u00e1!.<\/p>\n<p>Hagamos juntos un momento de silencio, miremos al Se\u00f1or, \u00e9l puede comprendernos porque pas\u00f3 por todas estas cosas. Y miremos a nuestra Madre y como el chico que est\u00e1 abajo agarr\u00e9monos de la pollera y con el coraz\u00f3n dig\u00e1mosle \u201cMadre\u201d. En silencio hagamos esta oraci\u00f3n, cada uno d\u00edgale lo que siente\u2026<\/p>\n<p>No estamos solos, tenemos una madre, tenemos a Jes\u00fas nuestro hermano mayor. No estamos solos. Y tambi\u00e9n tenemos muchos hermanos que, en el momento de cat\u00e1strofe, vinieron a ayudarnos. Y tambi\u00e9n nosotros nos sentimos m\u00e1s hermanos ayud\u00e1ndonos, que nos hemos ayudado unos a otros.<\/p>\n<p>Esto es lo \u00fanico que me sale decirles. Perd\u00f3nenme si no tengo otras palabras. Pero tengan la seguridad de que Jes\u00fas no defrauda; tengan la seguridad que el amor y la ternura de nuestra madre no defrauda. Y agarrados a ella como hijos y con la fuerza que nos da Jes\u00fas nuestro hermano sigamos adelante. Y como hermanos caminemos.<\/p>\n<p>Despu\u00e9s de la comuni\u00f3n, en la ma\u00f1ana del s\u00e1bado 17 de enero, el Sucesor de Pedro rez\u00f3 en voz alta:<\/p>\n<p>Acabamos de celebrar la pasi\u00f3n, la muerte y la resurrecci\u00f3n de Cristo. Jes\u00fas nos precedi\u00f3 en este camino y nos acompa\u00f1a en cada momento que nos reunimos a orar y celebrar. Gracias Se\u00f1or por estar hoy con nosotros. Gracias Se\u00f1or por compartir nuestros dolores. Gracias Se\u00f1or por darnos esperanza. Gracias Se\u00f1or por tu gran misericordia. Gracias Se\u00f1or porque quisiste ser como uno de nosotros. Gracias Se\u00f1or porque siempre estas cercano a nosotros, a\u00fan en los momentos de cruz. Gracias Se\u00f1or por darnos la esperanza. Se\u00f1or \u00a1que no nos roben la esperanza! Gracias Se\u00f1or porque en el momento m\u00e1s oscuro de tu vida, en la cruz, te acordaste de nosotros y nos dejaste una madre, tu madre. Gracias Se\u00f1or por no dejarnos hu\u00e9rfanos&#8221;.<\/p>\n<p>Fuente: www.news.va<\/p>\n<p>&nbsp;<\/p>\n<!-- AddThis Advanced Settings generic via filter on the_content --><!-- AddThis Share Buttons generic via filter on the_content -->","protected":false},"excerpt":{"rendered":"<p>En Ciudad Tacloban, Isla de Leyte, lugar m\u00e1s azotado por el \u00faltimo tif\u00f3n, el Obispo de Roma dijo en una homil\u00eda improvisada, bajo el viento [&hellip;]<!-- AddThis Advanced Settings generic via filter on get_the_excerpt --><!-- AddThis Share Buttons generic via filter on get_the_excerpt --><\/p>\n","protected":false},"author":2,"featured_media":8278,"comment_status":"open","ping_status":"open","sticky":false,"template":"","format":"standard","meta":{"footnotes":""},"categories":[161],"tags":[],"class_list":["post-8277","post","type-post","status-publish","format-standard","has-post-thumbnail","hentry","category-el-papa-leonxiv"],"_links":{"self":[{"href":"https:\/\/obispadodezaratecampana.org\/index.php?rest_route=\/wp\/v2\/posts\/8277","targetHints":{"allow":["GET"]}}],"collection":[{"href":"https:\/\/obispadodezaratecampana.org\/index.php?rest_route=\/wp\/v2\/posts"}],"about":[{"href":"https:\/\/obispadodezaratecampana.org\/index.php?rest_route=\/wp\/v2\/types\/post"}],"author":[{"embeddable":true,"href":"https:\/\/obispadodezaratecampana.org\/index.php?rest_route=\/wp\/v2\/users\/2"}],"replies":[{"embeddable":true,"href":"https:\/\/obispadodezaratecampana.org\/index.php?rest_route=%2Fwp%2Fv2%2Fcomments&post=8277"}],"version-history":[{"count":1,"href":"https:\/\/obispadodezaratecampana.org\/index.php?rest_route=\/wp\/v2\/posts\/8277\/revisions"}],"predecessor-version":[{"id":8279,"href":"https:\/\/obispadodezaratecampana.org\/index.php?rest_route=\/wp\/v2\/posts\/8277\/revisions\/8279"}],"wp:featuredmedia":[{"embeddable":true,"href":"https:\/\/obispadodezaratecampana.org\/index.php?rest_route=\/wp\/v2\/media\/8278"}],"wp:attachment":[{"href":"https:\/\/obispadodezaratecampana.org\/index.php?rest_route=%2Fwp%2Fv2%2Fmedia&parent=8277"}],"wp:term":[{"taxonomy":"category","embeddable":true,"href":"https:\/\/obispadodezaratecampana.org\/index.php?rest_route=%2Fwp%2Fv2%2Fcategories&post=8277"},{"taxonomy":"post_tag","embeddable":true,"href":"https:\/\/obispadodezaratecampana.org\/index.php?rest_route=%2Fwp%2Fv2%2Ftags&post=8277"}],"curies":[{"name":"wp","href":"https:\/\/api.w.org\/{rel}","templated":true}]}}