{"id":8268,"date":"2015-01-14T20:43:03","date_gmt":"2015-01-14T23:43:03","guid":{"rendered":"http:\/\/obispadodezaratecampana.org\/?p=8268"},"modified":"2015-01-14T20:43:03","modified_gmt":"2015-01-14T23:43:03","slug":"ss-francisco-fiesta-del-bautismo-del-senor","status":"publish","type":"post","link":"https:\/\/obispadodezaratecampana.org\/?p=8268","title":{"rendered":"SS Francisco: Fiesta del Bautismo del Se\u00f1or"},"content":{"rendered":"<p>Homil\u00eda del Papa Francisco en la Fiesta del Bautismo del Se\u00f1or &#8211; domingo 11 de enero 2015-, Capilla Sixtina, Domingo 11 de enero de 2015.<\/p>\n<p>Hemos escuchado en la primera lectura que el Se\u00f1or se preocupa de sus hijos como un padre: se preocupa de dar a sus hijos un alimento sustancioso. Mediante el profeta Dios dice: \u00ab\u00bfPor qu\u00e9 gastan dinero en lo que no es pan, y su salario en lo que no sacia?\u00bb (Is 55,2). Dios, como un buen pap\u00e1 y una buena mam\u00e1, quiere dar cosas buenas a sus hijos. Y \u00bfqu\u00e9 cosa es este alimento sustancioso que Dios nos da? Es su Palabra: su Palabra nos hace crecer, nos hace producir buenos frutos en la vida, como la lluvia y la nieve hacen bien a la tierra y la hacen fecunda (cfr. Is 55,10-11). As\u00ed ustedes padres, y tambi\u00e9n ustedes, padrinos y madrinas, abuelos, t\u00edos, ayudaran a estos ni\u00f1os a crecer bien si dar\u00e1n a ellos la Palabra de Dios, el Evangelio de Jes\u00fas. \u00a1Y tambi\u00e9n lo har\u00e1n con el ejemplo! Todos los d\u00edas, tendr\u00e1n la costumbre de leer un pasaje del Evangelio, peque\u00f1ito, y ser\u00e1 el ejemplo para los hijos, ver a pap\u00e1, a mam\u00e1, a los padrinos, abuelos, abuelas, t\u00edos, leer la palabra de Dios.<\/p>\n<p>Ustedes mam\u00e1s den a sus hijos la leche \u2013 incluso ahora, si lloran por hambre amam\u00e1ntenlos, \u00bfeh? Tranquilas. Agradezcamos al Se\u00f1or por el don de la leche, y oremos por estas mam\u00e1s \u2013 son muchas, lamentablemente \u2013 que no est\u00e1n en condiciones de dar de comer a sus hijos. Oremos y tratemos de ayudar a estas mam\u00e1s. Entonces, lo que hace la leche por el cuerpo, la Palabra de Dios lo hace por el esp\u00edritu: la Palabra de Dios hace crecer la fe. Y gracias a la fe nosotros somos generados de Dios. Es esto lo que sucede en el Bautismo. Hemos escuchado al ap\u00f3stol Juan: \u00abTodo aquel que cree que Jes\u00fas es el Cristo, es nacido de Dios\u00bb (1 Jn 5,1). En esta fe sus ni\u00f1os son bautizados. Hoy es su fe, queridos padres, padrinos y madrinas. Es la fe de la Iglesia, en la cual estos peque\u00f1os reciben el bautismo. Pero ma\u00f1ana, con la gracia de Dios, ser\u00e1 su propia fe, su personal \u201cs\u00ed\u201d a Jesucristo, que nos dona el amor del Padre.<\/p>\n<p>Dec\u00eda: es la fe de la Iglesia. Esto es muy importante. El Bautismo nos incorpora en el cuerpo de la Iglesia, en el pueblo santo de Dios. Y en este cuerpo, en este pueblo en camino, la fe viene transmitida de generaci\u00f3n en generaci\u00f3n: es la fe de la Iglesia. Es la fe de Mar\u00eda, nuestra Madre, la fe de san Jos\u00e9, de san Pedro, de san Andr\u00e9s, de san Juan, la fe de los Ap\u00f3stoles y de los M\u00e1rtires, que ha llegado hasta nosotros, a trav\u00e9s del bautismo. \u00a1Una cadena de transmisi\u00f3n de fe! \u00a1Y esto es muy bello! Es pasar de mano en mano la luz de la fe: lo expresaremos dentro de poco con el gesto de encender las velas del gran cirio pascual. El gran cirio representa Cristo resucitado, vivo en medio a nosotros. Ustedes, familias, tomen de \u00c9l la luz de la fe para transmitirla a sus hijos. Esta luz la toman en la Iglesia, en el cuerpo de Cristo, en el pueblo de Dios que camina en todo tiempo y en todo lugar.<\/p>\n<p>Ense\u00f1en a sus hijos que no se puede ser cristianos fuera de la Iglesia, no se puede seguir a Jesucristo sin la Iglesia, porque la Iglesia es madre y nos hace crecer en el amor a Jesucristo.<\/p>\n<p>Un \u00faltimo aspecto emerge con fuerza de las Lecturas b\u00edblicas de hoy: en el Bautismo somos consagrados por el Esp\u00edritu Santo. La palabra \u201ccristiano\u201d significa esto, significa consagrado como Jes\u00fas, en el Esp\u00edritu con el cual ha sido consagrado Jes\u00fas en toda su existencia terrena. \u00c9l es el \u201cCristo\u201d, ungido, consagrado, los bautizados somos \u201ccristianos\u201d, es decir, consagrados, ungidos. Entonces, queridos padres, queridos padrinos y madrinas, si quieren que sus hijos se hagan verdaderos cristianos, ay\u00fadenlos a crecer \u201cconsagrados\u201d en el Esp\u00edritu Santo, es decir, en el calor del amor de Dios, en la luz de su Palabra. Por esto, no se olviden de invocar siempre al Esp\u00edritu Santo, todos los d\u00edas. \u201c\u00bfElla reza se\u00f1ora? \u00a1S\u00ed! \u00bfA qui\u00e9n le reza? Yo le rezo a Dios\u201d. Pero Dios as\u00ed no existe: Dios es la persona y en cuanto persona existe el Padre, el Hijo y el Esp\u00edritu Santo. \u201c\u00bfT\u00fa, a qui\u00e9n le rezas? Al Padre, al Hijo y al Esp\u00edritu Santo\u201d. Habitualmente nosotros rezamos el \u201cPadre Nuestro\u201d, rezamos al Padre. Pero al Esp\u00edritu Santo no le rezamos tanto\u2026\u00a1Es tan importante rezarle al Esp\u00edritu Santo! Porque nos ense\u00f1a a llevar adelante la familia, los ni\u00f1os, para que estos ni\u00f1os crezcan en esta atm\u00f3sfera de la Trinidad Santa. Es precisamente el Esp\u00edritu que los lleva adelante. Por esto, no se olviden de invocar con frecuencia al Esp\u00edritu Santo, todos los d\u00edas.<\/p>\n<p>Pueden hacerlo, por ejemplo, con esta sencilla oraci\u00f3n: \u201cVen, Santo Esp\u00edritu, llena los corazones de tus fieles y enciende en ellos el fuego de tu amor\u201d. Pueden rezar esta oraci\u00f3n por sus hijos, \u00a1adem\u00e1s que por ustedes mismos!<\/p>\n<p>Cuando recen esta oraci\u00f3n, sientan la presencia materna de la Virgen Mar\u00eda. Ella nos ense\u00f1a a rezar al Esp\u00edritu Santo, y a vivir seg\u00fan el Esp\u00edritu, como Jes\u00fas. La Virgen, nuestra madre, acompa\u00f1e siempre el camino de sus hijos y de sus familias. As\u00ed sea.<\/p>\n<!-- AddThis Advanced Settings generic via filter on the_content --><!-- AddThis Share Buttons generic via filter on the_content -->","protected":false},"excerpt":{"rendered":"<p>Homil\u00eda del Papa Francisco en la Fiesta del Bautismo del Se\u00f1or &#8211; domingo 11 de enero 2015-, Capilla Sixtina, Domingo 11 de enero de 2015. [&hellip;]<!-- AddThis Advanced Settings generic via filter on get_the_excerpt --><!-- AddThis Share Buttons generic via filter on get_the_excerpt --><\/p>\n","protected":false},"author":2,"featured_media":8270,"comment_status":"open","ping_status":"open","sticky":false,"template":"","format":"standard","meta":{"footnotes":""},"categories":[161],"tags":[],"class_list":["post-8268","post","type-post","status-publish","format-standard","has-post-thumbnail","hentry","category-el-papa-leonxiv"],"_links":{"self":[{"href":"https:\/\/obispadodezaratecampana.org\/index.php?rest_route=\/wp\/v2\/posts\/8268","targetHints":{"allow":["GET"]}}],"collection":[{"href":"https:\/\/obispadodezaratecampana.org\/index.php?rest_route=\/wp\/v2\/posts"}],"about":[{"href":"https:\/\/obispadodezaratecampana.org\/index.php?rest_route=\/wp\/v2\/types\/post"}],"author":[{"embeddable":true,"href":"https:\/\/obispadodezaratecampana.org\/index.php?rest_route=\/wp\/v2\/users\/2"}],"replies":[{"embeddable":true,"href":"https:\/\/obispadodezaratecampana.org\/index.php?rest_route=%2Fwp%2Fv2%2Fcomments&post=8268"}],"version-history":[{"count":1,"href":"https:\/\/obispadodezaratecampana.org\/index.php?rest_route=\/wp\/v2\/posts\/8268\/revisions"}],"predecessor-version":[{"id":8271,"href":"https:\/\/obispadodezaratecampana.org\/index.php?rest_route=\/wp\/v2\/posts\/8268\/revisions\/8271"}],"wp:featuredmedia":[{"embeddable":true,"href":"https:\/\/obispadodezaratecampana.org\/index.php?rest_route=\/wp\/v2\/media\/8270"}],"wp:attachment":[{"href":"https:\/\/obispadodezaratecampana.org\/index.php?rest_route=%2Fwp%2Fv2%2Fmedia&parent=8268"}],"wp:term":[{"taxonomy":"category","embeddable":true,"href":"https:\/\/obispadodezaratecampana.org\/index.php?rest_route=%2Fwp%2Fv2%2Fcategories&post=8268"},{"taxonomy":"post_tag","embeddable":true,"href":"https:\/\/obispadodezaratecampana.org\/index.php?rest_route=%2Fwp%2Fv2%2Ftags&post=8268"}],"curies":[{"name":"wp","href":"https:\/\/api.w.org\/{rel}","templated":true}]}}